{"id":4662,"date":"2022-06-29T19:27:02","date_gmt":"2022-06-29T22:27:02","guid":{"rendered":"https:\/\/tribunadapraia.com.br\/?p=4662"},"modified":"2022-06-29T19:27:43","modified_gmt":"2022-06-29T22:27:43","slug":"procurador-regional-eleitoral-emite-parecer-pela-cassacao-do-prefeito-e-vice-de-propria","status":"publish","type":"post","link":"https:\/\/tribunadapraia.com.br\/?p=4662","title":{"rendered":"PROCURADOR REGIONAL ELEITORAL EMITE PARECER PELA CASSA\u00c7\u00c3O DO PREFEITO E VICE DE PROPRI\u00c1"},"content":{"rendered":"<p>Parecer exarado no \u00faltimo 23\/06, assinado pelo Procurador Regional Eleitoral do Tribunal Regional Eleitoral do Estado de Sergipe, referente ao Processo n\u00ba 06009396820206250019, confirma a cassa\u00e7\u00e3o dos mandatos eletivos do prefeito e do vice prefeito de Propri\u00e1, Dr Valberto e Rafael Sandes, respectivamente.<\/p>\n<p>Este processo foi movido dias ap\u00f3s as elei\u00e7\u00f5es municipais de 2020 pelo ent\u00e3o candidato Luciano Nascimento em face do prefeito eleito, Dr Valberto, seu filho, Lu\u00e3 Vieira e sua esposa Karine Feitosa e o vice prefeito Rafael Sandes.<\/p>\n<p>Ainda no 1\u00b0 grau, o Juiz Eleitoral julgou pela proced\u00eancia da den\u00fancia e cassou os mandatos do prefeito e vice e tornou ineleg\u00edveis os quatro acusados denunciados por abuso de poder econ\u00f4mico e pol\u00edtico.<\/p>\n<p>Ap\u00f3s os condenados recorrerem ao TRE, no \u00faltimo dia 23, v\u00e9spera de S\u00e3o Jo\u00e3o, o Minist\u00e9rio P\u00fablico Eleitoral representado pelo Procurador Regional Eleitoral Leonardo Cervino Martinelli, emitiu Parecer pela cassa\u00e7\u00e3o do prefeito Dr Valberto e seu vice Rafael Sandes, al\u00e9m de multa nos valores de 40 mil reais e 20 mil reais, respectivamente.<\/p>\n<p>Diante disto, o processo deve ser levado ao Plen\u00e1rio do TRE e ser julgado muito antes do que o esperado.<\/p>\n<p>Havendo o julgamento condenat\u00f3rio pela maioria dos integrantes da Corte Eleitoral Regional, ambos os condenados ser\u00e3o afastados dos cargos imediatamente, o presidente da C\u00e2mara de Vereadores assume interinamente e ser\u00e1 realizada nova elei\u00e7\u00e3o para os cargos de prefeito e vice. Mesmo que os poss\u00edveis condenados recorram ao TSE, n\u00e3o contar\u00e3o com o efeito suspensivo do Recurso e por terem sido julgados por \u00f3rg\u00e3o colegiado, dever\u00e3o deixar os mandatos.<br \/>\n(&#8230;)<\/p>\n<ul>\n<li><span style=\"color: #ff6600;\">Por Andr\u00e9 Fontes<\/span><\/li>\n<\/ul>\n<p>Fonte: A Voz do S\u00e3o Francisco &#8211; Apud: Tribuna do Velho Chico<\/p>\n","protected":false},"excerpt":{"rendered":"<p>Parecer exarado no \u00faltimo 23\/06, assinado pelo Procurador Regional Eleitoral do Tribunal Regional Eleitoral do Estado de Sergipe, referente ao Processo n\u00ba 06009396820206250019, confirma a cassa\u00e7\u00e3o dos mandatos eletivos do prefeito e do vice prefeito de Propri\u00e1, Dr Valberto e Rafael Sandes, respectivamente. Este processo foi movido dias ap\u00f3s as elei\u00e7\u00f5es municipais de 2020 pelo ent\u00e3o candidato Luciano Nascimento em face do prefeito eleito, Dr Valberto, seu filho, Lu\u00e3 Vieira<\/p>\n","protected":false},"author":1,"featured_media":4663,"comment_status":"open","ping_status":"open","sticky":false,"template":"","format":"standard","meta":[],"categories":[18],"tags":[],"yoast_head":"<!-- This site is optimized with the Yoast SEO plugin v16.3 - https:\/\/yoast.com\/wordpress\/plugins\/seo\/ -->\n<title>PROCURADOR REGIONAL ELEITORAL EMITE PARECER PELA CASSA\u00c7\u00c3O DO PREFEITO E VICE DE PROPRI\u00c1 - TRIBUNA DA PRAIA<\/title>\n<meta name=\"robots\" content=\"index, follow, max-snippet:-1, max-image-preview:large, max-video-preview:-1\" \/>\n<link rel=\"canonical\" href=\"https:\/\/tribunadapraia.com.br\/?p=4662\" \/>\n<meta property=\"og:locale\" content=\"pt_BR\" \/>\n<meta property=\"og:type\" content=\"article\" \/>\n<meta property=\"og:title\" content=\"PROCURADOR REGIONAL ELEITORAL EMITE PARECER PELA CASSA\u00c7\u00c3O DO PREFEITO E VICE DE PROPRI\u00c1 - TRIBUNA DA PRAIA\" \/>\n<meta property=\"og:description\" content=\"Parecer exarado no \u00faltimo 23\/06, assinado pelo Procurador Regional Eleitoral do Tribunal Regional Eleitoral do Estado de Sergipe, referente ao Processo n\u00ba 06009396820206250019, confirma a cassa\u00e7\u00e3o dos mandatos eletivos do prefeito e do vice prefeito de Propri\u00e1, Dr Valberto e Rafael Sandes, respectivamente. Este processo foi movido dias ap\u00f3s as elei\u00e7\u00f5es municipais de 2020 pelo ent\u00e3o candidato Luciano Nascimento em face do prefeito eleito, Dr Valberto, seu filho, Lu\u00e3 Vieira\" \/>\n<meta property=\"og:url\" content=\"https:\/\/tribunadapraia.com.br\/?p=4662\" \/>\n<meta property=\"og:site_name\" content=\"TRIBUNA DA PRAIA\" \/>\n<meta property=\"article:publisher\" content=\"https:\/\/www.facebook.com\/tribunadapraiaonline\/\" \/>\n<meta property=\"article:published_time\" content=\"2022-06-29T22:27:02+00:00\" \/>\n<meta property=\"article:modified_time\" content=\"2022-06-29T22:27:43+00:00\" \/>\n<meta property=\"og:image\" content=\"https:\/\/tribunadapraia.com.br\/wp-content\/uploads\/2022\/06\/Rafael-e-Valberto1.jpg\" \/>\n\t<meta property=\"og:image:width\" content=\"834\" \/>\n\t<meta property=\"og:image:height\" content=\"706\" \/>\n<meta name=\"twitter:card\" content=\"summary_large_image\" \/>\n<meta name=\"twitter:creator\" content=\"@Claudomir21\" \/>\n<meta name=\"twitter:site\" content=\"@Claudomir21\" \/>\n<meta name=\"twitter:label1\" content=\"Est. tempo de leitura\">\n\t<meta name=\"twitter:data1\" content=\"2 minutos\">\n<script type=\"application\/ld+json\" class=\"yoast-schema-graph\">{\"@context\":\"https:\/\/schema.org\",\"@graph\":[{\"@type\":\"Organization\",\"@id\":\"https:\/\/tribunadapraia.com.br\/#organization\",\"name\":\"Tribuna da Praia\",\"url\":\"https:\/\/tribunadapraia.com.br\/\",\"sameAs\":[\"https:\/\/www.facebook.com\/tribunadapraiaonline\/\",\"https:\/\/www.instagram.com\/claudomirtavares\/\",\"https:\/\/www.youtube.com\/channel\/UCwQf80nxiMzCefAyjbp53Rw\",\"https:\/\/twitter.com\/Claudomir21\"],\"logo\":{\"@type\":\"ImageObject\",\"@id\":\"https:\/\/tribunadapraia.com.br\/#logo\",\"inLanguage\":\"pt-BR\",\"url\":\"https:\/\/tribunadapraia.com.br\/wp-content\/uploads\/2020\/02\/logo.png\",\"contentUrl\":\"https:\/\/tribunadapraia.com.br\/wp-content\/uploads\/2020\/02\/logo.png\",\"width\":501,\"height\":121,\"caption\":\"Tribuna da Praia\"},\"image\":{\"@id\":\"https:\/\/tribunadapraia.com.br\/#logo\"}},{\"@type\":\"WebSite\",\"@id\":\"https:\/\/tribunadapraia.com.br\/#website\",\"url\":\"https:\/\/tribunadapraia.com.br\/\",\"name\":\"TRIBUNA DA PRAIA\",\"description\":\"O 1\\u00ba jornal do interior de Sergipe na internet\",\"publisher\":{\"@id\":\"https:\/\/tribunadapraia.com.br\/#organization\"},\"potentialAction\":[{\"@type\":\"SearchAction\",\"target\":\"https:\/\/tribunadapraia.com.br\/?s={search_term_string}\",\"query-input\":\"required name=search_term_string\"}],\"inLanguage\":\"pt-BR\"},{\"@type\":\"ImageObject\",\"@id\":\"https:\/\/tribunadapraia.com.br\/?p=4662#primaryimage\",\"inLanguage\":\"pt-BR\",\"url\":\"https:\/\/tribunadapraia.com.br\/wp-content\/uploads\/2022\/06\/Rafael-e-Valberto1.jpg\",\"contentUrl\":\"https:\/\/tribunadapraia.com.br\/wp-content\/uploads\/2022\/06\/Rafael-e-Valberto1.jpg\",\"width\":834,\"height\":706},{\"@type\":\"WebPage\",\"@id\":\"https:\/\/tribunadapraia.com.br\/?p=4662#webpage\",\"url\":\"https:\/\/tribunadapraia.com.br\/?p=4662\",\"name\":\"PROCURADOR REGIONAL ELEITORAL EMITE PARECER PELA CASSA\\u00c7\\u00c3O DO PREFEITO E VICE DE PROPRI\\u00c1 - TRIBUNA DA PRAIA\",\"isPartOf\":{\"@id\":\"https:\/\/tribunadapraia.com.br\/#website\"},\"primaryImageOfPage\":{\"@id\":\"https:\/\/tribunadapraia.com.br\/?p=4662#primaryimage\"},\"datePublished\":\"2022-06-29T22:27:02+00:00\",\"dateModified\":\"2022-06-29T22:27:43+00:00\",\"breadcrumb\":{\"@id\":\"https:\/\/tribunadapraia.com.br\/?p=4662#breadcrumb\"},\"inLanguage\":\"pt-BR\",\"potentialAction\":[{\"@type\":\"ReadAction\",\"target\":[\"https:\/\/tribunadapraia.com.br\/?p=4662\"]}]},{\"@type\":\"BreadcrumbList\",\"@id\":\"https:\/\/tribunadapraia.com.br\/?p=4662#breadcrumb\",\"itemListElement\":[{\"@type\":\"ListItem\",\"position\":1,\"item\":{\"@type\":\"WebPage\",\"@id\":\"https:\/\/tribunadapraia.com.br\/\",\"url\":\"https:\/\/tribunadapraia.com.br\/\",\"name\":\"In\\u00edcio\"}},{\"@type\":\"ListItem\",\"position\":2,\"item\":{\"@id\":\"https:\/\/tribunadapraia.com.br\/?p=4662#webpage\"}}]},{\"@type\":\"Article\",\"@id\":\"https:\/\/tribunadapraia.com.br\/?p=4662#article\",\"isPartOf\":{\"@id\":\"https:\/\/tribunadapraia.com.br\/?p=4662#webpage\"},\"author\":{\"@id\":\"https:\/\/tribunadapraia.com.br\/#\/schema\/person\/326b0a9f3163b479142c64eba4928de0\"},\"headline\":\"PROCURADOR REGIONAL ELEITORAL EMITE PARECER PELA CASSA\\u00c7\\u00c3O DO PREFEITO E VICE DE PROPRI\\u00c1\",\"datePublished\":\"2022-06-29T22:27:02+00:00\",\"dateModified\":\"2022-06-29T22:27:43+00:00\",\"mainEntityOfPage\":{\"@id\":\"https:\/\/tribunadapraia.com.br\/?p=4662#webpage\"},\"wordCount\":306,\"commentCount\":0,\"publisher\":{\"@id\":\"https:\/\/tribunadapraia.com.br\/#organization\"},\"image\":{\"@id\":\"https:\/\/tribunadapraia.com.br\/?p=4662#primaryimage\"},\"thumbnailUrl\":\"https:\/\/tribunadapraia.com.br\/wp-content\/uploads\/2022\/06\/Rafael-e-Valberto1.jpg\",\"articleSection\":[\"Not\\u00edcias\"],\"inLanguage\":\"pt-BR\",\"potentialAction\":[{\"@type\":\"CommentAction\",\"name\":\"Comment\",\"target\":[\"https:\/\/tribunadapraia.com.br\/?p=4662#respond\"]}]},{\"@type\":\"Person\",\"@id\":\"https:\/\/tribunadapraia.com.br\/#\/schema\/person\/326b0a9f3163b479142c64eba4928de0\",\"name\":\"tribunadapraia\",\"image\":{\"@type\":\"ImageObject\",\"@id\":\"https:\/\/tribunadapraia.com.br\/#personlogo\",\"inLanguage\":\"pt-BR\",\"url\":\"https:\/\/secure.gravatar.com\/avatar\/38b019c74762496076b7355024a0dad9?s=96&d=identicon&r=g\",\"contentUrl\":\"https:\/\/secure.gravatar.com\/avatar\/38b019c74762496076b7355024a0dad9?s=96&d=identicon&r=g\",\"caption\":\"tribunadapraia\"}}]}<\/script>\n<!-- \/ Yoast SEO plugin. -->","wps_subtitle":"","_links":{"self":[{"href":"https:\/\/tribunadapraia.com.br\/index.php?rest_route=\/wp\/v2\/posts\/4662"}],"collection":[{"href":"https:\/\/tribunadapraia.com.br\/index.php?rest_route=\/wp\/v2\/posts"}],"about":[{"href":"https:\/\/tribunadapraia.com.br\/index.php?rest_route=\/wp\/v2\/types\/post"}],"author":[{"embeddable":true,"href":"https:\/\/tribunadapraia.com.br\/index.php?rest_route=\/wp\/v2\/users\/1"}],"replies":[{"embeddable":true,"href":"https:\/\/tribunadapraia.com.br\/index.php?rest_route=%2Fwp%2Fv2%2Fcomments&post=4662"}],"version-history":[{"count":1,"href":"https:\/\/tribunadapraia.com.br\/index.php?rest_route=\/wp\/v2\/posts\/4662\/revisions"}],"predecessor-version":[{"id":4664,"href":"https:\/\/tribunadapraia.com.br\/index.php?rest_route=\/wp\/v2\/posts\/4662\/revisions\/4664"}],"wp:featuredmedia":[{"embeddable":true,"href":"https:\/\/tribunadapraia.com.br\/index.php?rest_route=\/wp\/v2\/media\/4663"}],"wp:attachment":[{"href":"https:\/\/tribunadapraia.com.br\/index.php?rest_route=%2Fwp%2Fv2%2Fmedia&parent=4662"}],"wp:term":[{"taxonomy":"category","embeddable":true,"href":"https:\/\/tribunadapraia.com.br\/index.php?rest_route=%2Fwp%2Fv2%2Fcategories&post=4662"},{"taxonomy":"post_tag","embeddable":true,"href":"https:\/\/tribunadapraia.com.br\/index.php?rest_route=%2Fwp%2Fv2%2Ftags&post=4662"}],"curies":[{"name":"wp","href":"https:\/\/api.w.org\/{rel}","templated":true}]}}