{"id":4648,"date":"2022-06-22T21:41:21","date_gmt":"2022-06-23T00:41:21","guid":{"rendered":"https:\/\/tribunadapraia.com.br\/?p=4648"},"modified":"2022-06-22T21:41:21","modified_gmt":"2022-06-23T00:41:21","slug":"orlando-melo-cre-na-eleicao-de-um-representante-do-baixo-sao-francisco","status":"publish","type":"post","link":"https:\/\/tribunadapraia.com.br\/?p=4648","title":{"rendered":"Orlando Melo cr\u00ea na elei\u00e7\u00e3o de um representante do Baixo S\u00e3o Francisco"},"content":{"rendered":"<p>De calculadora nas m\u00e3os e com os progn\u00f3sticos eleitorais de seu partido, estabelecendo compara\u00e7\u00f5es e rela\u00e7\u00f5es com outras for\u00e7as pol\u00edticas, o pr\u00e9-candidato a deputado estadual Orlando Melo, o Orlando do T\u00eanis (PSB) cr\u00ea piamente na elei\u00e7\u00e3o de um representante do Baixo S\u00e3o Francisco para a Assembleia Legislativa de Sergipe. Dentro das vari\u00e1veis acima caber\u00e1 a ele ocup\u00e1-la, valendo-se principalmente dos votos dos ribeirinhos de Propri\u00e1 e cidades vizinhas.<\/p>\n<p><em>&#8220;Eu tenho f\u00e9 neste povo, que vai pr\u00e1 rua lutar, que n\u00e3o perde a esperan\u00e7a e faz Sertipe mudar&#8221;<\/em><\/p>\n<ul>\n<li><span style=\"color: #ff6600;\">Por ClaudOmir Herzog | Foto: Divulga\u00e7\u00e3o<\/span><\/li>\n<\/ul>\n","protected":false},"excerpt":{"rendered":"<p>De calculadora nas m\u00e3os e com os progn\u00f3sticos eleitorais de seu partido, estabelecendo compara\u00e7\u00f5es e rela\u00e7\u00f5es com outras for\u00e7as pol\u00edticas, o pr\u00e9-candidato a deputado estadual Orlando Melo, o Orlando do T\u00eanis (PSB) cr\u00ea piamente na elei\u00e7\u00e3o de um representante do Baixo S\u00e3o Francisco para a Assembleia Legislativa de Sergipe. Dentro das vari\u00e1veis acima caber\u00e1 a ele ocup\u00e1-la, valendo-se principalmente dos votos dos ribeirinhos de Propri\u00e1 e cidades vizinhas. &#8220;Eu tenho<\/p>\n","protected":false},"author":3,"featured_media":4649,"comment_status":"open","ping_status":"open","sticky":false,"template":"","format":"standard","meta":[],"categories":[18],"tags":[],"yoast_head":"<!-- This site is optimized with the Yoast SEO plugin v16.3 - https:\/\/yoast.com\/wordpress\/plugins\/seo\/ -->\n<title>Orlando Melo cr\u00ea na elei\u00e7\u00e3o de um representante do Baixo S\u00e3o Francisco - TRIBUNA DA PRAIA<\/title>\n<meta name=\"robots\" content=\"index, follow, max-snippet:-1, max-image-preview:large, max-video-preview:-1\" \/>\n<link rel=\"canonical\" href=\"https:\/\/tribunadapraia.com.br\/?p=4648\" \/>\n<meta property=\"og:locale\" content=\"pt_BR\" \/>\n<meta property=\"og:type\" content=\"article\" \/>\n<meta property=\"og:title\" content=\"Orlando Melo cr\u00ea na elei\u00e7\u00e3o de um representante do Baixo S\u00e3o Francisco - TRIBUNA DA PRAIA\" \/>\n<meta property=\"og:description\" content=\"De calculadora nas m\u00e3os e com os progn\u00f3sticos eleitorais de seu partido, estabelecendo compara\u00e7\u00f5es e rela\u00e7\u00f5es com outras for\u00e7as pol\u00edticas, o pr\u00e9-candidato a deputado estadual Orlando Melo, o Orlando do T\u00eanis (PSB) cr\u00ea piamente na elei\u00e7\u00e3o de um representante do Baixo S\u00e3o Francisco para a Assembleia Legislativa de Sergipe. Dentro das vari\u00e1veis acima caber\u00e1 a ele ocup\u00e1-la, valendo-se principalmente dos votos dos ribeirinhos de Propri\u00e1 e cidades vizinhas. &#8220;Eu tenho\" \/>\n<meta property=\"og:url\" content=\"https:\/\/tribunadapraia.com.br\/?p=4648\" \/>\n<meta property=\"og:site_name\" content=\"TRIBUNA DA PRAIA\" \/>\n<meta property=\"article:publisher\" content=\"https:\/\/www.facebook.com\/tribunadapraiaonline\/\" \/>\n<meta property=\"article:published_time\" content=\"2022-06-23T00:41:21+00:00\" \/>\n<meta property=\"og:image\" content=\"https:\/\/tribunadapraia.com.br\/wp-content\/uploads\/2022\/06\/Orlando_Tenis.jpg\" \/>\n\t<meta property=\"og:image:width\" content=\"225\" \/>\n\t<meta property=\"og:image:height\" content=\"201\" \/>\n<meta name=\"twitter:card\" content=\"summary_large_image\" \/>\n<meta name=\"twitter:creator\" content=\"@Claudomir21\" \/>\n<meta name=\"twitter:site\" content=\"@Claudomir21\" \/>\n<meta name=\"twitter:label1\" content=\"Est. tempo de leitura\">\n\t<meta name=\"twitter:data1\" content=\"1 minuto\">\n<script type=\"application\/ld+json\" class=\"yoast-schema-graph\">{\"@context\":\"https:\/\/schema.org\",\"@graph\":[{\"@type\":\"Organization\",\"@id\":\"https:\/\/tribunadapraia.com.br\/#organization\",\"name\":\"Tribuna da Praia\",\"url\":\"https:\/\/tribunadapraia.com.br\/\",\"sameAs\":[\"https:\/\/www.facebook.com\/tribunadapraiaonline\/\",\"https:\/\/www.instagram.com\/claudomirtavares\/\",\"https:\/\/www.youtube.com\/channel\/UCwQf80nxiMzCefAyjbp53Rw\",\"https:\/\/twitter.com\/Claudomir21\"],\"logo\":{\"@type\":\"ImageObject\",\"@id\":\"https:\/\/tribunadapraia.com.br\/#logo\",\"inLanguage\":\"pt-BR\",\"url\":\"https:\/\/tribunadapraia.com.br\/wp-content\/uploads\/2020\/02\/logo.png\",\"contentUrl\":\"https:\/\/tribunadapraia.com.br\/wp-content\/uploads\/2020\/02\/logo.png\",\"width\":501,\"height\":121,\"caption\":\"Tribuna da Praia\"},\"image\":{\"@id\":\"https:\/\/tribunadapraia.com.br\/#logo\"}},{\"@type\":\"WebSite\",\"@id\":\"https:\/\/tribunadapraia.com.br\/#website\",\"url\":\"https:\/\/tribunadapraia.com.br\/\",\"name\":\"TRIBUNA DA PRAIA\",\"description\":\"O 1\\u00ba jornal do interior de Sergipe na internet\",\"publisher\":{\"@id\":\"https:\/\/tribunadapraia.com.br\/#organization\"},\"potentialAction\":[{\"@type\":\"SearchAction\",\"target\":\"https:\/\/tribunadapraia.com.br\/?s={search_term_string}\",\"query-input\":\"required name=search_term_string\"}],\"inLanguage\":\"pt-BR\"},{\"@type\":\"ImageObject\",\"@id\":\"https:\/\/tribunadapraia.com.br\/?p=4648#primaryimage\",\"inLanguage\":\"pt-BR\",\"url\":\"https:\/\/tribunadapraia.com.br\/wp-content\/uploads\/2022\/06\/Orlando_Tenis.jpg\",\"contentUrl\":\"https:\/\/tribunadapraia.com.br\/wp-content\/uploads\/2022\/06\/Orlando_Tenis.jpg\",\"width\":225,\"height\":201},{\"@type\":\"WebPage\",\"@id\":\"https:\/\/tribunadapraia.com.br\/?p=4648#webpage\",\"url\":\"https:\/\/tribunadapraia.com.br\/?p=4648\",\"name\":\"Orlando Melo cr\\u00ea na elei\\u00e7\\u00e3o de um representante do Baixo S\\u00e3o Francisco - TRIBUNA DA PRAIA\",\"isPartOf\":{\"@id\":\"https:\/\/tribunadapraia.com.br\/#website\"},\"primaryImageOfPage\":{\"@id\":\"https:\/\/tribunadapraia.com.br\/?p=4648#primaryimage\"},\"datePublished\":\"2022-06-23T00:41:21+00:00\",\"dateModified\":\"2022-06-23T00:41:21+00:00\",\"breadcrumb\":{\"@id\":\"https:\/\/tribunadapraia.com.br\/?p=4648#breadcrumb\"},\"inLanguage\":\"pt-BR\",\"potentialAction\":[{\"@type\":\"ReadAction\",\"target\":[\"https:\/\/tribunadapraia.com.br\/?p=4648\"]}]},{\"@type\":\"BreadcrumbList\",\"@id\":\"https:\/\/tribunadapraia.com.br\/?p=4648#breadcrumb\",\"itemListElement\":[{\"@type\":\"ListItem\",\"position\":1,\"item\":{\"@type\":\"WebPage\",\"@id\":\"https:\/\/tribunadapraia.com.br\/\",\"url\":\"https:\/\/tribunadapraia.com.br\/\",\"name\":\"In\\u00edcio\"}},{\"@type\":\"ListItem\",\"position\":2,\"item\":{\"@id\":\"https:\/\/tribunadapraia.com.br\/?p=4648#webpage\"}}]},{\"@type\":\"Article\",\"@id\":\"https:\/\/tribunadapraia.com.br\/?p=4648#article\",\"isPartOf\":{\"@id\":\"https:\/\/tribunadapraia.com.br\/?p=4648#webpage\"},\"author\":{\"@id\":\"https:\/\/tribunadapraia.com.br\/#\/schema\/person\/099fbbf59acc5895c0d7d52b4fc46c97\"},\"headline\":\"Orlando Melo cr\\u00ea na elei\\u00e7\\u00e3o de um representante do Baixo S\\u00e3o Francisco\",\"datePublished\":\"2022-06-23T00:41:21+00:00\",\"dateModified\":\"2022-06-23T00:41:21+00:00\",\"mainEntityOfPage\":{\"@id\":\"https:\/\/tribunadapraia.com.br\/?p=4648#webpage\"},\"wordCount\":121,\"commentCount\":0,\"publisher\":{\"@id\":\"https:\/\/tribunadapraia.com.br\/#organization\"},\"image\":{\"@id\":\"https:\/\/tribunadapraia.com.br\/?p=4648#primaryimage\"},\"thumbnailUrl\":\"https:\/\/tribunadapraia.com.br\/wp-content\/uploads\/2022\/06\/Orlando_Tenis.jpg\",\"articleSection\":[\"Not\\u00edcias\"],\"inLanguage\":\"pt-BR\",\"potentialAction\":[{\"@type\":\"CommentAction\",\"name\":\"Comment\",\"target\":[\"https:\/\/tribunadapraia.com.br\/?p=4648#respond\"]}]},{\"@type\":\"Person\",\"@id\":\"https:\/\/tribunadapraia.com.br\/#\/schema\/person\/099fbbf59acc5895c0d7d52b4fc46c97\",\"name\":\"Reda\\u00e7\\u00e3o\",\"image\":{\"@type\":\"ImageObject\",\"@id\":\"https:\/\/tribunadapraia.com.br\/#personlogo\",\"inLanguage\":\"pt-BR\",\"url\":\"https:\/\/secure.gravatar.com\/avatar\/91c8b91d2bfd7784eac5c3e055361f64?s=96&d=identicon&r=g\",\"contentUrl\":\"https:\/\/secure.gravatar.com\/avatar\/91c8b91d2bfd7784eac5c3e055361f64?s=96&d=identicon&r=g\",\"caption\":\"Reda\\u00e7\\u00e3o\"}}]}<\/script>\n<!-- \/ Yoast SEO plugin. -->","wps_subtitle":"","_links":{"self":[{"href":"https:\/\/tribunadapraia.com.br\/index.php?rest_route=\/wp\/v2\/posts\/4648"}],"collection":[{"href":"https:\/\/tribunadapraia.com.br\/index.php?rest_route=\/wp\/v2\/posts"}],"about":[{"href":"https:\/\/tribunadapraia.com.br\/index.php?rest_route=\/wp\/v2\/types\/post"}],"author":[{"embeddable":true,"href":"https:\/\/tribunadapraia.com.br\/index.php?rest_route=\/wp\/v2\/users\/3"}],"replies":[{"embeddable":true,"href":"https:\/\/tribunadapraia.com.br\/index.php?rest_route=%2Fwp%2Fv2%2Fcomments&post=4648"}],"version-history":[{"count":1,"href":"https:\/\/tribunadapraia.com.br\/index.php?rest_route=\/wp\/v2\/posts\/4648\/revisions"}],"predecessor-version":[{"id":4650,"href":"https:\/\/tribunadapraia.com.br\/index.php?rest_route=\/wp\/v2\/posts\/4648\/revisions\/4650"}],"wp:featuredmedia":[{"embeddable":true,"href":"https:\/\/tribunadapraia.com.br\/index.php?rest_route=\/wp\/v2\/media\/4649"}],"wp:attachment":[{"href":"https:\/\/tribunadapraia.com.br\/index.php?rest_route=%2Fwp%2Fv2%2Fmedia&parent=4648"}],"wp:term":[{"taxonomy":"category","embeddable":true,"href":"https:\/\/tribunadapraia.com.br\/index.php?rest_route=%2Fwp%2Fv2%2Fcategories&post=4648"},{"taxonomy":"post_tag","embeddable":true,"href":"https:\/\/tribunadapraia.com.br\/index.php?rest_route=%2Fwp%2Fv2%2Ftags&post=4648"}],"curies":[{"name":"wp","href":"https:\/\/api.w.org\/{rel}","templated":true}]}}