{"id":4641,"date":"2022-06-22T21:24:33","date_gmt":"2022-06-23T00:24:33","guid":{"rendered":"https:\/\/tribunadapraia.com.br\/?p=4641"},"modified":"2022-06-22T21:28:33","modified_gmt":"2022-06-23T00:28:33","slug":"em-propria-um-exemplo-de-descaso-com-o-esporte-sergipano","status":"publish","type":"post","link":"https:\/\/tribunadapraia.com.br\/?p=4641","title":{"rendered":"Em PROPRI\u00c1, um exemplo de descaso com o esporte sergipano"},"content":{"rendered":"<p>Inaugurado em 27 de setembro de 1986, h\u00e1 36 anos, o Est\u00e1dio Estadual Jo\u00e3o Alves Filho em Propri\u00e1, foi abandonado pelos governadores que superam o ent\u00e3o mandat\u00e1rio que o denomina, principalmente pelos que o sucederam a partir de 1995 (Albano Franco &#8211; 1995\/2002, o pr\u00f3prio Jo\u00e3o &#8211; 2003\/2006, Marcelo Deda &#8211; 2007\/2013, Jackson Barreto &#8211; 2013\/2018 e o atual Belivaldo Chagas &#8211; 2018\/3022, o pior desde 1983). Ao lado do est\u00e1dio, o Gin\u00e1sio de Esportes Ant\u00f4nio Carlos Valadares \u00e9 tamb\u00e9m um mausoleum na Princesinha do S\u00e3o Francisco.<\/p>\n<p style=\"text-align: center;\"><img loading=\"lazy\" class=\"alignnone size-medium wp-image-4645\" src=\"https:\/\/tribunadapraia.com.br\/wp-content\/uploads\/2022\/06\/estadiogovernadorjoaoalvesfotogooglemaps-2-300x177.jpg\" alt=\"\" width=\"300\" height=\"177\" srcset=\"https:\/\/tribunadapraia.com.br\/wp-content\/uploads\/2022\/06\/estadiogovernadorjoaoalvesfotogooglemaps-2-300x177.jpg 300w, https:\/\/tribunadapraia.com.br\/wp-content\/uploads\/2022\/06\/estadiogovernadorjoaoalvesfotogooglemaps-2.jpg 592w\" sizes=\"(max-width: 300px) 100vw, 300px\" \/><\/p>\n<p>Uma prova inequ\u00edvoca da falta de for\u00e7a e vontade politoca daqueles que neste per\u00edodo ocuparam a C\u00e2mara de Vereadores, Prefeitura Municipal e a Assembleia Legislativa com a cumplicidade da maioria do eleitorado de Propri\u00e1 que se &#8220;entorpece&#8221; por discursos e promessas que nunca sa\u00edram para al\u00e9m das salivas Com dois clubes &#8220;profissionais&#8221; (sic) dirigido por amadores e com times de v\u00e1rzea, estes tem que atuar em est\u00e1dios de outras cidades sergipanas e at\u00e9 alagoana. Resultado das paix\u00f5es, irracionalidade e questiunculas pol\u00edticas que fazem o esporte crescer como &#8220;rabo de cavalo&#8221;.<\/p>\n<ul>\n<li><span style=\"color: #ff6600;\">Por ClaudOmir Herzog | Fotos: Arquivo<\/span><\/li>\n<\/ul>\n","protected":false},"excerpt":{"rendered":"<p>Inaugurado em 27 de setembro de 1986, h\u00e1 36 anos, o Est\u00e1dio Estadual Jo\u00e3o Alves Filho em Propri\u00e1, foi abandonado pelos governadores que superam o ent\u00e3o mandat\u00e1rio que o denomina, principalmente pelos que o sucederam a partir de 1995 (Albano Franco &#8211; 1995\/2002, o pr\u00f3prio Jo\u00e3o &#8211; 2003\/2006, Marcelo Deda &#8211; 2007\/2013, Jackson Barreto &#8211; 2013\/2018 e o atual Belivaldo Chagas &#8211; 2018\/3022, o pior desde 1983). Ao lado do<\/p>\n","protected":false},"author":3,"featured_media":4643,"comment_status":"open","ping_status":"open","sticky":false,"template":"","format":"standard","meta":[],"categories":[18],"tags":[],"yoast_head":"<!-- This site is optimized with the Yoast SEO plugin v16.3 - https:\/\/yoast.com\/wordpress\/plugins\/seo\/ -->\n<title>Em PROPRI\u00c1, um exemplo de descaso com o esporte sergipano - TRIBUNA DA PRAIA<\/title>\n<meta name=\"robots\" content=\"index, follow, max-snippet:-1, max-image-preview:large, max-video-preview:-1\" \/>\n<link rel=\"canonical\" href=\"https:\/\/tribunadapraia.com.br\/?p=4641\" \/>\n<meta property=\"og:locale\" content=\"pt_BR\" \/>\n<meta property=\"og:type\" content=\"article\" \/>\n<meta property=\"og:title\" content=\"Em PROPRI\u00c1, um exemplo de descaso com o esporte sergipano - TRIBUNA DA PRAIA\" \/>\n<meta property=\"og:description\" content=\"Inaugurado em 27 de setembro de 1986, h\u00e1 36 anos, o Est\u00e1dio Estadual Jo\u00e3o Alves Filho em Propri\u00e1, foi abandonado pelos governadores que superam o ent\u00e3o mandat\u00e1rio que o denomina, principalmente pelos que o sucederam a partir de 1995 (Albano Franco &#8211; 1995\/2002, o pr\u00f3prio Jo\u00e3o &#8211; 2003\/2006, Marcelo Deda &#8211; 2007\/2013, Jackson Barreto &#8211; 2013\/2018 e o atual Belivaldo Chagas &#8211; 2018\/3022, o pior desde 1983). Ao lado do\" \/>\n<meta property=\"og:url\" content=\"https:\/\/tribunadapraia.com.br\/?p=4641\" \/>\n<meta property=\"og:site_name\" content=\"TRIBUNA DA PRAIA\" \/>\n<meta property=\"article:publisher\" content=\"https:\/\/www.facebook.com\/tribunadapraiaonline\/\" \/>\n<meta property=\"article:published_time\" content=\"2022-06-23T00:24:33+00:00\" \/>\n<meta property=\"article:modified_time\" content=\"2022-06-23T00:28:33+00:00\" \/>\n<meta property=\"og:image\" content=\"https:\/\/tribunadapraia.com.br\/wp-content\/uploads\/2022\/06\/223527_554116331274548_392491408_n.jpg\" \/>\n\t<meta property=\"og:image:width\" content=\"800\" \/>\n\t<meta property=\"og:image:height\" content=\"528\" \/>\n<meta name=\"twitter:card\" content=\"summary_large_image\" \/>\n<meta name=\"twitter:creator\" content=\"@Claudomir21\" \/>\n<meta name=\"twitter:site\" content=\"@Claudomir21\" \/>\n<meta name=\"twitter:label1\" content=\"Est. tempo de leitura\">\n\t<meta name=\"twitter:data1\" content=\"1 minuto\">\n<script type=\"application\/ld+json\" class=\"yoast-schema-graph\">{\"@context\":\"https:\/\/schema.org\",\"@graph\":[{\"@type\":\"Organization\",\"@id\":\"https:\/\/tribunadapraia.com.br\/#organization\",\"name\":\"Tribuna da Praia\",\"url\":\"https:\/\/tribunadapraia.com.br\/\",\"sameAs\":[\"https:\/\/www.facebook.com\/tribunadapraiaonline\/\",\"https:\/\/www.instagram.com\/claudomirtavares\/\",\"https:\/\/www.youtube.com\/channel\/UCwQf80nxiMzCefAyjbp53Rw\",\"https:\/\/twitter.com\/Claudomir21\"],\"logo\":{\"@type\":\"ImageObject\",\"@id\":\"https:\/\/tribunadapraia.com.br\/#logo\",\"inLanguage\":\"pt-BR\",\"url\":\"https:\/\/tribunadapraia.com.br\/wp-content\/uploads\/2020\/02\/logo.png\",\"contentUrl\":\"https:\/\/tribunadapraia.com.br\/wp-content\/uploads\/2020\/02\/logo.png\",\"width\":501,\"height\":121,\"caption\":\"Tribuna da Praia\"},\"image\":{\"@id\":\"https:\/\/tribunadapraia.com.br\/#logo\"}},{\"@type\":\"WebSite\",\"@id\":\"https:\/\/tribunadapraia.com.br\/#website\",\"url\":\"https:\/\/tribunadapraia.com.br\/\",\"name\":\"TRIBUNA DA PRAIA\",\"description\":\"O 1\\u00ba jornal do interior de Sergipe na internet\",\"publisher\":{\"@id\":\"https:\/\/tribunadapraia.com.br\/#organization\"},\"potentialAction\":[{\"@type\":\"SearchAction\",\"target\":\"https:\/\/tribunadapraia.com.br\/?s={search_term_string}\",\"query-input\":\"required name=search_term_string\"}],\"inLanguage\":\"pt-BR\"},{\"@type\":\"ImageObject\",\"@id\":\"https:\/\/tribunadapraia.com.br\/?p=4641#primaryimage\",\"inLanguage\":\"pt-BR\",\"url\":\"https:\/\/tribunadapraia.com.br\/wp-content\/uploads\/2022\/06\/223527_554116331274548_392491408_n.jpg\",\"contentUrl\":\"https:\/\/tribunadapraia.com.br\/wp-content\/uploads\/2022\/06\/223527_554116331274548_392491408_n.jpg\",\"width\":800,\"height\":528},{\"@type\":\"WebPage\",\"@id\":\"https:\/\/tribunadapraia.com.br\/?p=4641#webpage\",\"url\":\"https:\/\/tribunadapraia.com.br\/?p=4641\",\"name\":\"Em PROPRI\\u00c1, um exemplo de descaso com o esporte sergipano - TRIBUNA DA PRAIA\",\"isPartOf\":{\"@id\":\"https:\/\/tribunadapraia.com.br\/#website\"},\"primaryImageOfPage\":{\"@id\":\"https:\/\/tribunadapraia.com.br\/?p=4641#primaryimage\"},\"datePublished\":\"2022-06-23T00:24:33+00:00\",\"dateModified\":\"2022-06-23T00:28:33+00:00\",\"breadcrumb\":{\"@id\":\"https:\/\/tribunadapraia.com.br\/?p=4641#breadcrumb\"},\"inLanguage\":\"pt-BR\",\"potentialAction\":[{\"@type\":\"ReadAction\",\"target\":[\"https:\/\/tribunadapraia.com.br\/?p=4641\"]}]},{\"@type\":\"BreadcrumbList\",\"@id\":\"https:\/\/tribunadapraia.com.br\/?p=4641#breadcrumb\",\"itemListElement\":[{\"@type\":\"ListItem\",\"position\":1,\"item\":{\"@type\":\"WebPage\",\"@id\":\"https:\/\/tribunadapraia.com.br\/\",\"url\":\"https:\/\/tribunadapraia.com.br\/\",\"name\":\"In\\u00edcio\"}},{\"@type\":\"ListItem\",\"position\":2,\"item\":{\"@id\":\"https:\/\/tribunadapraia.com.br\/?p=4641#webpage\"}}]},{\"@type\":\"Article\",\"@id\":\"https:\/\/tribunadapraia.com.br\/?p=4641#article\",\"isPartOf\":{\"@id\":\"https:\/\/tribunadapraia.com.br\/?p=4641#webpage\"},\"author\":{\"@id\":\"https:\/\/tribunadapraia.com.br\/#\/schema\/person\/099fbbf59acc5895c0d7d52b4fc46c97\"},\"headline\":\"Em PROPRI\\u00c1, um exemplo de descaso com o esporte sergipano\",\"datePublished\":\"2022-06-23T00:24:33+00:00\",\"dateModified\":\"2022-06-23T00:28:33+00:00\",\"mainEntityOfPage\":{\"@id\":\"https:\/\/tribunadapraia.com.br\/?p=4641#webpage\"},\"wordCount\":202,\"commentCount\":0,\"publisher\":{\"@id\":\"https:\/\/tribunadapraia.com.br\/#organization\"},\"image\":{\"@id\":\"https:\/\/tribunadapraia.com.br\/?p=4641#primaryimage\"},\"thumbnailUrl\":\"https:\/\/tribunadapraia.com.br\/wp-content\/uploads\/2022\/06\/223527_554116331274548_392491408_n.jpg\",\"articleSection\":[\"Not\\u00edcias\"],\"inLanguage\":\"pt-BR\",\"potentialAction\":[{\"@type\":\"CommentAction\",\"name\":\"Comment\",\"target\":[\"https:\/\/tribunadapraia.com.br\/?p=4641#respond\"]}]},{\"@type\":\"Person\",\"@id\":\"https:\/\/tribunadapraia.com.br\/#\/schema\/person\/099fbbf59acc5895c0d7d52b4fc46c97\",\"name\":\"Reda\\u00e7\\u00e3o\",\"image\":{\"@type\":\"ImageObject\",\"@id\":\"https:\/\/tribunadapraia.com.br\/#personlogo\",\"inLanguage\":\"pt-BR\",\"url\":\"https:\/\/secure.gravatar.com\/avatar\/91c8b91d2bfd7784eac5c3e055361f64?s=96&d=identicon&r=g\",\"contentUrl\":\"https:\/\/secure.gravatar.com\/avatar\/91c8b91d2bfd7784eac5c3e055361f64?s=96&d=identicon&r=g\",\"caption\":\"Reda\\u00e7\\u00e3o\"}}]}<\/script>\n<!-- \/ Yoast SEO plugin. -->","wps_subtitle":"","_links":{"self":[{"href":"https:\/\/tribunadapraia.com.br\/index.php?rest_route=\/wp\/v2\/posts\/4641"}],"collection":[{"href":"https:\/\/tribunadapraia.com.br\/index.php?rest_route=\/wp\/v2\/posts"}],"about":[{"href":"https:\/\/tribunadapraia.com.br\/index.php?rest_route=\/wp\/v2\/types\/post"}],"author":[{"embeddable":true,"href":"https:\/\/tribunadapraia.com.br\/index.php?rest_route=\/wp\/v2\/users\/3"}],"replies":[{"embeddable":true,"href":"https:\/\/tribunadapraia.com.br\/index.php?rest_route=%2Fwp%2Fv2%2Fcomments&post=4641"}],"version-history":[{"count":4,"href":"https:\/\/tribunadapraia.com.br\/index.php?rest_route=\/wp\/v2\/posts\/4641\/revisions"}],"predecessor-version":[{"id":4647,"href":"https:\/\/tribunadapraia.com.br\/index.php?rest_route=\/wp\/v2\/posts\/4641\/revisions\/4647"}],"wp:featuredmedia":[{"embeddable":true,"href":"https:\/\/tribunadapraia.com.br\/index.php?rest_route=\/wp\/v2\/media\/4643"}],"wp:attachment":[{"href":"https:\/\/tribunadapraia.com.br\/index.php?rest_route=%2Fwp%2Fv2%2Fmedia&parent=4641"}],"wp:term":[{"taxonomy":"category","embeddable":true,"href":"https:\/\/tribunadapraia.com.br\/index.php?rest_route=%2Fwp%2Fv2%2Fcategories&post=4641"},{"taxonomy":"post_tag","embeddable":true,"href":"https:\/\/tribunadapraia.com.br\/index.php?rest_route=%2Fwp%2Fv2%2Ftags&post=4641"}],"curies":[{"name":"wp","href":"https:\/\/api.w.org\/{rel}","templated":true}]}}