{"id":4630,"date":"2022-06-17T17:49:40","date_gmt":"2022-06-17T20:49:40","guid":{"rendered":"https:\/\/tribunadapraia.com.br\/?p=4630"},"modified":"2022-06-17T19:18:25","modified_gmt":"2022-06-17T22:18:25","slug":"politica-o-pais-vai-parar-novamente-diz-associacao-de-caminhoneiros-apos-aumento-de-precos-pela-petrobras","status":"publish","type":"post","link":"https:\/\/tribunadapraia.com.br\/?p=4630","title":{"rendered":"POL\u00cdTICA: \u2018O pa\u00eds vai parar novamente\u2019, diz associa\u00e7\u00e3o de caminhoneiros ap\u00f3s aumento de pre\u00e7os pela Petrobras"},"content":{"rendered":"<p><span style=\"color: #ff6600;\"><em>Nota da Abrava manifesta indigna\u00e7\u00e3o com novo reajuste anunciado pela estatal<\/em><\/span><\/p>\n<p>A Associa\u00e7\u00e3o Brasileira de Condutores de Ve\u00edculos Automotores manifestou \u201cindigna\u00e7\u00e3o\u201d ap\u00f3s a Petrobras anunciar mais um aumento no pre\u00e7o dos combust\u00edveis, nesta sexta-feira 17. Em nota, a entidade indicou a possibilidade de uma greve. O texto \u00e9 assin&#8230;<\/p>\n<ul>\n<li><span style=\"color: #ff6600;\">Por CartaCapital<\/span><\/li>\n<\/ul>\n<p>Clique <a href=\"https:\/\/www.cartacapital.com.br\/politica\/o-pais-vai-parar-novamente-diz-associacao-de-caminhoneiros-apos-aumento-de-precos-pela-petrobras\/\">AQUI<\/a> para l\u00ea e ouvir mat\u00e9ria completa.<\/p>\n","protected":false},"excerpt":{"rendered":"<p>Nota da Abrava manifesta indigna\u00e7\u00e3o com novo reajuste anunciado pela estatal A Associa\u00e7\u00e3o Brasileira de Condutores de Ve\u00edculos Automotores manifestou \u201cindigna\u00e7\u00e3o\u201d ap\u00f3s a Petrobras anunciar mais um aumento no pre\u00e7o dos combust\u00edveis, nesta sexta-feira 17. Em nota, a entidade indicou a possibilidade de uma greve. O texto \u00e9 assin&#8230; Por CartaCapital Clique AQUI para l\u00ea e ouvir mat\u00e9ria completa.<\/p>\n","protected":false},"author":1,"featured_media":4632,"comment_status":"open","ping_status":"open","sticky":false,"template":"","format":"standard","meta":[],"categories":[18],"tags":[],"yoast_head":"<!-- This site is optimized with the Yoast SEO plugin v16.3 - https:\/\/yoast.com\/wordpress\/plugins\/seo\/ -->\n<title>POL\u00cdTICA: \u2018O pa\u00eds vai parar novamente\u2019, diz associa\u00e7\u00e3o de caminhoneiros ap\u00f3s aumento de pre\u00e7os pela Petrobras - TRIBUNA DA PRAIA<\/title>\n<meta name=\"robots\" content=\"index, follow, max-snippet:-1, max-image-preview:large, max-video-preview:-1\" \/>\n<link rel=\"canonical\" href=\"https:\/\/tribunadapraia.com.br\/?p=4630\" \/>\n<meta property=\"og:locale\" content=\"pt_BR\" \/>\n<meta property=\"og:type\" content=\"article\" \/>\n<meta property=\"og:title\" content=\"POL\u00cdTICA: \u2018O pa\u00eds vai parar novamente\u2019, diz associa\u00e7\u00e3o de caminhoneiros ap\u00f3s aumento de pre\u00e7os pela Petrobras - TRIBUNA DA PRAIA\" \/>\n<meta property=\"og:description\" content=\"Nota da Abrava manifesta indigna\u00e7\u00e3o com novo reajuste anunciado pela estatal A Associa\u00e7\u00e3o Brasileira de Condutores de Ve\u00edculos Automotores manifestou \u201cindigna\u00e7\u00e3o\u201d ap\u00f3s a Petrobras anunciar mais um aumento no pre\u00e7o dos combust\u00edveis, nesta sexta-feira 17. Em nota, a entidade indicou a possibilidade de uma greve. O texto \u00e9 assin&#8230; Por CartaCapital Clique AQUI para l\u00ea e ouvir mat\u00e9ria completa.\" \/>\n<meta property=\"og:url\" content=\"https:\/\/tribunadapraia.com.br\/?p=4630\" \/>\n<meta property=\"og:site_name\" content=\"TRIBUNA DA PRAIA\" \/>\n<meta property=\"article:publisher\" content=\"https:\/\/www.facebook.com\/tribunadapraiaonline\/\" \/>\n<meta property=\"article:published_time\" content=\"2022-06-17T20:49:40+00:00\" \/>\n<meta property=\"article:modified_time\" content=\"2022-06-17T22:18:25+00:00\" \/>\n<meta property=\"og:image\" content=\"https:\/\/tribunadapraia.com.br\/wp-content\/uploads\/2022\/06\/Caminhoneiros-Foto-Agencia-Brasil-1024x614-1.png\" \/>\n\t<meta property=\"og:image:width\" content=\"1024\" \/>\n\t<meta property=\"og:image:height\" content=\"614\" \/>\n<meta name=\"twitter:card\" content=\"summary_large_image\" \/>\n<meta name=\"twitter:creator\" content=\"@Claudomir21\" \/>\n<meta name=\"twitter:site\" content=\"@Claudomir21\" \/>\n<meta name=\"twitter:label1\" content=\"Est. tempo de leitura\">\n\t<meta name=\"twitter:data1\" content=\"1 minuto\">\n<script type=\"application\/ld+json\" class=\"yoast-schema-graph\">{\"@context\":\"https:\/\/schema.org\",\"@graph\":[{\"@type\":\"Organization\",\"@id\":\"https:\/\/tribunadapraia.com.br\/#organization\",\"name\":\"Tribuna da Praia\",\"url\":\"https:\/\/tribunadapraia.com.br\/\",\"sameAs\":[\"https:\/\/www.facebook.com\/tribunadapraiaonline\/\",\"https:\/\/www.instagram.com\/claudomirtavares\/\",\"https:\/\/www.youtube.com\/channel\/UCwQf80nxiMzCefAyjbp53Rw\",\"https:\/\/twitter.com\/Claudomir21\"],\"logo\":{\"@type\":\"ImageObject\",\"@id\":\"https:\/\/tribunadapraia.com.br\/#logo\",\"inLanguage\":\"pt-BR\",\"url\":\"https:\/\/tribunadapraia.com.br\/wp-content\/uploads\/2020\/02\/logo.png\",\"contentUrl\":\"https:\/\/tribunadapraia.com.br\/wp-content\/uploads\/2020\/02\/logo.png\",\"width\":501,\"height\":121,\"caption\":\"Tribuna da Praia\"},\"image\":{\"@id\":\"https:\/\/tribunadapraia.com.br\/#logo\"}},{\"@type\":\"WebSite\",\"@id\":\"https:\/\/tribunadapraia.com.br\/#website\",\"url\":\"https:\/\/tribunadapraia.com.br\/\",\"name\":\"TRIBUNA DA PRAIA\",\"description\":\"O 1\\u00ba jornal do interior de Sergipe na internet\",\"publisher\":{\"@id\":\"https:\/\/tribunadapraia.com.br\/#organization\"},\"potentialAction\":[{\"@type\":\"SearchAction\",\"target\":\"https:\/\/tribunadapraia.com.br\/?s={search_term_string}\",\"query-input\":\"required name=search_term_string\"}],\"inLanguage\":\"pt-BR\"},{\"@type\":\"ImageObject\",\"@id\":\"https:\/\/tribunadapraia.com.br\/?p=4630#primaryimage\",\"inLanguage\":\"pt-BR\",\"url\":\"https:\/\/tribunadapraia.com.br\/wp-content\/uploads\/2022\/06\/Caminhoneiros-Foto-Agencia-Brasil-1024x614-1.png\",\"contentUrl\":\"https:\/\/tribunadapraia.com.br\/wp-content\/uploads\/2022\/06\/Caminhoneiros-Foto-Agencia-Brasil-1024x614-1.png\",\"width\":1024,\"height\":614},{\"@type\":\"WebPage\",\"@id\":\"https:\/\/tribunadapraia.com.br\/?p=4630#webpage\",\"url\":\"https:\/\/tribunadapraia.com.br\/?p=4630\",\"name\":\"POL\\u00cdTICA: \\u2018O pa\\u00eds vai parar novamente\\u2019, diz associa\\u00e7\\u00e3o de caminhoneiros ap\\u00f3s aumento de pre\\u00e7os pela Petrobras - TRIBUNA DA PRAIA\",\"isPartOf\":{\"@id\":\"https:\/\/tribunadapraia.com.br\/#website\"},\"primaryImageOfPage\":{\"@id\":\"https:\/\/tribunadapraia.com.br\/?p=4630#primaryimage\"},\"datePublished\":\"2022-06-17T20:49:40+00:00\",\"dateModified\":\"2022-06-17T22:18:25+00:00\",\"breadcrumb\":{\"@id\":\"https:\/\/tribunadapraia.com.br\/?p=4630#breadcrumb\"},\"inLanguage\":\"pt-BR\",\"potentialAction\":[{\"@type\":\"ReadAction\",\"target\":[\"https:\/\/tribunadapraia.com.br\/?p=4630\"]}]},{\"@type\":\"BreadcrumbList\",\"@id\":\"https:\/\/tribunadapraia.com.br\/?p=4630#breadcrumb\",\"itemListElement\":[{\"@type\":\"ListItem\",\"position\":1,\"item\":{\"@type\":\"WebPage\",\"@id\":\"https:\/\/tribunadapraia.com.br\/\",\"url\":\"https:\/\/tribunadapraia.com.br\/\",\"name\":\"In\\u00edcio\"}},{\"@type\":\"ListItem\",\"position\":2,\"item\":{\"@id\":\"https:\/\/tribunadapraia.com.br\/?p=4630#webpage\"}}]},{\"@type\":\"Article\",\"@id\":\"https:\/\/tribunadapraia.com.br\/?p=4630#article\",\"isPartOf\":{\"@id\":\"https:\/\/tribunadapraia.com.br\/?p=4630#webpage\"},\"author\":{\"@id\":\"https:\/\/tribunadapraia.com.br\/#\/schema\/person\/326b0a9f3163b479142c64eba4928de0\"},\"headline\":\"POL\\u00cdTICA: \\u2018O pa\\u00eds vai parar novamente\\u2019, diz associa\\u00e7\\u00e3o de caminhoneiros ap\\u00f3s aumento de pre\\u00e7os pela Petrobras\",\"datePublished\":\"2022-06-17T20:49:40+00:00\",\"dateModified\":\"2022-06-17T22:18:25+00:00\",\"mainEntityOfPage\":{\"@id\":\"https:\/\/tribunadapraia.com.br\/?p=4630#webpage\"},\"wordCount\":86,\"commentCount\":0,\"publisher\":{\"@id\":\"https:\/\/tribunadapraia.com.br\/#organization\"},\"image\":{\"@id\":\"https:\/\/tribunadapraia.com.br\/?p=4630#primaryimage\"},\"thumbnailUrl\":\"https:\/\/tribunadapraia.com.br\/wp-content\/uploads\/2022\/06\/Caminhoneiros-Foto-Agencia-Brasil-1024x614-1.png\",\"articleSection\":[\"Not\\u00edcias\"],\"inLanguage\":\"pt-BR\",\"potentialAction\":[{\"@type\":\"CommentAction\",\"name\":\"Comment\",\"target\":[\"https:\/\/tribunadapraia.com.br\/?p=4630#respond\"]}]},{\"@type\":\"Person\",\"@id\":\"https:\/\/tribunadapraia.com.br\/#\/schema\/person\/326b0a9f3163b479142c64eba4928de0\",\"name\":\"tribunadapraia\",\"image\":{\"@type\":\"ImageObject\",\"@id\":\"https:\/\/tribunadapraia.com.br\/#personlogo\",\"inLanguage\":\"pt-BR\",\"url\":\"https:\/\/secure.gravatar.com\/avatar\/38b019c74762496076b7355024a0dad9?s=96&d=identicon&r=g\",\"contentUrl\":\"https:\/\/secure.gravatar.com\/avatar\/38b019c74762496076b7355024a0dad9?s=96&d=identicon&r=g\",\"caption\":\"tribunadapraia\"}}]}<\/script>\n<!-- \/ Yoast SEO plugin. -->","wps_subtitle":"","_links":{"self":[{"href":"https:\/\/tribunadapraia.com.br\/index.php?rest_route=\/wp\/v2\/posts\/4630"}],"collection":[{"href":"https:\/\/tribunadapraia.com.br\/index.php?rest_route=\/wp\/v2\/posts"}],"about":[{"href":"https:\/\/tribunadapraia.com.br\/index.php?rest_route=\/wp\/v2\/types\/post"}],"author":[{"embeddable":true,"href":"https:\/\/tribunadapraia.com.br\/index.php?rest_route=\/wp\/v2\/users\/1"}],"replies":[{"embeddable":true,"href":"https:\/\/tribunadapraia.com.br\/index.php?rest_route=%2Fwp%2Fv2%2Fcomments&post=4630"}],"version-history":[{"count":5,"href":"https:\/\/tribunadapraia.com.br\/index.php?rest_route=\/wp\/v2\/posts\/4630\/revisions"}],"predecessor-version":[{"id":4636,"href":"https:\/\/tribunadapraia.com.br\/index.php?rest_route=\/wp\/v2\/posts\/4630\/revisions\/4636"}],"wp:featuredmedia":[{"embeddable":true,"href":"https:\/\/tribunadapraia.com.br\/index.php?rest_route=\/wp\/v2\/media\/4632"}],"wp:attachment":[{"href":"https:\/\/tribunadapraia.com.br\/index.php?rest_route=%2Fwp%2Fv2%2Fmedia&parent=4630"}],"wp:term":[{"taxonomy":"category","embeddable":true,"href":"https:\/\/tribunadapraia.com.br\/index.php?rest_route=%2Fwp%2Fv2%2Fcategories&post=4630"},{"taxonomy":"post_tag","embeddable":true,"href":"https:\/\/tribunadapraia.com.br\/index.php?rest_route=%2Fwp%2Fv2%2Ftags&post=4630"}],"curies":[{"name":"wp","href":"https:\/\/api.w.org\/{rel}","templated":true}]}}