{"id":462,"date":"2020-03-07T10:31:17","date_gmt":"2020-03-07T13:31:17","guid":{"rendered":"https:\/\/tribunadapraia.com.br\/?p=462"},"modified":"2020-03-08T21:24:00","modified_gmt":"2020-03-09T00:24:00","slug":"ha-36-anos-jornal-de-pirambu-chegava-as-ruas-da-cidade-era-o-8-de-marco-dia-internacional-da-mulher-trabalhadora","status":"publish","type":"post","link":"https:\/\/tribunadapraia.com.br\/?p=462","title":{"rendered":"H\u00c1 36 ANOS: Jornal de Pirambu chegava \u00e0s ruas da cidade &#8211; era o 8 de mar\u00e7o, dia internacional da mulher trabalhadora"},"content":{"rendered":"<p style=\"text-align: left;\">Anotado nos anais da Hist\u00f3ria da TRIBUNA DA PRAIA como sua segunda fase, o JORNAL DE PIRAMBU chegava \u00e0s ruas de nossa cidade em 8 de mar\u00e7o de 1984, saudando o Dia Internacuonal da Mulher. Com \u00fanica edi\u00e7\u00e3o e impresso em um dos lados de papel A4, o JP levava a TP que nasceu como O CLARIM, para fora dos muros da Escola de 1\u00b0 Grau Jos\u00e9 Amaral Lemos, local onde nasceu.<\/p>\n","protected":false},"excerpt":{"rendered":"<p>Anotado nos anais da Hist\u00f3ria da TRIBUNA DA PRAIA como sua segunda fase, o JORNAL DE PIRAMBU chegava \u00e0s ruas de nossa cidade em 8 de mar\u00e7o de 1984, saudando o Dia Internacuonal da Mulher. Com \u00fanica edi\u00e7\u00e3o e impresso em um dos lados de papel A4, o JP levava a TP que nasceu como O CLARIM, para fora dos muros da Escola de 1\u00b0 Grau Jos\u00e9 Amaral Lemos, local<\/p>\n","protected":false},"author":3,"featured_media":422,"comment_status":"open","ping_status":"open","sticky":false,"template":"","format":"standard","meta":[],"categories":[18],"tags":[],"yoast_head":"<!-- This site is optimized with the Yoast SEO plugin v16.3 - https:\/\/yoast.com\/wordpress\/plugins\/seo\/ -->\n<title>H\u00c1 36 ANOS: Jornal de Pirambu chegava \u00e0s ruas da cidade - era o 8 de mar\u00e7o, dia internacional da mulher trabalhadora - TRIBUNA DA PRAIA<\/title>\n<meta name=\"robots\" content=\"index, follow, max-snippet:-1, max-image-preview:large, max-video-preview:-1\" \/>\n<link rel=\"canonical\" href=\"https:\/\/tribunadapraia.com.br\/?p=462\" \/>\n<meta property=\"og:locale\" content=\"pt_BR\" \/>\n<meta property=\"og:type\" content=\"article\" \/>\n<meta property=\"og:title\" content=\"H\u00c1 36 ANOS: Jornal de Pirambu chegava \u00e0s ruas da cidade - era o 8 de mar\u00e7o, dia internacional da mulher trabalhadora - TRIBUNA DA PRAIA\" \/>\n<meta property=\"og:description\" content=\"Anotado nos anais da Hist\u00f3ria da TRIBUNA DA PRAIA como sua segunda fase, o JORNAL DE PIRAMBU chegava \u00e0s ruas de nossa cidade em 8 de mar\u00e7o de 1984, saudando o Dia Internacuonal da Mulher. Com \u00fanica edi\u00e7\u00e3o e impresso em um dos lados de papel A4, o JP levava a TP que nasceu como O CLARIM, para fora dos muros da Escola de 1\u00b0 Grau Jos\u00e9 Amaral Lemos, local\" \/>\n<meta property=\"og:url\" content=\"https:\/\/tribunadapraia.com.br\/?p=462\" \/>\n<meta property=\"og:site_name\" content=\"TRIBUNA DA PRAIA\" \/>\n<meta property=\"article:publisher\" content=\"https:\/\/www.facebook.com\/tribunadapraiaonline\/\" \/>\n<meta property=\"article:published_time\" content=\"2020-03-07T13:31:17+00:00\" \/>\n<meta property=\"article:modified_time\" content=\"2020-03-09T00:24:00+00:00\" \/>\n<meta property=\"og:image\" content=\"https:\/\/tribunadapraia.com.br\/wp-content\/uploads\/2020\/03\/favicon.png\" \/>\n\t<meta property=\"og:image:width\" content=\"512\" \/>\n\t<meta property=\"og:image:height\" content=\"512\" \/>\n<meta name=\"twitter:card\" content=\"summary_large_image\" \/>\n<meta name=\"twitter:creator\" content=\"@Claudomir21\" \/>\n<meta name=\"twitter:site\" content=\"@Claudomir21\" \/>\n<script type=\"application\/ld+json\" class=\"yoast-schema-graph\">{\"@context\":\"https:\/\/schema.org\",\"@graph\":[{\"@type\":\"Organization\",\"@id\":\"https:\/\/tribunadapraia.com.br\/#organization\",\"name\":\"Tribuna da Praia\",\"url\":\"https:\/\/tribunadapraia.com.br\/\",\"sameAs\":[\"https:\/\/www.facebook.com\/tribunadapraiaonline\/\",\"https:\/\/www.instagram.com\/claudomirtavares\/\",\"https:\/\/www.youtube.com\/channel\/UCwQf80nxiMzCefAyjbp53Rw\",\"https:\/\/twitter.com\/Claudomir21\"],\"logo\":{\"@type\":\"ImageObject\",\"@id\":\"https:\/\/tribunadapraia.com.br\/#logo\",\"inLanguage\":\"pt-BR\",\"url\":\"https:\/\/tribunadapraia.com.br\/wp-content\/uploads\/2020\/02\/logo.png\",\"contentUrl\":\"https:\/\/tribunadapraia.com.br\/wp-content\/uploads\/2020\/02\/logo.png\",\"width\":501,\"height\":121,\"caption\":\"Tribuna da Praia\"},\"image\":{\"@id\":\"https:\/\/tribunadapraia.com.br\/#logo\"}},{\"@type\":\"WebSite\",\"@id\":\"https:\/\/tribunadapraia.com.br\/#website\",\"url\":\"https:\/\/tribunadapraia.com.br\/\",\"name\":\"TRIBUNA DA PRAIA\",\"description\":\"O 1\\u00ba jornal do interior de Sergipe na internet\",\"publisher\":{\"@id\":\"https:\/\/tribunadapraia.com.br\/#organization\"},\"potentialAction\":[{\"@type\":\"SearchAction\",\"target\":\"https:\/\/tribunadapraia.com.br\/?s={search_term_string}\",\"query-input\":\"required name=search_term_string\"}],\"inLanguage\":\"pt-BR\"},{\"@type\":\"ImageObject\",\"@id\":\"https:\/\/tribunadapraia.com.br\/?p=462#primaryimage\",\"inLanguage\":\"pt-BR\",\"url\":\"https:\/\/tribunadapraia.com.br\/wp-content\/uploads\/2020\/03\/favicon.png\",\"contentUrl\":\"https:\/\/tribunadapraia.com.br\/wp-content\/uploads\/2020\/03\/favicon.png\",\"width\":512,\"height\":512},{\"@type\":\"WebPage\",\"@id\":\"https:\/\/tribunadapraia.com.br\/?p=462#webpage\",\"url\":\"https:\/\/tribunadapraia.com.br\/?p=462\",\"name\":\"H\\u00c1 36 ANOS: Jornal de Pirambu chegava \\u00e0s ruas da cidade - era o 8 de mar\\u00e7o, dia internacional da mulher trabalhadora - TRIBUNA DA PRAIA\",\"isPartOf\":{\"@id\":\"https:\/\/tribunadapraia.com.br\/#website\"},\"primaryImageOfPage\":{\"@id\":\"https:\/\/tribunadapraia.com.br\/?p=462#primaryimage\"},\"datePublished\":\"2020-03-07T13:31:17+00:00\",\"dateModified\":\"2020-03-09T00:24:00+00:00\",\"breadcrumb\":{\"@id\":\"https:\/\/tribunadapraia.com.br\/?p=462#breadcrumb\"},\"inLanguage\":\"pt-BR\",\"potentialAction\":[{\"@type\":\"ReadAction\",\"target\":[\"https:\/\/tribunadapraia.com.br\/?p=462\"]}]},{\"@type\":\"BreadcrumbList\",\"@id\":\"https:\/\/tribunadapraia.com.br\/?p=462#breadcrumb\",\"itemListElement\":[{\"@type\":\"ListItem\",\"position\":1,\"item\":{\"@type\":\"WebPage\",\"@id\":\"https:\/\/tribunadapraia.com.br\/\",\"url\":\"https:\/\/tribunadapraia.com.br\/\",\"name\":\"In\\u00edcio\"}},{\"@type\":\"ListItem\",\"position\":2,\"item\":{\"@id\":\"https:\/\/tribunadapraia.com.br\/?p=462#webpage\"}}]},{\"@type\":\"Article\",\"@id\":\"https:\/\/tribunadapraia.com.br\/?p=462#article\",\"isPartOf\":{\"@id\":\"https:\/\/tribunadapraia.com.br\/?p=462#webpage\"},\"author\":{\"@id\":\"https:\/\/tribunadapraia.com.br\/#\/schema\/person\/099fbbf59acc5895c0d7d52b4fc46c97\"},\"headline\":\"H\\u00c1 36 ANOS: Jornal de Pirambu chegava \\u00e0s ruas da cidade &#8211; era o 8 de mar\\u00e7o, dia internacional da mulher trabalhadora\",\"datePublished\":\"2020-03-07T13:31:17+00:00\",\"dateModified\":\"2020-03-09T00:24:00+00:00\",\"mainEntityOfPage\":{\"@id\":\"https:\/\/tribunadapraia.com.br\/?p=462#webpage\"},\"wordCount\":93,\"commentCount\":0,\"publisher\":{\"@id\":\"https:\/\/tribunadapraia.com.br\/#organization\"},\"image\":{\"@id\":\"https:\/\/tribunadapraia.com.br\/?p=462#primaryimage\"},\"thumbnailUrl\":\"https:\/\/tribunadapraia.com.br\/wp-content\/uploads\/2020\/03\/favicon.png\",\"articleSection\":[\"Not\\u00edcias\"],\"inLanguage\":\"pt-BR\",\"potentialAction\":[{\"@type\":\"CommentAction\",\"name\":\"Comment\",\"target\":[\"https:\/\/tribunadapraia.com.br\/?p=462#respond\"]}]},{\"@type\":\"Person\",\"@id\":\"https:\/\/tribunadapraia.com.br\/#\/schema\/person\/099fbbf59acc5895c0d7d52b4fc46c97\",\"name\":\"Reda\\u00e7\\u00e3o\",\"image\":{\"@type\":\"ImageObject\",\"@id\":\"https:\/\/tribunadapraia.com.br\/#personlogo\",\"inLanguage\":\"pt-BR\",\"url\":\"https:\/\/secure.gravatar.com\/avatar\/91c8b91d2bfd7784eac5c3e055361f64?s=96&d=identicon&r=g\",\"contentUrl\":\"https:\/\/secure.gravatar.com\/avatar\/91c8b91d2bfd7784eac5c3e055361f64?s=96&d=identicon&r=g\",\"caption\":\"Reda\\u00e7\\u00e3o\"}}]}<\/script>\n<!-- \/ Yoast SEO plugin. -->","wps_subtitle":"","_links":{"self":[{"href":"https:\/\/tribunadapraia.com.br\/index.php?rest_route=\/wp\/v2\/posts\/462"}],"collection":[{"href":"https:\/\/tribunadapraia.com.br\/index.php?rest_route=\/wp\/v2\/posts"}],"about":[{"href":"https:\/\/tribunadapraia.com.br\/index.php?rest_route=\/wp\/v2\/types\/post"}],"author":[{"embeddable":true,"href":"https:\/\/tribunadapraia.com.br\/index.php?rest_route=\/wp\/v2\/users\/3"}],"replies":[{"embeddable":true,"href":"https:\/\/tribunadapraia.com.br\/index.php?rest_route=%2Fwp%2Fv2%2Fcomments&post=462"}],"version-history":[{"count":4,"href":"https:\/\/tribunadapraia.com.br\/index.php?rest_route=\/wp\/v2\/posts\/462\/revisions"}],"predecessor-version":[{"id":496,"href":"https:\/\/tribunadapraia.com.br\/index.php?rest_route=\/wp\/v2\/posts\/462\/revisions\/496"}],"wp:featuredmedia":[{"embeddable":true,"href":"https:\/\/tribunadapraia.com.br\/index.php?rest_route=\/wp\/v2\/media\/422"}],"wp:attachment":[{"href":"https:\/\/tribunadapraia.com.br\/index.php?rest_route=%2Fwp%2Fv2%2Fmedia&parent=462"}],"wp:term":[{"taxonomy":"category","embeddable":true,"href":"https:\/\/tribunadapraia.com.br\/index.php?rest_route=%2Fwp%2Fv2%2Fcategories&post=462"},{"taxonomy":"post_tag","embeddable":true,"href":"https:\/\/tribunadapraia.com.br\/index.php?rest_route=%2Fwp%2Fv2%2Ftags&post=462"}],"curies":[{"name":"wp","href":"https:\/\/api.w.org\/{rel}","templated":true}]}}