{"id":4608,"date":"2022-06-16T10:20:11","date_gmt":"2022-06-16T13:20:11","guid":{"rendered":"https:\/\/tribunadapraia.com.br\/?p=4608"},"modified":"2022-06-16T10:31:30","modified_gmt":"2022-06-16T13:31:30","slug":"audio-andrea-de-coralia-foi-a-entrevistada-de-claudomir-herzog-no-jornalistico-a-voz-do-povo-na-radio-atalainha","status":"publish","type":"post","link":"https:\/\/tribunadapraia.com.br\/?p=4608","title":{"rendered":"\u00c1UDIO: Andr\u00e9a de Cor\u00e1lia foi a entrevistada de ClaudOmir Herzog no jornal\u00edstico A Voz do Povo na R\u00e1dio Atalainha"},"content":{"rendered":"<p>Emergente lideran\u00e7a popular em Propri\u00e1 e defensora da participa\u00e7\u00e3o das mulheres na pol\u00edtica, inclusive disputando elei\u00e7\u00f5es, Andr\u00e9a Costa Lima, a Andr\u00e9a de Cor\u00e1lia, foi a entrevistada de quarta-feira, 15, de ClaudOmir Herzog no programa A Voz do Povo da R\u00e1dio Atalainha. Confira abaixo os \u00e1udios que integram este di\u00e1logo.<\/p>\n<!--[if lt IE 9]><script>document.createElement('audio');<\/script><![endif]-->\n<audio class=\"wp-audio-shortcode\" id=\"audio-4608-1\" preload=\"none\" style=\"width: 100%;\" controls=\"controls\"><source type=\"audio\/mpeg\" src=\"https:\/\/tribunadapraia.com.br\/wp-content\/uploads\/2022\/06\/ANDREA-1.mp3?_=1\" \/><a href=\"https:\/\/tribunadapraia.com.br\/wp-content\/uploads\/2022\/06\/ANDREA-1.mp3\">https:\/\/tribunadapraia.com.br\/wp-content\/uploads\/2022\/06\/ANDREA-1.mp3<\/a><\/audio>\n<audio class=\"wp-audio-shortcode\" id=\"audio-4608-2\" preload=\"none\" style=\"width: 100%;\" controls=\"controls\"><source type=\"audio\/mpeg\" src=\"https:\/\/tribunadapraia.com.br\/wp-content\/uploads\/2022\/06\/ANDREA-2.mp3?_=2\" \/><a href=\"https:\/\/tribunadapraia.com.br\/wp-content\/uploads\/2022\/06\/ANDREA-2.mp3\">https:\/\/tribunadapraia.com.br\/wp-content\/uploads\/2022\/06\/ANDREA-2.mp3<\/a><\/audio>\n<audio class=\"wp-audio-shortcode\" id=\"audio-4608-3\" preload=\"none\" style=\"width: 100%;\" controls=\"controls\"><source type=\"audio\/mpeg\" src=\"https:\/\/tribunadapraia.com.br\/wp-content\/uploads\/2022\/06\/ANDREA-3.mp3?_=3\" \/><a href=\"https:\/\/tribunadapraia.com.br\/wp-content\/uploads\/2022\/06\/ANDREA-3.mp3\">https:\/\/tribunadapraia.com.br\/wp-content\/uploads\/2022\/06\/ANDREA-3.mp3<\/a><\/audio>\n<ul>\n<li><span style=\"color: #993300;\">Por Reda\u00e7\u00e3o<\/span><\/li>\n<\/ul>\n","protected":false},"excerpt":{"rendered":"<p>Emergente lideran\u00e7a popular em Propri\u00e1 e defensora da participa\u00e7\u00e3o das mulheres na pol\u00edtica, inclusive disputando elei\u00e7\u00f5es, Andr\u00e9a Costa Lima, a Andr\u00e9a de Cor\u00e1lia, foi a entrevistada de quarta-feira, 15, de ClaudOmir Herzog no programa A Voz do Povo da R\u00e1dio Atalainha. Confira abaixo os \u00e1udios que integram este di\u00e1logo. Por Reda\u00e7\u00e3o<\/p>\n","protected":false},"author":1,"featured_media":4616,"comment_status":"open","ping_status":"open","sticky":false,"template":"","format":"standard","meta":[],"categories":[18],"tags":[],"yoast_head":"<!-- This site is optimized with the Yoast SEO plugin v16.3 - https:\/\/yoast.com\/wordpress\/plugins\/seo\/ -->\n<title>\u00c1UDIO: Andr\u00e9a de Cor\u00e1lia foi a entrevistada de ClaudOmir Herzog no jornal\u00edstico A Voz do Povo na R\u00e1dio Atalainha - TRIBUNA DA PRAIA<\/title>\n<meta name=\"robots\" content=\"index, follow, max-snippet:-1, max-image-preview:large, max-video-preview:-1\" \/>\n<link rel=\"canonical\" href=\"https:\/\/tribunadapraia.com.br\/?p=4608\" \/>\n<meta property=\"og:locale\" content=\"pt_BR\" \/>\n<meta property=\"og:type\" content=\"article\" \/>\n<meta property=\"og:title\" content=\"\u00c1UDIO: Andr\u00e9a de Cor\u00e1lia foi a entrevistada de ClaudOmir Herzog no jornal\u00edstico A Voz do Povo na R\u00e1dio Atalainha - TRIBUNA DA PRAIA\" \/>\n<meta property=\"og:description\" content=\"Emergente lideran\u00e7a popular em Propri\u00e1 e defensora da participa\u00e7\u00e3o das mulheres na pol\u00edtica, inclusive disputando elei\u00e7\u00f5es, Andr\u00e9a Costa Lima, a Andr\u00e9a de Cor\u00e1lia, foi a entrevistada de quarta-feira, 15, de ClaudOmir Herzog no programa A Voz do Povo da R\u00e1dio Atalainha. Confira abaixo os \u00e1udios que integram este di\u00e1logo. Por Reda\u00e7\u00e3o\" \/>\n<meta property=\"og:url\" content=\"https:\/\/tribunadapraia.com.br\/?p=4608\" \/>\n<meta property=\"og:site_name\" content=\"TRIBUNA DA PRAIA\" \/>\n<meta property=\"article:publisher\" content=\"https:\/\/www.facebook.com\/tribunadapraiaonline\/\" \/>\n<meta property=\"article:published_time\" content=\"2022-06-16T13:20:11+00:00\" \/>\n<meta property=\"article:modified_time\" content=\"2022-06-16T13:31:30+00:00\" \/>\n<meta property=\"og:image\" content=\"https:\/\/tribunadapraia.com.br\/wp-content\/uploads\/2022\/06\/IMG-20220614-WA0055.jpg\" \/>\n\t<meta property=\"og:image:width\" content=\"1080\" \/>\n\t<meta property=\"og:image:height\" content=\"1075\" \/>\n<meta name=\"twitter:card\" content=\"summary_large_image\" \/>\n<meta name=\"twitter:creator\" content=\"@Claudomir21\" \/>\n<meta name=\"twitter:site\" content=\"@Claudomir21\" \/>\n<meta name=\"twitter:label1\" content=\"Est. tempo de leitura\">\n\t<meta name=\"twitter:data1\" content=\"1 minuto\">\n<script type=\"application\/ld+json\" class=\"yoast-schema-graph\">{\"@context\":\"https:\/\/schema.org\",\"@graph\":[{\"@type\":\"Organization\",\"@id\":\"https:\/\/tribunadapraia.com.br\/#organization\",\"name\":\"Tribuna da Praia\",\"url\":\"https:\/\/tribunadapraia.com.br\/\",\"sameAs\":[\"https:\/\/www.facebook.com\/tribunadapraiaonline\/\",\"https:\/\/www.instagram.com\/claudomirtavares\/\",\"https:\/\/www.youtube.com\/channel\/UCwQf80nxiMzCefAyjbp53Rw\",\"https:\/\/twitter.com\/Claudomir21\"],\"logo\":{\"@type\":\"ImageObject\",\"@id\":\"https:\/\/tribunadapraia.com.br\/#logo\",\"inLanguage\":\"pt-BR\",\"url\":\"https:\/\/tribunadapraia.com.br\/wp-content\/uploads\/2020\/02\/logo.png\",\"contentUrl\":\"https:\/\/tribunadapraia.com.br\/wp-content\/uploads\/2020\/02\/logo.png\",\"width\":501,\"height\":121,\"caption\":\"Tribuna da Praia\"},\"image\":{\"@id\":\"https:\/\/tribunadapraia.com.br\/#logo\"}},{\"@type\":\"WebSite\",\"@id\":\"https:\/\/tribunadapraia.com.br\/#website\",\"url\":\"https:\/\/tribunadapraia.com.br\/\",\"name\":\"TRIBUNA DA PRAIA\",\"description\":\"O 1\\u00ba jornal do interior de Sergipe na internet\",\"publisher\":{\"@id\":\"https:\/\/tribunadapraia.com.br\/#organization\"},\"potentialAction\":[{\"@type\":\"SearchAction\",\"target\":\"https:\/\/tribunadapraia.com.br\/?s={search_term_string}\",\"query-input\":\"required name=search_term_string\"}],\"inLanguage\":\"pt-BR\"},{\"@type\":\"ImageObject\",\"@id\":\"https:\/\/tribunadapraia.com.br\/?p=4608#primaryimage\",\"inLanguage\":\"pt-BR\",\"url\":\"https:\/\/tribunadapraia.com.br\/wp-content\/uploads\/2022\/06\/IMG-20220614-WA0055.jpg\",\"contentUrl\":\"https:\/\/tribunadapraia.com.br\/wp-content\/uploads\/2022\/06\/IMG-20220614-WA0055.jpg\",\"width\":1080,\"height\":1075},{\"@type\":\"WebPage\",\"@id\":\"https:\/\/tribunadapraia.com.br\/?p=4608#webpage\",\"url\":\"https:\/\/tribunadapraia.com.br\/?p=4608\",\"name\":\"\\u00c1UDIO: Andr\\u00e9a de Cor\\u00e1lia foi a entrevistada de ClaudOmir Herzog no jornal\\u00edstico A Voz do Povo na R\\u00e1dio Atalainha - TRIBUNA DA PRAIA\",\"isPartOf\":{\"@id\":\"https:\/\/tribunadapraia.com.br\/#website\"},\"primaryImageOfPage\":{\"@id\":\"https:\/\/tribunadapraia.com.br\/?p=4608#primaryimage\"},\"datePublished\":\"2022-06-16T13:20:11+00:00\",\"dateModified\":\"2022-06-16T13:31:30+00:00\",\"breadcrumb\":{\"@id\":\"https:\/\/tribunadapraia.com.br\/?p=4608#breadcrumb\"},\"inLanguage\":\"pt-BR\",\"potentialAction\":[{\"@type\":\"ReadAction\",\"target\":[\"https:\/\/tribunadapraia.com.br\/?p=4608\"]}]},{\"@type\":\"BreadcrumbList\",\"@id\":\"https:\/\/tribunadapraia.com.br\/?p=4608#breadcrumb\",\"itemListElement\":[{\"@type\":\"ListItem\",\"position\":1,\"item\":{\"@type\":\"WebPage\",\"@id\":\"https:\/\/tribunadapraia.com.br\/\",\"url\":\"https:\/\/tribunadapraia.com.br\/\",\"name\":\"In\\u00edcio\"}},{\"@type\":\"ListItem\",\"position\":2,\"item\":{\"@id\":\"https:\/\/tribunadapraia.com.br\/?p=4608#webpage\"}}]},{\"@type\":\"Article\",\"@id\":\"https:\/\/tribunadapraia.com.br\/?p=4608#article\",\"isPartOf\":{\"@id\":\"https:\/\/tribunadapraia.com.br\/?p=4608#webpage\"},\"author\":{\"@id\":\"https:\/\/tribunadapraia.com.br\/#\/schema\/person\/326b0a9f3163b479142c64eba4928de0\"},\"headline\":\"\\u00c1UDIO: Andr\\u00e9a de Cor\\u00e1lia foi a entrevistada de ClaudOmir Herzog no jornal\\u00edstico A Voz do Povo na R\\u00e1dio Atalainha\",\"datePublished\":\"2022-06-16T13:20:11+00:00\",\"dateModified\":\"2022-06-16T13:31:30+00:00\",\"mainEntityOfPage\":{\"@id\":\"https:\/\/tribunadapraia.com.br\/?p=4608#webpage\"},\"wordCount\":116,\"commentCount\":1,\"publisher\":{\"@id\":\"https:\/\/tribunadapraia.com.br\/#organization\"},\"image\":{\"@id\":\"https:\/\/tribunadapraia.com.br\/?p=4608#primaryimage\"},\"thumbnailUrl\":\"https:\/\/tribunadapraia.com.br\/wp-content\/uploads\/2022\/06\/IMG-20220614-WA0055.jpg\",\"articleSection\":[\"Not\\u00edcias\"],\"inLanguage\":\"pt-BR\",\"potentialAction\":[{\"@type\":\"CommentAction\",\"name\":\"Comment\",\"target\":[\"https:\/\/tribunadapraia.com.br\/?p=4608#respond\"]}]},{\"@type\":\"Person\",\"@id\":\"https:\/\/tribunadapraia.com.br\/#\/schema\/person\/326b0a9f3163b479142c64eba4928de0\",\"name\":\"tribunadapraia\",\"image\":{\"@type\":\"ImageObject\",\"@id\":\"https:\/\/tribunadapraia.com.br\/#personlogo\",\"inLanguage\":\"pt-BR\",\"url\":\"https:\/\/secure.gravatar.com\/avatar\/38b019c74762496076b7355024a0dad9?s=96&d=identicon&r=g\",\"contentUrl\":\"https:\/\/secure.gravatar.com\/avatar\/38b019c74762496076b7355024a0dad9?s=96&d=identicon&r=g\",\"caption\":\"tribunadapraia\"}}]}<\/script>\n<!-- \/ Yoast SEO plugin. -->","wps_subtitle":"","_links":{"self":[{"href":"https:\/\/tribunadapraia.com.br\/index.php?rest_route=\/wp\/v2\/posts\/4608"}],"collection":[{"href":"https:\/\/tribunadapraia.com.br\/index.php?rest_route=\/wp\/v2\/posts"}],"about":[{"href":"https:\/\/tribunadapraia.com.br\/index.php?rest_route=\/wp\/v2\/types\/post"}],"author":[{"embeddable":true,"href":"https:\/\/tribunadapraia.com.br\/index.php?rest_route=\/wp\/v2\/users\/1"}],"replies":[{"embeddable":true,"href":"https:\/\/tribunadapraia.com.br\/index.php?rest_route=%2Fwp%2Fv2%2Fcomments&post=4608"}],"version-history":[{"count":3,"href":"https:\/\/tribunadapraia.com.br\/index.php?rest_route=\/wp\/v2\/posts\/4608\/revisions"}],"predecessor-version":[{"id":4614,"href":"https:\/\/tribunadapraia.com.br\/index.php?rest_route=\/wp\/v2\/posts\/4608\/revisions\/4614"}],"wp:featuredmedia":[{"embeddable":true,"href":"https:\/\/tribunadapraia.com.br\/index.php?rest_route=\/wp\/v2\/media\/4616"}],"wp:attachment":[{"href":"https:\/\/tribunadapraia.com.br\/index.php?rest_route=%2Fwp%2Fv2%2Fmedia&parent=4608"}],"wp:term":[{"taxonomy":"category","embeddable":true,"href":"https:\/\/tribunadapraia.com.br\/index.php?rest_route=%2Fwp%2Fv2%2Fcategories&post=4608"},{"taxonomy":"post_tag","embeddable":true,"href":"https:\/\/tribunadapraia.com.br\/index.php?rest_route=%2Fwp%2Fv2%2Ftags&post=4608"}],"curies":[{"name":"wp","href":"https:\/\/api.w.org\/{rel}","templated":true}]}}