{"id":4594,"date":"2022-06-11T10:24:59","date_gmt":"2022-06-11T13:24:59","guid":{"rendered":"https:\/\/tribunadapraia.com.br\/?p=4594"},"modified":"2022-06-11T10:32:12","modified_gmt":"2022-06-11T13:32:12","slug":"coluna-fique-de-olho-represados-por-dois-anos-os-9-10-e-mais-o-11-premios-tribuna-da-praia-serao-entregues-nos-39-anos-do-jornal-fundado-em-1983","status":"publish","type":"post","link":"https:\/\/tribunadapraia.com.br\/?p=4594","title":{"rendered":"Coluna FIQUE DE OLHO: Represados por dois anos, os 9\u00b0, 10\u00b0 e mais o 11\u00b0 pr\u00eamios Tribuna da Praia ser\u00e3o entregues nos 39 anos do jornal fundado em 1983"},"content":{"rendered":"<p><span style=\"color: #000000;\"><em>Jo\u00e3o Oliveira, H\u00e9lio Palito e Geraldo Melo s\u00e3o os patronos das tr\u00eas edi\u00e7\u00f5es das homenagens<\/em><\/span><\/p>\n<ul>\n<li><span style=\"color: #ff6600;\">Por ClaudOmir Herzog | claudomir21@gmail.com<\/span><\/li>\n<\/ul>\n<p>Tendo sua primeira edi\u00e7\u00e3o em 2005 pa3ra celebrar o primeiro ano do site tribunadapraia.com.br lan\u00e7ado em 24 de abril do ano anterior, o pr\u00eamio Tribuna da Praia, cuja hist\u00f3ria do jornal se iniciou em 23 de agosto de 1983, teve suas primeiras t\u00eas edi\u00e7\u00f5es homenageando os destaques dos anos anteriores em Pirambu, onde est\u00e1 sediado. A partir de sua quarta edi\u00e7\u00e3o passou a ter uma solenidade de entrega e um\/a patrono\/a, sendo os seguintes nomes: 4\u00b0 Silvinha Oliveita, 5\u00b0 Jo\u00e3o D\u00f3ria, 6\u00b0 Mestre Constantino, 7\u00b0 Edm\u00ea Tavares e 8\u00b0 M\u00e3e Mininita. Quando nos preparavamos para a 9\u00aa edi\u00e7\u00e3o, denominada Jo\u00e3o Oliveira (2019\/2020), que seria entregue em abril de 2020, veio a Pandemia do Covid-19, tendo sido adiado para o ano seguinte a data de entrega dos escolhidos. Hav\u00edamos ent\u00e3o decidido realizar esta solenidade em Pirambu e a 10\u00aa edi\u00e7\u00e3o, denominada H\u00e9lio Palito (2020\/2021) em 2021 na cidade de Propri\u00e1 com uma semana de intervalo. Mais uma vez a pandemia n\u00e3o permitiu realiza-la. Assim, decidimos reunir as edi\u00e7\u00f5es represadas em atos concomitantes com a 11\u00aa edi\u00e7\u00e3o (2021\/2022), denominado Jos\u00e9 Geraldo Calazans de Melo, cuja data est\u00e1 definida para a noite de 26 de agosto de 2022, tr\u00eas dias ap\u00f3s as comemora\u00e7\u00f5es pelos 39 anos de exist\u00eancia do jornal lan\u00e7ado em 1983.<\/p>\n<p><strong>\u25a0 9\u00b0 Pr\u00eamio Jo\u00e3o Oliveira<\/strong><\/p>\n<p>Denominado Jo\u00e3o Oliveira, a 9\u00aa edi\u00e7\u00e3o do Pr\u00eamio Tribuna da Praia ser\u00e1 a \u00faltima a homenagear uma personalidade que j\u00e1 n\u00e3o est\u00e1 entre n\u00f3s no plano terreno, mas encantada em nossos cora\u00e7\u00f5es . Jo\u00e3o Oliveira foi Secret\u00e1rio Geral da Prefeitura de Pirambu e no final da d\u00e9cada de 1970 e in\u00edcio da d\u00e9cada de 1980 comandava o servi\u00e7o de alto-falantes, iniciando os trabalhos com a execu\u00e7\u00e3o do Hino Nacional, seguido de m\u00fasicas intercaladas por informa\u00e7\u00f5es as mais diversas. Diferente das edi\u00e7\u00f5es anteriores, feitas atrav\u00e9s de pesquisas seguidas de enquetes, os escolhidos foram resultado de consulta aos ent\u00e3o integrantes dos associados a RPCA Sergipe, a saber: Tribuna da Praia, TV Atalainha, r\u00e1dios Serigy (Pirambu), Pomonga (Barra dos Coqueiros) e Voz do S\u00e3o Francisco (Propri\u00e1), cuja rela\u00e7\u00e3o segue abaixo:<\/p>\n<p>\u300bEduca\u00e7\u00e3o: Natanael dos Santos decano da educa\u00e7\u00e3o em Pirambu<br \/>\n\u300bCultura: Culturarte, encontro de cultura, arte e conserva\u00e7\u00e3o de Pirambu<br \/>\n\u300bCidadania e Direitos Humanos: \u00c1lvaro Bento, secret\u00e1rio municipal de Seguran\u00e7a P\u00fablica e Defesa Social de Pirambu<br \/>\n\u300bMovimentos Sociais: Jucy Tavares, dirigente do SINTESE no Vale do Japaratuba<br \/>\n\u300bMeio Ambiente e Sustentabilidade: Conselho Municipal do Meio Ambiente de Pirambu<\/p>\n<p><strong>\u25a0 10\u00b0 Pr\u00eamio H\u00e9lio Palito<\/strong><\/p>\n<p>A partir da 10\u00aa edi\u00e7\u00e3o, o pr\u00eamio Tribuna da Praia teve tr\u00eas altera\u00e7\u00f5es, como redirecionar a base territorial para o Baixo S\u00e3o Francisco com \u00e1rea de atua\u00e7\u00e3o para esta regi\u00e3o, a escolha sendo resultado de consulta junto aos parceiros, al\u00e9m do patrono cuja homenagem recair\u00e1 em uma personalidade em vida, resultado do conjunto de sua obra. Decano da comunica\u00e7\u00e3o no Baixo S\u00e3o Francisco sergipano e alagoano, cuja inspira\u00e7\u00e3o e \u00eddolo dos que vieram depois e contempor\u00e2neos de sua presen\u00e7a no r\u00e1dio, H\u00e9lio Palito \u00e9 o patrono da 10\u00aa edi\u00e7\u00e3o do cobi\u00e7ado pr\u00eamio, cabendo aos seguintes laureados:<\/p>\n<p>\u300bPolitica: Zizi Andrade, lideran\u00e7a popular e comunit\u00e1ria, ex-verdadora em Cedro de S\u00e3o Jo\u00e3o<br \/>\n\u300bEduca\u00e7\u00e3o: Ant\u00f4nio Carlos, destacado servidor do Col\u00e9gio Nossa Senhora das Gra\u00e7as (Col\u00e9gio das Freiras) em Propri\u00e1<br \/>\n\u300bCultura: Academia Liter\u00e1ria de Vida de Propri\u00e1 (ALVP)<br \/>\n\u300bMovimentos Sociais: Movimento dos Trabalhadores e Trabalhadoras Rurais Sem Terra (MST Baixo S\u00e3o Francisco)<br \/>\n\u300bMeio Ambiente e Sustentabilidade: Movimento dos Pequenos Agricultores e Agricultoras (MPA)<br \/>\n\u300bEconomia: Frigor\u00edfico Nutrial<br \/>\n\u300bComunica\u00e7\u00e3o: R\u00e1dio Sintonia Not\u00edcias<br \/>\n\u300bReligi\u00e3o e religiosidade: Coletivo de Terreiros de Propri\u00e1<br \/>\n\u300bCidadania e Direitos Humanos: Guarda Municipal de Propri\u00e1<\/p>\n<p><strong>\u25a0 11\u00b0 Pr\u00eamio Geraldo Melo<\/strong><\/p>\n<p>A comiss\u00e3o organizadora do 11\u00aa Pr\u00eamio Tribuna da Praia escolheu Jos\u00e9 Geraldo Calazans de Melo, professor aposentado da rede estadual, diretor do Col\u00e9gio Estadual Joana de Freitas Barbosa, diretor regional de Educa\u00e7\u00e3o (DRE 6) e primeiro presidente do Centro de Cultura de Propri\u00e1 (CCP). Ao longo desta semana e pelos pr\u00f3ximos dias est\u00e1 sendo divulgada a rela\u00e7\u00e3o daquelas personalidades, institui\u00e7\u00f5es e organiza\u00e7\u00f5es, j\u00e1 sendo anunciados os primeiros entre quinta e sexra-feura, 09 e 10, a saber:<\/p>\n<p>\u300bEdilene Oliveira, pedagoga, empres\u00e1ria, ex-presidente da CDL Propri\u00e1 e membro da Academia Liter\u00e1ria de Vida de Propi\u00e1<br \/>\n\u300bElder Santos: radialista, membro da ACDS\/ABCD, editor da Folha de Sergipe e expoente do Cons\u00f3rcio de Comunicadores de Propri\u00e1<br \/>\n\u300bIDESA Brasil (Instituto Brasileiro de Desenvolvimento S\u00f3cio Ambiental), sediado em Sergipe<br \/>\n\u300bReserva Biol\u00f3gica de Santa Isabel (ICM Bio) em Pirambu e Pacatuba<br \/>\n\u300bBeto Sat, diretor-presidente da R\u00e1dio Propri\u00e1 104,9 FM<br \/>\n\u300bCleno Vieira, poeta, estudante universit\u00e1rio e colunista liter\u00e1rio da R\u00e1dio Atalainha<br \/>\n\u300bLuiz Viana, membro do Centro de Cultura de Propri\u00e1, da Academia Propriaense de Letras, Ci\u00eancias, Artes e Desportos (APLCAD), memorialista e comunicador popular<br \/>\n\u300bNicy Alves, escritora, poeta, contista, ativista cultural, ambientalista e membro da Academia Barracoqueirense de Letras e Artes (ABLA)<\/p>\n<p><strong>\u25a0 N\u00e3o cobramos dos homenageados<\/strong><\/p>\n<p>Diferente de v\u00e1rios pr\u00eamios que cobram dos &#8220;escolhidos&#8221; por muitos pr\u00eamios &#8220;ca\u00e7a-niqueis&#8221; que infestam as cidades, sergipanas o Pr\u00eamio Tribuna da Praia n\u00e3o cobra absolutamente nada dos homenageados, sendo suas despesas financiadas pelo jornal e a r\u00e1dio, al\u00e9m de seus parceiros.<\/p>\n<p><strong>\u25a0 Mensagem da Semana<\/strong><\/p>\n<p>&#8220;Pois, que adianta ao homem ganhar o mundo inteiro e perder a sua alma?&#8221;<br \/>\n&#8211; Marcos 8:36<\/p>\n<ul>\n<li><span style=\"color: #808000;\">ClaudOmir Herzog (53), \u00e9 coordenador da Rede Popular de Comunica\u00e7\u00e3o Alternativa de Sergipe_<\/span><\/li>\n<\/ul>\n","protected":false},"excerpt":{"rendered":"<p>Jo\u00e3o Oliveira, H\u00e9lio Palito e Geraldo Melo s\u00e3o os patronos das tr\u00eas edi\u00e7\u00f5es das homenagens Por ClaudOmir Herzog | claudomir21@gmail.com Tendo sua primeira edi\u00e7\u00e3o em 2005 pa3ra celebrar o primeiro ano do site tribunadapraia.com.br lan\u00e7ado em 24 de abril do ano anterior, o pr\u00eamio Tribuna da Praia, cuja hist\u00f3ria do jornal se iniciou em 23 de agosto de 1983, teve suas primeiras t\u00eas edi\u00e7\u00f5es homenageando os destaques dos anos anteriores<\/p>\n","protected":false},"author":3,"featured_media":4596,"comment_status":"open","ping_status":"open","sticky":false,"template":"","format":"standard","meta":[],"categories":[18],"tags":[],"yoast_head":"<!-- This site is optimized with the Yoast SEO plugin v16.3 - https:\/\/yoast.com\/wordpress\/plugins\/seo\/ -->\n<title>Coluna FIQUE DE OLHO: Represados por dois anos, os 9\u00b0, 10\u00b0 e mais o 11\u00b0 pr\u00eamios Tribuna da Praia ser\u00e3o entregues nos 39 anos do jornal fundado em 1983 - TRIBUNA DA PRAIA<\/title>\n<meta name=\"robots\" content=\"index, follow, max-snippet:-1, max-image-preview:large, max-video-preview:-1\" \/>\n<link rel=\"canonical\" href=\"https:\/\/tribunadapraia.com.br\/?p=4594\" \/>\n<meta property=\"og:locale\" content=\"pt_BR\" \/>\n<meta property=\"og:type\" content=\"article\" \/>\n<meta property=\"og:title\" content=\"Coluna FIQUE DE OLHO: Represados por dois anos, os 9\u00b0, 10\u00b0 e mais o 11\u00b0 pr\u00eamios Tribuna da Praia ser\u00e3o entregues nos 39 anos do jornal fundado em 1983 - TRIBUNA DA PRAIA\" \/>\n<meta property=\"og:description\" content=\"Jo\u00e3o Oliveira, H\u00e9lio Palito e Geraldo Melo s\u00e3o os patronos das tr\u00eas edi\u00e7\u00f5es das homenagens Por ClaudOmir Herzog | claudomir21@gmail.com Tendo sua primeira edi\u00e7\u00e3o em 2005 pa3ra celebrar o primeiro ano do site tribunadapraia.com.br lan\u00e7ado em 24 de abril do ano anterior, o pr\u00eamio Tribuna da Praia, cuja hist\u00f3ria do jornal se iniciou em 23 de agosto de 1983, teve suas primeiras t\u00eas edi\u00e7\u00f5es homenageando os destaques dos anos anteriores\" \/>\n<meta property=\"og:url\" content=\"https:\/\/tribunadapraia.com.br\/?p=4594\" \/>\n<meta property=\"og:site_name\" content=\"TRIBUNA DA PRAIA\" \/>\n<meta property=\"article:publisher\" content=\"https:\/\/www.facebook.com\/tribunadapraiaonline\/\" \/>\n<meta property=\"article:published_time\" content=\"2022-06-11T13:24:59+00:00\" \/>\n<meta property=\"article:modified_time\" content=\"2022-06-11T13:32:12+00:00\" \/>\n<meta property=\"og:image\" content=\"https:\/\/tribunadapraia.com.br\/wp-content\/uploads\/2022\/06\/photo.jpg\" \/>\n\t<meta property=\"og:image:width\" content=\"499\" \/>\n\t<meta property=\"og:image:height\" content=\"499\" \/>\n<meta name=\"twitter:card\" content=\"summary_large_image\" \/>\n<meta name=\"twitter:creator\" content=\"@Claudomir21\" \/>\n<meta name=\"twitter:site\" content=\"@Claudomir21\" \/>\n<meta name=\"twitter:label1\" content=\"Est. tempo de leitura\">\n\t<meta name=\"twitter:data1\" content=\"4 minutos\">\n<script type=\"application\/ld+json\" class=\"yoast-schema-graph\">{\"@context\":\"https:\/\/schema.org\",\"@graph\":[{\"@type\":\"Organization\",\"@id\":\"https:\/\/tribunadapraia.com.br\/#organization\",\"name\":\"Tribuna da Praia\",\"url\":\"https:\/\/tribunadapraia.com.br\/\",\"sameAs\":[\"https:\/\/www.facebook.com\/tribunadapraiaonline\/\",\"https:\/\/www.instagram.com\/claudomirtavares\/\",\"https:\/\/www.youtube.com\/channel\/UCwQf80nxiMzCefAyjbp53Rw\",\"https:\/\/twitter.com\/Claudomir21\"],\"logo\":{\"@type\":\"ImageObject\",\"@id\":\"https:\/\/tribunadapraia.com.br\/#logo\",\"inLanguage\":\"pt-BR\",\"url\":\"https:\/\/tribunadapraia.com.br\/wp-content\/uploads\/2020\/02\/logo.png\",\"contentUrl\":\"https:\/\/tribunadapraia.com.br\/wp-content\/uploads\/2020\/02\/logo.png\",\"width\":501,\"height\":121,\"caption\":\"Tribuna da Praia\"},\"image\":{\"@id\":\"https:\/\/tribunadapraia.com.br\/#logo\"}},{\"@type\":\"WebSite\",\"@id\":\"https:\/\/tribunadapraia.com.br\/#website\",\"url\":\"https:\/\/tribunadapraia.com.br\/\",\"name\":\"TRIBUNA DA PRAIA\",\"description\":\"O 1\\u00ba jornal do interior de Sergipe na internet\",\"publisher\":{\"@id\":\"https:\/\/tribunadapraia.com.br\/#organization\"},\"potentialAction\":[{\"@type\":\"SearchAction\",\"target\":\"https:\/\/tribunadapraia.com.br\/?s={search_term_string}\",\"query-input\":\"required name=search_term_string\"}],\"inLanguage\":\"pt-BR\"},{\"@type\":\"ImageObject\",\"@id\":\"https:\/\/tribunadapraia.com.br\/?p=4594#primaryimage\",\"inLanguage\":\"pt-BR\",\"url\":\"https:\/\/tribunadapraia.com.br\/wp-content\/uploads\/2022\/06\/photo.jpg\",\"contentUrl\":\"https:\/\/tribunadapraia.com.br\/wp-content\/uploads\/2022\/06\/photo.jpg\",\"width\":499,\"height\":499},{\"@type\":\"WebPage\",\"@id\":\"https:\/\/tribunadapraia.com.br\/?p=4594#webpage\",\"url\":\"https:\/\/tribunadapraia.com.br\/?p=4594\",\"name\":\"Coluna FIQUE DE OLHO: Represados por dois anos, os 9\\u00b0, 10\\u00b0 e mais o 11\\u00b0 pr\\u00eamios Tribuna da Praia ser\\u00e3o entregues nos 39 anos do jornal fundado em 1983 - TRIBUNA DA PRAIA\",\"isPartOf\":{\"@id\":\"https:\/\/tribunadapraia.com.br\/#website\"},\"primaryImageOfPage\":{\"@id\":\"https:\/\/tribunadapraia.com.br\/?p=4594#primaryimage\"},\"datePublished\":\"2022-06-11T13:24:59+00:00\",\"dateModified\":\"2022-06-11T13:32:12+00:00\",\"breadcrumb\":{\"@id\":\"https:\/\/tribunadapraia.com.br\/?p=4594#breadcrumb\"},\"inLanguage\":\"pt-BR\",\"potentialAction\":[{\"@type\":\"ReadAction\",\"target\":[\"https:\/\/tribunadapraia.com.br\/?p=4594\"]}]},{\"@type\":\"BreadcrumbList\",\"@id\":\"https:\/\/tribunadapraia.com.br\/?p=4594#breadcrumb\",\"itemListElement\":[{\"@type\":\"ListItem\",\"position\":1,\"item\":{\"@type\":\"WebPage\",\"@id\":\"https:\/\/tribunadapraia.com.br\/\",\"url\":\"https:\/\/tribunadapraia.com.br\/\",\"name\":\"In\\u00edcio\"}},{\"@type\":\"ListItem\",\"position\":2,\"item\":{\"@id\":\"https:\/\/tribunadapraia.com.br\/?p=4594#webpage\"}}]},{\"@type\":\"Article\",\"@id\":\"https:\/\/tribunadapraia.com.br\/?p=4594#article\",\"isPartOf\":{\"@id\":\"https:\/\/tribunadapraia.com.br\/?p=4594#webpage\"},\"author\":{\"@id\":\"https:\/\/tribunadapraia.com.br\/#\/schema\/person\/099fbbf59acc5895c0d7d52b4fc46c97\"},\"headline\":\"Coluna FIQUE DE OLHO: Represados por dois anos, os 9\\u00b0, 10\\u00b0 e mais o 11\\u00b0 pr\\u00eamios Tribuna da Praia ser\\u00e3o entregues nos 39 anos do jornal fundado em 1983\",\"datePublished\":\"2022-06-11T13:24:59+00:00\",\"dateModified\":\"2022-06-11T13:32:12+00:00\",\"mainEntityOfPage\":{\"@id\":\"https:\/\/tribunadapraia.com.br\/?p=4594#webpage\"},\"wordCount\":996,\"commentCount\":0,\"publisher\":{\"@id\":\"https:\/\/tribunadapraia.com.br\/#organization\"},\"image\":{\"@id\":\"https:\/\/tribunadapraia.com.br\/?p=4594#primaryimage\"},\"thumbnailUrl\":\"https:\/\/tribunadapraia.com.br\/wp-content\/uploads\/2022\/06\/photo.jpg\",\"articleSection\":[\"Not\\u00edcias\"],\"inLanguage\":\"pt-BR\",\"potentialAction\":[{\"@type\":\"CommentAction\",\"name\":\"Comment\",\"target\":[\"https:\/\/tribunadapraia.com.br\/?p=4594#respond\"]}]},{\"@type\":\"Person\",\"@id\":\"https:\/\/tribunadapraia.com.br\/#\/schema\/person\/099fbbf59acc5895c0d7d52b4fc46c97\",\"name\":\"Reda\\u00e7\\u00e3o\",\"image\":{\"@type\":\"ImageObject\",\"@id\":\"https:\/\/tribunadapraia.com.br\/#personlogo\",\"inLanguage\":\"pt-BR\",\"url\":\"https:\/\/secure.gravatar.com\/avatar\/91c8b91d2bfd7784eac5c3e055361f64?s=96&d=identicon&r=g\",\"contentUrl\":\"https:\/\/secure.gravatar.com\/avatar\/91c8b91d2bfd7784eac5c3e055361f64?s=96&d=identicon&r=g\",\"caption\":\"Reda\\u00e7\\u00e3o\"}}]}<\/script>\n<!-- \/ Yoast SEO plugin. -->","wps_subtitle":"","_links":{"self":[{"href":"https:\/\/tribunadapraia.com.br\/index.php?rest_route=\/wp\/v2\/posts\/4594"}],"collection":[{"href":"https:\/\/tribunadapraia.com.br\/index.php?rest_route=\/wp\/v2\/posts"}],"about":[{"href":"https:\/\/tribunadapraia.com.br\/index.php?rest_route=\/wp\/v2\/types\/post"}],"author":[{"embeddable":true,"href":"https:\/\/tribunadapraia.com.br\/index.php?rest_route=\/wp\/v2\/users\/3"}],"replies":[{"embeddable":true,"href":"https:\/\/tribunadapraia.com.br\/index.php?rest_route=%2Fwp%2Fv2%2Fcomments&post=4594"}],"version-history":[{"count":3,"href":"https:\/\/tribunadapraia.com.br\/index.php?rest_route=\/wp\/v2\/posts\/4594\/revisions"}],"predecessor-version":[{"id":4598,"href":"https:\/\/tribunadapraia.com.br\/index.php?rest_route=\/wp\/v2\/posts\/4594\/revisions\/4598"}],"wp:featuredmedia":[{"embeddable":true,"href":"https:\/\/tribunadapraia.com.br\/index.php?rest_route=\/wp\/v2\/media\/4596"}],"wp:attachment":[{"href":"https:\/\/tribunadapraia.com.br\/index.php?rest_route=%2Fwp%2Fv2%2Fmedia&parent=4594"}],"wp:term":[{"taxonomy":"category","embeddable":true,"href":"https:\/\/tribunadapraia.com.br\/index.php?rest_route=%2Fwp%2Fv2%2Fcategories&post=4594"},{"taxonomy":"post_tag","embeddable":true,"href":"https:\/\/tribunadapraia.com.br\/index.php?rest_route=%2Fwp%2Fv2%2Ftags&post=4594"}],"curies":[{"name":"wp","href":"https:\/\/api.w.org\/{rel}","templated":true}]}}