{"id":4417,"date":"2022-04-30T10:03:21","date_gmt":"2022-04-30T13:03:21","guid":{"rendered":"https:\/\/tribunadapraia.com.br\/?p=4417"},"modified":"2022-04-30T10:10:27","modified_gmt":"2022-04-30T13:10:27","slug":"coluna-fique-de-olho-viva-o-1-de-maio-ha-18-anos-era-lancado-o-site-da-tribuna-da-praia-o-primeiro-jornal-do-interior-de-sergipe-na-internet","status":"publish","type":"post","link":"https:\/\/tribunadapraia.com.br\/?p=4417","title":{"rendered":"Coluna FIQUE DE OLHO: Viva o 1\u00b0 de maio &#8211; H\u00e1 18 anos era lan\u00e7ado o site da Tribuna da Praia, o primeiro jornal do interior de Sergipe na internet"},"content":{"rendered":"<p><em>&#8230; a Tribuna da Praia ultrapassou o limite f\u00edsico e alcan\u00e7ou os cinco continentes da Terra, sendo hoje um Portal Universal<\/em><\/p>\n<ul>\n<li><span style=\"color: #ff6600;\">Por ClaudOmir Herzog<\/span><\/li>\n<\/ul>\n<p>Resultado de um amadurecimento e de uma crescente inser\u00e7\u00e3o entre nossos leitores, era lan\u00e7ado em 1\u00b0 de maio de 2004 na INFONET o site da TRIBUNA DA PRAIA, tendo termina\u00e7\u00e3o PRO.BR (24\/04) e depois COM BR (01\/05). Era a extens\u00e3o da edi\u00e7\u00e3o impressa em formato standard em 2003. O processo de cria\u00e7\u00e3o coube ao web designer Jean Gledson, que j\u00e1 havia desenvolvido em igual plataforma o site PROPRIA.com.br. De l\u00e1 para c\u00e1 migramos para projetos diferentes, como um criado por Dhgego Rocha (.NET), WEB NODE (tribunadapraia.com e concomitante tribunadapraiaonline.com.br). E finalmente depois de uma temporada no BLOGSPOT, passamos em 29 de mar\u00e7o de 2020 para a plataforma WORDPRESS, com o dom\u00ednio original tribunadapraia.com.br<\/p>\n<p><strong>\u25a0 O endere\u00e7o de Sergipe na internet<\/strong><\/p>\n<p>Ao longo dessas quase duas d\u00e9cadas de exist\u00eancia, a Tribuna da Praia se consolidou como o endere\u00e7o de Sergipe na internet, acessado inicialmente atrav\u00e9s de dispositivos fixos (PCs e NoteBooks) e atualmente em dispositivos m\u00f3veis (Celulares e Tablets).<\/p>\n<p><strong>\u25a0 Um projeto profissional<\/strong><\/p>\n<p>Neste per\u00edodo atuaram em nosso site v\u00e1rios profissionais da imprensa, de irretoc\u00e1vel capacidade formuladora, a exemplo de Adilson Silva Santos, Ronaldo Sales, Carol Alexandria e J\u00e9ssica Feitosa, al\u00e9m de diversos colaboradores, colonistas, \u00e9 mas poetas, escritores, pesquisadores e ativistas ambientais, culturais e pol\u00edticos.<\/p>\n<p><strong>\u25a0 De Pirambu para o Mundo<\/strong><\/p>\n<p>Nascido como Jornal estudantil em 23 de agosto de 1983, passando por diversas fases, a Tribuna da Praia possu\u00eda sucursais em Japaratuba e Propri\u00e1. Quando optou pelas edi\u00e7\u00f5es digital e online, a Tribuna da Praia ultrapassou o limite f\u00edsico e alcan\u00e7ou os cinco continentes da Terra, sendo hoje um Portal Universal.<\/p>\n<p><strong>\u25a0 Mensagem da Semana<\/strong><\/p>\n<p>&#8220;Todo jornal que eu leio<br \/>\nMe diz que a gente j\u00e1 era<br \/>\nQue j\u00e1 n\u00e3o \u00e9 mais primavera<br \/>\nOh baby, oh baby<br \/>\nA gente ainda nem come\u00e7ou&#8221;<br \/>\n&#8211; Raul Seixas<\/p>\n<ul>\n<li><span style=\"color: #ff6600;\">ClaudOmir Herzog *53) \u00e9 diretor- fundador da Tribuna da Praia<\/span><\/li>\n<\/ul>\n","protected":false},"excerpt":{"rendered":"<p>&#8230; a Tribuna da Praia ultrapassou o limite f\u00edsico e alcan\u00e7ou os cinco continentes da Terra, sendo hoje um Portal Universal Por ClaudOmir Herzog Resultado de um amadurecimento e de uma crescente inser\u00e7\u00e3o entre nossos leitores, era lan\u00e7ado em 1\u00b0 de maio de 2004 na INFONET o site da TRIBUNA DA PRAIA, tendo termina\u00e7\u00e3o PRO.BR (24\/04) e depois COM BR (01\/05). Era a extens\u00e3o da edi\u00e7\u00e3o impressa em formato standard<\/p>\n","protected":false},"author":3,"featured_media":4419,"comment_status":"open","ping_status":"open","sticky":false,"template":"","format":"standard","meta":[],"categories":[18],"tags":[],"yoast_head":"<!-- This site is optimized with the Yoast SEO plugin v16.3 - https:\/\/yoast.com\/wordpress\/plugins\/seo\/ -->\n<title>Coluna FIQUE DE OLHO: Viva o 1\u00b0 de maio - H\u00e1 18 anos era lan\u00e7ado o site da Tribuna da Praia, o primeiro jornal do interior de Sergipe na internet - TRIBUNA DA PRAIA<\/title>\n<meta name=\"robots\" content=\"index, follow, max-snippet:-1, max-image-preview:large, max-video-preview:-1\" \/>\n<link rel=\"canonical\" href=\"https:\/\/tribunadapraia.com.br\/?p=4417\" \/>\n<meta property=\"og:locale\" content=\"pt_BR\" \/>\n<meta property=\"og:type\" content=\"article\" \/>\n<meta property=\"og:title\" content=\"Coluna FIQUE DE OLHO: Viva o 1\u00b0 de maio - H\u00e1 18 anos era lan\u00e7ado o site da Tribuna da Praia, o primeiro jornal do interior de Sergipe na internet - TRIBUNA DA PRAIA\" \/>\n<meta property=\"og:description\" content=\"&#8230; a Tribuna da Praia ultrapassou o limite f\u00edsico e alcan\u00e7ou os cinco continentes da Terra, sendo hoje um Portal Universal Por ClaudOmir Herzog Resultado de um amadurecimento e de uma crescente inser\u00e7\u00e3o entre nossos leitores, era lan\u00e7ado em 1\u00b0 de maio de 2004 na INFONET o site da TRIBUNA DA PRAIA, tendo termina\u00e7\u00e3o PRO.BR (24\/04) e depois COM BR (01\/05). Era a extens\u00e3o da edi\u00e7\u00e3o impressa em formato standard\" \/>\n<meta property=\"og:url\" content=\"https:\/\/tribunadapraia.com.br\/?p=4417\" \/>\n<meta property=\"og:site_name\" content=\"TRIBUNA DA PRAIA\" \/>\n<meta property=\"article:publisher\" content=\"https:\/\/www.facebook.com\/tribunadapraiaonline\/\" \/>\n<meta property=\"article:published_time\" content=\"2022-04-30T13:03:21+00:00\" \/>\n<meta property=\"article:modified_time\" content=\"2022-04-30T13:10:27+00:00\" \/>\n<meta property=\"og:image\" content=\"https:\/\/tribunadapraia.com.br\/wp-content\/uploads\/2022\/04\/IMG-20220430-WA0014.jpg\" \/>\n\t<meta property=\"og:image:width\" content=\"720\" \/>\n\t<meta property=\"og:image:height\" content=\"936\" \/>\n<meta name=\"twitter:card\" content=\"summary_large_image\" \/>\n<meta name=\"twitter:creator\" content=\"@Claudomir21\" \/>\n<meta name=\"twitter:site\" content=\"@Claudomir21\" \/>\n<meta name=\"twitter:label1\" content=\"Est. tempo de leitura\">\n\t<meta name=\"twitter:data1\" content=\"2 minutos\">\n<script type=\"application\/ld+json\" class=\"yoast-schema-graph\">{\"@context\":\"https:\/\/schema.org\",\"@graph\":[{\"@type\":\"Organization\",\"@id\":\"https:\/\/tribunadapraia.com.br\/#organization\",\"name\":\"Tribuna da Praia\",\"url\":\"https:\/\/tribunadapraia.com.br\/\",\"sameAs\":[\"https:\/\/www.facebook.com\/tribunadapraiaonline\/\",\"https:\/\/www.instagram.com\/claudomirtavares\/\",\"https:\/\/www.youtube.com\/channel\/UCwQf80nxiMzCefAyjbp53Rw\",\"https:\/\/twitter.com\/Claudomir21\"],\"logo\":{\"@type\":\"ImageObject\",\"@id\":\"https:\/\/tribunadapraia.com.br\/#logo\",\"inLanguage\":\"pt-BR\",\"url\":\"https:\/\/tribunadapraia.com.br\/wp-content\/uploads\/2020\/02\/logo.png\",\"contentUrl\":\"https:\/\/tribunadapraia.com.br\/wp-content\/uploads\/2020\/02\/logo.png\",\"width\":501,\"height\":121,\"caption\":\"Tribuna da Praia\"},\"image\":{\"@id\":\"https:\/\/tribunadapraia.com.br\/#logo\"}},{\"@type\":\"WebSite\",\"@id\":\"https:\/\/tribunadapraia.com.br\/#website\",\"url\":\"https:\/\/tribunadapraia.com.br\/\",\"name\":\"TRIBUNA DA PRAIA\",\"description\":\"O 1\\u00ba jornal do interior de Sergipe na internet\",\"publisher\":{\"@id\":\"https:\/\/tribunadapraia.com.br\/#organization\"},\"potentialAction\":[{\"@type\":\"SearchAction\",\"target\":\"https:\/\/tribunadapraia.com.br\/?s={search_term_string}\",\"query-input\":\"required name=search_term_string\"}],\"inLanguage\":\"pt-BR\"},{\"@type\":\"ImageObject\",\"@id\":\"https:\/\/tribunadapraia.com.br\/?p=4417#primaryimage\",\"inLanguage\":\"pt-BR\",\"url\":\"https:\/\/tribunadapraia.com.br\/wp-content\/uploads\/2022\/04\/IMG-20220430-WA0014.jpg\",\"contentUrl\":\"https:\/\/tribunadapraia.com.br\/wp-content\/uploads\/2022\/04\/IMG-20220430-WA0014.jpg\",\"width\":720,\"height\":936},{\"@type\":\"WebPage\",\"@id\":\"https:\/\/tribunadapraia.com.br\/?p=4417#webpage\",\"url\":\"https:\/\/tribunadapraia.com.br\/?p=4417\",\"name\":\"Coluna FIQUE DE OLHO: Viva o 1\\u00b0 de maio - H\\u00e1 18 anos era lan\\u00e7ado o site da Tribuna da Praia, o primeiro jornal do interior de Sergipe na internet - TRIBUNA DA PRAIA\",\"isPartOf\":{\"@id\":\"https:\/\/tribunadapraia.com.br\/#website\"},\"primaryImageOfPage\":{\"@id\":\"https:\/\/tribunadapraia.com.br\/?p=4417#primaryimage\"},\"datePublished\":\"2022-04-30T13:03:21+00:00\",\"dateModified\":\"2022-04-30T13:10:27+00:00\",\"breadcrumb\":{\"@id\":\"https:\/\/tribunadapraia.com.br\/?p=4417#breadcrumb\"},\"inLanguage\":\"pt-BR\",\"potentialAction\":[{\"@type\":\"ReadAction\",\"target\":[\"https:\/\/tribunadapraia.com.br\/?p=4417\"]}]},{\"@type\":\"BreadcrumbList\",\"@id\":\"https:\/\/tribunadapraia.com.br\/?p=4417#breadcrumb\",\"itemListElement\":[{\"@type\":\"ListItem\",\"position\":1,\"item\":{\"@type\":\"WebPage\",\"@id\":\"https:\/\/tribunadapraia.com.br\/\",\"url\":\"https:\/\/tribunadapraia.com.br\/\",\"name\":\"In\\u00edcio\"}},{\"@type\":\"ListItem\",\"position\":2,\"item\":{\"@id\":\"https:\/\/tribunadapraia.com.br\/?p=4417#webpage\"}}]},{\"@type\":\"Article\",\"@id\":\"https:\/\/tribunadapraia.com.br\/?p=4417#article\",\"isPartOf\":{\"@id\":\"https:\/\/tribunadapraia.com.br\/?p=4417#webpage\"},\"author\":{\"@id\":\"https:\/\/tribunadapraia.com.br\/#\/schema\/person\/099fbbf59acc5895c0d7d52b4fc46c97\"},\"headline\":\"Coluna FIQUE DE OLHO: Viva o 1\\u00b0 de maio &#8211; H\\u00e1 18 anos era lan\\u00e7ado o site da Tribuna da Praia, o primeiro jornal do interior de Sergipe na internet\",\"datePublished\":\"2022-04-30T13:03:21+00:00\",\"dateModified\":\"2022-04-30T13:10:27+00:00\",\"mainEntityOfPage\":{\"@id\":\"https:\/\/tribunadapraia.com.br\/?p=4417#webpage\"},\"wordCount\":377,\"commentCount\":0,\"publisher\":{\"@id\":\"https:\/\/tribunadapraia.com.br\/#organization\"},\"image\":{\"@id\":\"https:\/\/tribunadapraia.com.br\/?p=4417#primaryimage\"},\"thumbnailUrl\":\"https:\/\/tribunadapraia.com.br\/wp-content\/uploads\/2022\/04\/IMG-20220430-WA0014.jpg\",\"articleSection\":[\"Not\\u00edcias\"],\"inLanguage\":\"pt-BR\",\"potentialAction\":[{\"@type\":\"CommentAction\",\"name\":\"Comment\",\"target\":[\"https:\/\/tribunadapraia.com.br\/?p=4417#respond\"]}]},{\"@type\":\"Person\",\"@id\":\"https:\/\/tribunadapraia.com.br\/#\/schema\/person\/099fbbf59acc5895c0d7d52b4fc46c97\",\"name\":\"Reda\\u00e7\\u00e3o\",\"image\":{\"@type\":\"ImageObject\",\"@id\":\"https:\/\/tribunadapraia.com.br\/#personlogo\",\"inLanguage\":\"pt-BR\",\"url\":\"https:\/\/secure.gravatar.com\/avatar\/91c8b91d2bfd7784eac5c3e055361f64?s=96&d=identicon&r=g\",\"contentUrl\":\"https:\/\/secure.gravatar.com\/avatar\/91c8b91d2bfd7784eac5c3e055361f64?s=96&d=identicon&r=g\",\"caption\":\"Reda\\u00e7\\u00e3o\"}}]}<\/script>\n<!-- \/ Yoast SEO plugin. -->","wps_subtitle":"","_links":{"self":[{"href":"https:\/\/tribunadapraia.com.br\/index.php?rest_route=\/wp\/v2\/posts\/4417"}],"collection":[{"href":"https:\/\/tribunadapraia.com.br\/index.php?rest_route=\/wp\/v2\/posts"}],"about":[{"href":"https:\/\/tribunadapraia.com.br\/index.php?rest_route=\/wp\/v2\/types\/post"}],"author":[{"embeddable":true,"href":"https:\/\/tribunadapraia.com.br\/index.php?rest_route=\/wp\/v2\/users\/3"}],"replies":[{"embeddable":true,"href":"https:\/\/tribunadapraia.com.br\/index.php?rest_route=%2Fwp%2Fv2%2Fcomments&post=4417"}],"version-history":[{"count":3,"href":"https:\/\/tribunadapraia.com.br\/index.php?rest_route=\/wp\/v2\/posts\/4417\/revisions"}],"predecessor-version":[{"id":4421,"href":"https:\/\/tribunadapraia.com.br\/index.php?rest_route=\/wp\/v2\/posts\/4417\/revisions\/4421"}],"wp:featuredmedia":[{"embeddable":true,"href":"https:\/\/tribunadapraia.com.br\/index.php?rest_route=\/wp\/v2\/media\/4419"}],"wp:attachment":[{"href":"https:\/\/tribunadapraia.com.br\/index.php?rest_route=%2Fwp%2Fv2%2Fmedia&parent=4417"}],"wp:term":[{"taxonomy":"category","embeddable":true,"href":"https:\/\/tribunadapraia.com.br\/index.php?rest_route=%2Fwp%2Fv2%2Fcategories&post=4417"},{"taxonomy":"post_tag","embeddable":true,"href":"https:\/\/tribunadapraia.com.br\/index.php?rest_route=%2Fwp%2Fv2%2Ftags&post=4417"}],"curies":[{"name":"wp","href":"https:\/\/api.w.org\/{rel}","templated":true}]}}