{"id":4406,"date":"2022-04-28T06:20:36","date_gmt":"2022-04-28T09:20:36","guid":{"rendered":"https:\/\/tribunadapraia.com.br\/?p=4406"},"modified":"2022-04-28T10:21:21","modified_gmt":"2022-04-28T13:21:21","slug":"%f0%9f%97%9e%ef%b8%8f-em-propria-justica-eleitoral-caussou-os-diplomas-e-mandatos-do-prefeito-valberto-lima-e-do-vice-prefeito-rafael-sandes-aplicando-lhes-multas-de-r-40-e-20-mil-acrescidos-de-di","status":"publish","type":"post","link":"https:\/\/tribunadapraia.com.br\/?p=4406","title":{"rendered":"\ud83d\uddde\ufe0f Em Propri\u00e1, Justi\u00e7a Eleitoral caussou os diplomas e mandatos do prefeito Valberto Lima e do vice-prefeito Rafael Sandes, aplicando-lhes multas de R$ 40 e 20 mil, acrescidos de direitos pol\u00edticos por 8 anos, estendidos a primeira dama Karine Feitosa e ao super secret\u00e1rio Luan Lima"},"content":{"rendered":"<!--[if lt IE 9]><script>document.createElement('audio');<\/script><![endif]-->\n<audio class=\"wp-audio-shortcode\" id=\"audio-4406-1\" preload=\"none\" style=\"width: 100%;\" controls=\"controls\"><source type=\"audio\/mpeg\" src=\"https:\/\/tribunadapraia.com.br\/wp-content\/uploads\/2022\/04\/Arruma-mala-ae.mp3?_=1\" \/><a href=\"https:\/\/tribunadapraia.com.br\/wp-content\/uploads\/2022\/04\/Arruma-mala-ae.mp3\">https:\/\/tribunadapraia.com.br\/wp-content\/uploads\/2022\/04\/Arruma-mala-ae.mp3<\/a><\/audio>\n<p>Na tarde desta quarta-feira (27), a Justi\u00e7a Eleitoral proferiu decis\u00e3o que cassou o mandato e os direitos pol\u00edticos do prefeito e vice-prefeito de Propri\u00e1, Valberto Lima (MDB) e Rafael Sandes (PDT) respectivamente.<\/p>\n<p>(&#8230;)<\/p>\n<p><em>I)\u00a0CASSAR\u00a0os diplomas e mandatos eletivos de\u00a0VALBERTO DE OLIVEIRA LIMA e<\/em><br \/>\n<em>RAFAEL SILVA SANDES\u00a0como Prefeito e Vice-Prefeito do Munic\u00edpio de Propri\u00e1\/SE,<\/em><br \/>\n<em>respectivamente;<\/em><\/p>\n<p><em>II)\u00a0DECLARAR a INELEGIBILIDADE\u00a0de\u00a0VALBERTO DE OLIVEIRA LIMA, RAFAEL<\/em><br \/>\n<em>SILVA SANDES, LU\u00c3 VIEIRA LIMA e KARINE FEITOSA SANTOS LIMA por 8 (oito) anos, a<\/em><br \/>\n<em>contar da data das Elei\u00e7\u00f5es 2020, com termo final em 15.11.2028;<\/em><\/p>\n<p><em>III) APLICAR MULTA ELEITORAL no importe de R$ 40.000,00 (QUARENTA MIL<\/em><br \/>\n<em>REAIS) a VALBERTO DE OLIVEIRA LIMA e MULTA ELEITORAL no importe de R$ 20.000,00<\/em><br \/>\n<em>(VINTE MIL REAIS) a RAFAEL SILVA SANDES, observada a proporcionalidade, como j\u00e1<\/em><br \/>\n<em>fundamentado alhures.<\/em><\/p>\n<p><em>EXTINGO o processo sem resolu\u00e7\u00e3o do m\u00e9rito em rela\u00e7\u00e3o \u00e0 COLIGA\u00c7\u00c3O<\/em><br \/>\n<em>\u201cESPERAN\u00c7A NA MUDAN\u00c7A\u201d (MDB\/PDT\/PODEMOS\/PSB) em raz\u00e3o de sua ilegitimidade<\/em><br \/>\n<em>passiva, fulcrado no art. 485, VI, do CPC c\/c o art. 22, XIV, da Lei Complementar n. 64\/90 e o art. 41-<\/em><br \/>\n<em>A da Lei n. 9.504\/97.<\/em><br \/>\n<em>Sem embargo, DEFIRO os requerimentos ministeriais em sua integralidade e, por<\/em><br \/>\n<em>conseguinte DETERMINO:<\/em><\/p>\n<p><em>i) a disponibiliza\u00e7\u00e3o do feito \u00e0 Superintend\u00eancia da Pol\u00edcia Federal em Sergipe para fins<\/em><br \/>\n<em>de abertura de inqu\u00e9ritos policiais espec\u00edficos com o fito de apurar as eventuais ocorr\u00eancias dos<\/em><br \/>\n<em>delitos tipificados no art. 299 do C\u00f3digo Eleitoral (corrup\u00e7\u00e3o eleitoral) e no art. 342 do C\u00f3digo Penal<\/em><br \/>\n<em>(falso testemunho) ou, acaso j\u00e1 existentes e em andamento, para melhor subsidi\u00e1-los;<\/em><\/p>\n<p><em>ii) a remessa de c\u00f3pia do termo de audi\u00eancia do dia 7.12.2021, acompanhado das<\/em><br \/>\n<em>m\u00eddias dos depoimentos das testemunhas Edvaldo Pereira e Dr. Samuel, para a Procuradoria-Geral<\/em><br \/>\n<em>de Justi\u00e7a de Sergipe, a fim de que haja o encaminhamento \u00e0 Promotoria de Justi\u00e7a da Cidade de<\/em><br \/>\n<em>Aracaju (Patrim\u00f4nio P\u00fablico\/Curadoria da Sa\u00fade P\u00fablica), com atribui\u00e7\u00e3o de investigar os servi\u00e7os<\/em><br \/>\n<em>p\u00fablicos realizados no HUSE, que integra a Secretaria de Estado da Sa\u00fade;<\/em><\/p>\n<p><em>iii) o imediato desentranhamento dos documentos il\u00edcitos de IDs 85336416, 85336418 e<\/em><br \/>\n<em>85336421 e a aposi\u00e7\u00e3o de sigilo ao documento de ID 61249957, j\u00e1 que este \u00faltimo cont\u00e9m outras<\/em><br \/>\n<em>pe\u00e7as n\u00e3o afetadas pela ilicitude.<\/em><br \/>\n<em>Sem custas e honor\u00e1rios advocat\u00edcios (art. 5\u00ba, LXXVII, da CRFB\/1988 e Lei n.\u00ba<\/em><br \/>\n<em>9.265\/1996).<\/em><br \/>\n<em>P. R. I.<\/em><\/p>\n<p><em>Propri\u00e1\/SE, datada e assinada digitalmente.<\/em><br \/>\n<em>GEILTON COSTA CARDOSO DA SILVA<\/em><br \/>\n<em>Juiz Eleitoral Titular da 19\u00aa Zona Eleitoral de Sergipe<\/em><\/p>\n<ul>\n<li><span style=\"color: #ff6600;\">Fonte: Justi\u00e7a Eleitoral | Apud: A Voz do S\u00e3o Francisco<\/span><\/li>\n<\/ul>\n","protected":false},"excerpt":{"rendered":"<p>Na tarde desta quarta-feira (27), a Justi\u00e7a Eleitoral proferiu decis\u00e3o que cassou o mandato e os direitos pol\u00edticos do prefeito e vice-prefeito de Propri\u00e1, Valberto Lima (MDB) e Rafael Sandes (PDT) respectivamente. (&#8230;) I)\u00a0CASSAR\u00a0os diplomas e mandatos eletivos de\u00a0VALBERTO DE OLIVEIRA LIMA e RAFAEL SILVA SANDES\u00a0como Prefeito e Vice-Prefeito do Munic\u00edpio de Propri\u00e1\/SE, respectivamente; II)\u00a0DECLARAR a INELEGIBILIDADE\u00a0de\u00a0VALBERTO DE OLIVEIRA LIMA, RAFAEL SILVA SANDES, LU\u00c3 VIEIRA LIMA e KARINE FEITOSA SANTOS<\/p>\n","protected":false},"author":1,"featured_media":4414,"comment_status":"open","ping_status":"open","sticky":false,"template":"","format":"standard","meta":[],"categories":[18],"tags":[],"yoast_head":"<!-- This site is optimized with the Yoast SEO plugin v16.3 - https:\/\/yoast.com\/wordpress\/plugins\/seo\/ -->\n<title>\ud83d\uddde\ufe0f Em Propri\u00e1, Justi\u00e7a Eleitoral caussou os diplomas e mandatos do prefeito Valberto Lima e do vice-prefeito Rafael Sandes, aplicando-lhes multas de R$ 40 e 20 mil, acrescidos de direitos pol\u00edticos por 8 anos, estendidos a primeira dama Karine Feitosa e ao super secret\u00e1rio Luan Lima - TRIBUNA DA PRAIA<\/title>\n<meta name=\"robots\" content=\"index, follow, max-snippet:-1, max-image-preview:large, max-video-preview:-1\" \/>\n<link rel=\"canonical\" href=\"https:\/\/tribunadapraia.com.br\/?p=4406\" \/>\n<meta property=\"og:locale\" content=\"pt_BR\" \/>\n<meta property=\"og:type\" content=\"article\" \/>\n<meta property=\"og:title\" content=\"\ud83d\uddde\ufe0f Em Propri\u00e1, Justi\u00e7a Eleitoral caussou os diplomas e mandatos do prefeito Valberto Lima e do vice-prefeito Rafael Sandes, aplicando-lhes multas de R$ 40 e 20 mil, acrescidos de direitos pol\u00edticos por 8 anos, estendidos a primeira dama Karine Feitosa e ao super secret\u00e1rio Luan Lima - TRIBUNA DA PRAIA\" \/>\n<meta property=\"og:description\" content=\"Na tarde desta quarta-feira (27), a Justi\u00e7a Eleitoral proferiu decis\u00e3o que cassou o mandato e os direitos pol\u00edticos do prefeito e vice-prefeito de Propri\u00e1, Valberto Lima (MDB) e Rafael Sandes (PDT) respectivamente. (&#8230;) I)\u00a0CASSAR\u00a0os diplomas e mandatos eletivos de\u00a0VALBERTO DE OLIVEIRA LIMA e RAFAEL SILVA SANDES\u00a0como Prefeito e Vice-Prefeito do Munic\u00edpio de Propri\u00e1\/SE, respectivamente; II)\u00a0DECLARAR a INELEGIBILIDADE\u00a0de\u00a0VALBERTO DE OLIVEIRA LIMA, RAFAEL SILVA SANDES, LU\u00c3 VIEIRA LIMA e KARINE FEITOSA SANTOS\" \/>\n<meta property=\"og:url\" content=\"https:\/\/tribunadapraia.com.br\/?p=4406\" \/>\n<meta property=\"og:site_name\" content=\"TRIBUNA DA PRAIA\" \/>\n<meta property=\"article:publisher\" content=\"https:\/\/www.facebook.com\/tribunadapraiaonline\/\" \/>\n<meta property=\"article:published_time\" content=\"2022-04-28T09:20:36+00:00\" \/>\n<meta property=\"article:modified_time\" content=\"2022-04-28T13:21:21+00:00\" \/>\n<meta property=\"og:image\" content=\"https:\/\/tribunadapraia.com.br\/wp-content\/uploads\/2022\/04\/IMG-20220428-WA0007.jpg\" \/>\n\t<meta property=\"og:image:width\" content=\"1080\" \/>\n\t<meta property=\"og:image:height\" content=\"792\" \/>\n<meta name=\"twitter:card\" content=\"summary_large_image\" \/>\n<meta name=\"twitter:creator\" content=\"@Claudomir21\" \/>\n<meta name=\"twitter:site\" content=\"@Claudomir21\" \/>\n<meta name=\"twitter:label1\" content=\"Est. tempo de leitura\">\n\t<meta name=\"twitter:data1\" content=\"2 minutos\">\n<script type=\"application\/ld+json\" class=\"yoast-schema-graph\">{\"@context\":\"https:\/\/schema.org\",\"@graph\":[{\"@type\":\"Organization\",\"@id\":\"https:\/\/tribunadapraia.com.br\/#organization\",\"name\":\"Tribuna da Praia\",\"url\":\"https:\/\/tribunadapraia.com.br\/\",\"sameAs\":[\"https:\/\/www.facebook.com\/tribunadapraiaonline\/\",\"https:\/\/www.instagram.com\/claudomirtavares\/\",\"https:\/\/www.youtube.com\/channel\/UCwQf80nxiMzCefAyjbp53Rw\",\"https:\/\/twitter.com\/Claudomir21\"],\"logo\":{\"@type\":\"ImageObject\",\"@id\":\"https:\/\/tribunadapraia.com.br\/#logo\",\"inLanguage\":\"pt-BR\",\"url\":\"https:\/\/tribunadapraia.com.br\/wp-content\/uploads\/2020\/02\/logo.png\",\"contentUrl\":\"https:\/\/tribunadapraia.com.br\/wp-content\/uploads\/2020\/02\/logo.png\",\"width\":501,\"height\":121,\"caption\":\"Tribuna da Praia\"},\"image\":{\"@id\":\"https:\/\/tribunadapraia.com.br\/#logo\"}},{\"@type\":\"WebSite\",\"@id\":\"https:\/\/tribunadapraia.com.br\/#website\",\"url\":\"https:\/\/tribunadapraia.com.br\/\",\"name\":\"TRIBUNA DA PRAIA\",\"description\":\"O 1\\u00ba jornal do interior de Sergipe na internet\",\"publisher\":{\"@id\":\"https:\/\/tribunadapraia.com.br\/#organization\"},\"potentialAction\":[{\"@type\":\"SearchAction\",\"target\":\"https:\/\/tribunadapraia.com.br\/?s={search_term_string}\",\"query-input\":\"required name=search_term_string\"}],\"inLanguage\":\"pt-BR\"},{\"@type\":\"ImageObject\",\"@id\":\"https:\/\/tribunadapraia.com.br\/?p=4406#primaryimage\",\"inLanguage\":\"pt-BR\",\"url\":\"https:\/\/tribunadapraia.com.br\/wp-content\/uploads\/2022\/04\/IMG-20220428-WA0007.jpg\",\"contentUrl\":\"https:\/\/tribunadapraia.com.br\/wp-content\/uploads\/2022\/04\/IMG-20220428-WA0007.jpg\",\"width\":1080,\"height\":792},{\"@type\":\"WebPage\",\"@id\":\"https:\/\/tribunadapraia.com.br\/?p=4406#webpage\",\"url\":\"https:\/\/tribunadapraia.com.br\/?p=4406\",\"name\":\"\\ud83d\\uddde\\ufe0f Em Propri\\u00e1, Justi\\u00e7a Eleitoral caussou os diplomas e mandatos do prefeito Valberto Lima e do vice-prefeito Rafael Sandes, aplicando-lhes multas de R$ 40 e 20 mil, acrescidos de direitos pol\\u00edticos por 8 anos, estendidos a primeira dama Karine Feitosa e ao super secret\\u00e1rio Luan Lima - TRIBUNA DA PRAIA\",\"isPartOf\":{\"@id\":\"https:\/\/tribunadapraia.com.br\/#website\"},\"primaryImageOfPage\":{\"@id\":\"https:\/\/tribunadapraia.com.br\/?p=4406#primaryimage\"},\"datePublished\":\"2022-04-28T09:20:36+00:00\",\"dateModified\":\"2022-04-28T13:21:21+00:00\",\"breadcrumb\":{\"@id\":\"https:\/\/tribunadapraia.com.br\/?p=4406#breadcrumb\"},\"inLanguage\":\"pt-BR\",\"potentialAction\":[{\"@type\":\"ReadAction\",\"target\":[\"https:\/\/tribunadapraia.com.br\/?p=4406\"]}]},{\"@type\":\"BreadcrumbList\",\"@id\":\"https:\/\/tribunadapraia.com.br\/?p=4406#breadcrumb\",\"itemListElement\":[{\"@type\":\"ListItem\",\"position\":1,\"item\":{\"@type\":\"WebPage\",\"@id\":\"https:\/\/tribunadapraia.com.br\/\",\"url\":\"https:\/\/tribunadapraia.com.br\/\",\"name\":\"In\\u00edcio\"}},{\"@type\":\"ListItem\",\"position\":2,\"item\":{\"@id\":\"https:\/\/tribunadapraia.com.br\/?p=4406#webpage\"}}]},{\"@type\":\"Article\",\"@id\":\"https:\/\/tribunadapraia.com.br\/?p=4406#article\",\"isPartOf\":{\"@id\":\"https:\/\/tribunadapraia.com.br\/?p=4406#webpage\"},\"author\":{\"@id\":\"https:\/\/tribunadapraia.com.br\/#\/schema\/person\/326b0a9f3163b479142c64eba4928de0\"},\"headline\":\"\\ud83d\\uddde\\ufe0f Em Propri\\u00e1, Justi\\u00e7a Eleitoral caussou os diplomas e mandatos do prefeito Valberto Lima e do vice-prefeito Rafael Sandes, aplicando-lhes multas de R$ 40 e 20 mil, acrescidos de direitos pol\\u00edticos por 8 anos, estendidos a primeira dama Karine Feitosa e ao super secret\\u00e1rio Luan Lima\",\"datePublished\":\"2022-04-28T09:20:36+00:00\",\"dateModified\":\"2022-04-28T13:21:21+00:00\",\"mainEntityOfPage\":{\"@id\":\"https:\/\/tribunadapraia.com.br\/?p=4406#webpage\"},\"wordCount\":482,\"commentCount\":0,\"publisher\":{\"@id\":\"https:\/\/tribunadapraia.com.br\/#organization\"},\"image\":{\"@id\":\"https:\/\/tribunadapraia.com.br\/?p=4406#primaryimage\"},\"thumbnailUrl\":\"https:\/\/tribunadapraia.com.br\/wp-content\/uploads\/2022\/04\/IMG-20220428-WA0007.jpg\",\"articleSection\":[\"Not\\u00edcias\"],\"inLanguage\":\"pt-BR\",\"potentialAction\":[{\"@type\":\"CommentAction\",\"name\":\"Comment\",\"target\":[\"https:\/\/tribunadapraia.com.br\/?p=4406#respond\"]}]},{\"@type\":\"Person\",\"@id\":\"https:\/\/tribunadapraia.com.br\/#\/schema\/person\/326b0a9f3163b479142c64eba4928de0\",\"name\":\"tribunadapraia\",\"image\":{\"@type\":\"ImageObject\",\"@id\":\"https:\/\/tribunadapraia.com.br\/#personlogo\",\"inLanguage\":\"pt-BR\",\"url\":\"https:\/\/secure.gravatar.com\/avatar\/38b019c74762496076b7355024a0dad9?s=96&d=identicon&r=g\",\"contentUrl\":\"https:\/\/secure.gravatar.com\/avatar\/38b019c74762496076b7355024a0dad9?s=96&d=identicon&r=g\",\"caption\":\"tribunadapraia\"}}]}<\/script>\n<!-- \/ Yoast SEO plugin. -->","wps_subtitle":"","_links":{"self":[{"href":"https:\/\/tribunadapraia.com.br\/index.php?rest_route=\/wp\/v2\/posts\/4406"}],"collection":[{"href":"https:\/\/tribunadapraia.com.br\/index.php?rest_route=\/wp\/v2\/posts"}],"about":[{"href":"https:\/\/tribunadapraia.com.br\/index.php?rest_route=\/wp\/v2\/types\/post"}],"author":[{"embeddable":true,"href":"https:\/\/tribunadapraia.com.br\/index.php?rest_route=\/wp\/v2\/users\/1"}],"replies":[{"embeddable":true,"href":"https:\/\/tribunadapraia.com.br\/index.php?rest_route=%2Fwp%2Fv2%2Fcomments&post=4406"}],"version-history":[{"count":4,"href":"https:\/\/tribunadapraia.com.br\/index.php?rest_route=\/wp\/v2\/posts\/4406\/revisions"}],"predecessor-version":[{"id":4416,"href":"https:\/\/tribunadapraia.com.br\/index.php?rest_route=\/wp\/v2\/posts\/4406\/revisions\/4416"}],"wp:featuredmedia":[{"embeddable":true,"href":"https:\/\/tribunadapraia.com.br\/index.php?rest_route=\/wp\/v2\/media\/4414"}],"wp:attachment":[{"href":"https:\/\/tribunadapraia.com.br\/index.php?rest_route=%2Fwp%2Fv2%2Fmedia&parent=4406"}],"wp:term":[{"taxonomy":"category","embeddable":true,"href":"https:\/\/tribunadapraia.com.br\/index.php?rest_route=%2Fwp%2Fv2%2Fcategories&post=4406"},{"taxonomy":"post_tag","embeddable":true,"href":"https:\/\/tribunadapraia.com.br\/index.php?rest_route=%2Fwp%2Fv2%2Ftags&post=4406"}],"curies":[{"name":"wp","href":"https:\/\/api.w.org\/{rel}","templated":true}]}}