{"id":4398,"date":"2022-04-25T21:46:28","date_gmt":"2022-04-26T00:46:28","guid":{"rendered":"https:\/\/tribunadapraia.com.br\/?p=4398"},"modified":"2022-04-25T22:17:19","modified_gmt":"2022-04-26T01:17:19","slug":"editorial-nao-se-preocupe-com-o-papa-figo-comedor-de-ctisnvimha-luciano-eles-nunca-existiram","status":"publish","type":"post","link":"https:\/\/tribunadapraia.com.br\/?p=4398","title":{"rendered":"Editorial: N\u00e3o se preocupe com o &#8220;papa-figo, comedor de criancinha&#8221; Luciano, eles nunca existiram"},"content":{"rendered":"<p>Em entrevista na tarde desta segunda-feira (25), ao radialista George Magalhaes (R\u00e1dio SIM 94,3 FM) o pr\u00e9-candidato a deputado fedetal pelo Centr\u00e3o, Luciano Nascimento (PP), disse simpatizar com Jair Bolsonaro desde 2015 e que votar\u00e1 pela sua reelei\u00e7\u00e3o para impedir o &#8220;comunismo&#8221; (pasmem) no Brasil. Como assim, Luciano, pois em 133 anos de Rep\u00fablica e 200 anos de Na\u00e7\u00e3o nunca tivemos um governo de esquerda, qui\u00e7\u00e1 comunista? A forma de organiza\u00e7\u00e3o de nossa sociedade que mais se aproxima do comunismo primitivo tem seu marco temporal anterior a 1500.<\/p>\n<p>Luciano repete as mesmas est\u00f3rias que eu ouvi quando crian\u00e7a na d\u00e9cada de 1970 &#8211; &#8220;papa-figo&#8221; e que a luz da hist\u00f3ria e da mem\u00f3ria nunca se puseram de p\u00e9.<\/p>\n<p><img loading=\"lazy\" class=\"size-medium wp-image-4400 alignleft\" src=\"https:\/\/tribunadapraia.com.br\/wp-content\/uploads\/2022\/04\/fakenews-418x235-1-300x169.jpg\" alt=\"\" width=\"300\" height=\"169\" srcset=\"https:\/\/tribunadapraia.com.br\/wp-content\/uploads\/2022\/04\/fakenews-418x235-1-300x169.jpg 300w, https:\/\/tribunadapraia.com.br\/wp-content\/uploads\/2022\/04\/fakenews-418x235-1.jpg 418w\" sizes=\"(max-width: 300px) 100vw, 300px\" \/>Temos profundo respeito pelo Luciano Nascimento, mas desta vez ele exacerbou em desinformar a legi\u00e3o de ouvintes daquela emissora a qual \u00e9 detentora da maior audi\u00eancia de nossa regi\u00e3o.<\/p>\n<ul>\n<li><span style=\"color: #ff6600;\">Por Reda\u00e7\u00e3o | Imagem: Dom\u00ednio P\u00fablico<\/span><\/li>\n<\/ul>\n","protected":false},"excerpt":{"rendered":"<p>Em entrevista na tarde desta segunda-feira (25), ao radialista George Magalhaes (R\u00e1dio SIM 94,3 FM) o pr\u00e9-candidato a deputado fedetal pelo Centr\u00e3o, Luciano Nascimento (PP), disse simpatizar com Jair Bolsonaro desde 2015 e que votar\u00e1 pela sua reelei\u00e7\u00e3o para impedir o &#8220;comunismo&#8221; (pasmem) no Brasil. Como assim, Luciano, pois em 133 anos de Rep\u00fablica e 200 anos de Na\u00e7\u00e3o nunca tivemos um governo de esquerda, qui\u00e7\u00e1 comunista? A forma de<\/p>\n","protected":false},"author":3,"featured_media":4399,"comment_status":"open","ping_status":"open","sticky":false,"template":"","format":"standard","meta":[],"categories":[18],"tags":[],"yoast_head":"<!-- This site is optimized with the Yoast SEO plugin v16.3 - https:\/\/yoast.com\/wordpress\/plugins\/seo\/ -->\n<title>Editorial: N\u00e3o se preocupe com o &quot;papa-figo, comedor de criancinha&quot; Luciano, eles nunca existiram - TRIBUNA DA PRAIA<\/title>\n<meta name=\"robots\" content=\"index, follow, max-snippet:-1, max-image-preview:large, max-video-preview:-1\" \/>\n<link rel=\"canonical\" href=\"https:\/\/tribunadapraia.com.br\/?p=4398\" \/>\n<meta property=\"og:locale\" content=\"pt_BR\" \/>\n<meta property=\"og:type\" content=\"article\" \/>\n<meta property=\"og:title\" content=\"Editorial: N\u00e3o se preocupe com o &quot;papa-figo, comedor de criancinha&quot; Luciano, eles nunca existiram - TRIBUNA DA PRAIA\" \/>\n<meta property=\"og:description\" content=\"Em entrevista na tarde desta segunda-feira (25), ao radialista George Magalhaes (R\u00e1dio SIM 94,3 FM) o pr\u00e9-candidato a deputado fedetal pelo Centr\u00e3o, Luciano Nascimento (PP), disse simpatizar com Jair Bolsonaro desde 2015 e que votar\u00e1 pela sua reelei\u00e7\u00e3o para impedir o &#8220;comunismo&#8221; (pasmem) no Brasil. Como assim, Luciano, pois em 133 anos de Rep\u00fablica e 200 anos de Na\u00e7\u00e3o nunca tivemos um governo de esquerda, qui\u00e7\u00e1 comunista? A forma de\" \/>\n<meta property=\"og:url\" content=\"https:\/\/tribunadapraia.com.br\/?p=4398\" \/>\n<meta property=\"og:site_name\" content=\"TRIBUNA DA PRAIA\" \/>\n<meta property=\"article:publisher\" content=\"https:\/\/www.facebook.com\/tribunadapraiaonline\/\" \/>\n<meta property=\"article:published_time\" content=\"2022-04-26T00:46:28+00:00\" \/>\n<meta property=\"article:modified_time\" content=\"2022-04-26T01:17:19+00:00\" \/>\n<meta property=\"og:image\" content=\"https:\/\/tribunadapraia.com.br\/wp-content\/uploads\/2022\/04\/papa-figo-og-450x300-1.jpg\" \/>\n\t<meta property=\"og:image:width\" content=\"450\" \/>\n\t<meta property=\"og:image:height\" content=\"300\" \/>\n<meta name=\"twitter:card\" content=\"summary_large_image\" \/>\n<meta name=\"twitter:creator\" content=\"@Claudomir21\" \/>\n<meta name=\"twitter:site\" content=\"@Claudomir21\" \/>\n<meta name=\"twitter:label1\" content=\"Est. tempo de leitura\">\n\t<meta name=\"twitter:data1\" content=\"1 minuto\">\n<script type=\"application\/ld+json\" class=\"yoast-schema-graph\">{\"@context\":\"https:\/\/schema.org\",\"@graph\":[{\"@type\":\"Organization\",\"@id\":\"https:\/\/tribunadapraia.com.br\/#organization\",\"name\":\"Tribuna da Praia\",\"url\":\"https:\/\/tribunadapraia.com.br\/\",\"sameAs\":[\"https:\/\/www.facebook.com\/tribunadapraiaonline\/\",\"https:\/\/www.instagram.com\/claudomirtavares\/\",\"https:\/\/www.youtube.com\/channel\/UCwQf80nxiMzCefAyjbp53Rw\",\"https:\/\/twitter.com\/Claudomir21\"],\"logo\":{\"@type\":\"ImageObject\",\"@id\":\"https:\/\/tribunadapraia.com.br\/#logo\",\"inLanguage\":\"pt-BR\",\"url\":\"https:\/\/tribunadapraia.com.br\/wp-content\/uploads\/2020\/02\/logo.png\",\"contentUrl\":\"https:\/\/tribunadapraia.com.br\/wp-content\/uploads\/2020\/02\/logo.png\",\"width\":501,\"height\":121,\"caption\":\"Tribuna da Praia\"},\"image\":{\"@id\":\"https:\/\/tribunadapraia.com.br\/#logo\"}},{\"@type\":\"WebSite\",\"@id\":\"https:\/\/tribunadapraia.com.br\/#website\",\"url\":\"https:\/\/tribunadapraia.com.br\/\",\"name\":\"TRIBUNA DA PRAIA\",\"description\":\"O 1\\u00ba jornal do interior de Sergipe na internet\",\"publisher\":{\"@id\":\"https:\/\/tribunadapraia.com.br\/#organization\"},\"potentialAction\":[{\"@type\":\"SearchAction\",\"target\":\"https:\/\/tribunadapraia.com.br\/?s={search_term_string}\",\"query-input\":\"required name=search_term_string\"}],\"inLanguage\":\"pt-BR\"},{\"@type\":\"ImageObject\",\"@id\":\"https:\/\/tribunadapraia.com.br\/?p=4398#primaryimage\",\"inLanguage\":\"pt-BR\",\"url\":\"https:\/\/tribunadapraia.com.br\/wp-content\/uploads\/2022\/04\/papa-figo-og-450x300-1.jpg\",\"contentUrl\":\"https:\/\/tribunadapraia.com.br\/wp-content\/uploads\/2022\/04\/papa-figo-og-450x300-1.jpg\",\"width\":450,\"height\":300},{\"@type\":\"WebPage\",\"@id\":\"https:\/\/tribunadapraia.com.br\/?p=4398#webpage\",\"url\":\"https:\/\/tribunadapraia.com.br\/?p=4398\",\"name\":\"Editorial: N\\u00e3o se preocupe com o \\\"papa-figo, comedor de criancinha\\\" Luciano, eles nunca existiram - TRIBUNA DA PRAIA\",\"isPartOf\":{\"@id\":\"https:\/\/tribunadapraia.com.br\/#website\"},\"primaryImageOfPage\":{\"@id\":\"https:\/\/tribunadapraia.com.br\/?p=4398#primaryimage\"},\"datePublished\":\"2022-04-26T00:46:28+00:00\",\"dateModified\":\"2022-04-26T01:17:19+00:00\",\"breadcrumb\":{\"@id\":\"https:\/\/tribunadapraia.com.br\/?p=4398#breadcrumb\"},\"inLanguage\":\"pt-BR\",\"potentialAction\":[{\"@type\":\"ReadAction\",\"target\":[\"https:\/\/tribunadapraia.com.br\/?p=4398\"]}]},{\"@type\":\"BreadcrumbList\",\"@id\":\"https:\/\/tribunadapraia.com.br\/?p=4398#breadcrumb\",\"itemListElement\":[{\"@type\":\"ListItem\",\"position\":1,\"item\":{\"@type\":\"WebPage\",\"@id\":\"https:\/\/tribunadapraia.com.br\/\",\"url\":\"https:\/\/tribunadapraia.com.br\/\",\"name\":\"In\\u00edcio\"}},{\"@type\":\"ListItem\",\"position\":2,\"item\":{\"@id\":\"https:\/\/tribunadapraia.com.br\/?p=4398#webpage\"}}]},{\"@type\":\"Article\",\"@id\":\"https:\/\/tribunadapraia.com.br\/?p=4398#article\",\"isPartOf\":{\"@id\":\"https:\/\/tribunadapraia.com.br\/?p=4398#webpage\"},\"author\":{\"@id\":\"https:\/\/tribunadapraia.com.br\/#\/schema\/person\/099fbbf59acc5895c0d7d52b4fc46c97\"},\"headline\":\"Editorial: N\\u00e3o se preocupe com o &#8220;papa-figo, comedor de criancinha&#8221; Luciano, eles nunca existiram\",\"datePublished\":\"2022-04-26T00:46:28+00:00\",\"dateModified\":\"2022-04-26T01:17:19+00:00\",\"mainEntityOfPage\":{\"@id\":\"https:\/\/tribunadapraia.com.br\/?p=4398#webpage\"},\"wordCount\":177,\"commentCount\":0,\"publisher\":{\"@id\":\"https:\/\/tribunadapraia.com.br\/#organization\"},\"image\":{\"@id\":\"https:\/\/tribunadapraia.com.br\/?p=4398#primaryimage\"},\"thumbnailUrl\":\"https:\/\/tribunadapraia.com.br\/wp-content\/uploads\/2022\/04\/papa-figo-og-450x300-1.jpg\",\"articleSection\":[\"Not\\u00edcias\"],\"inLanguage\":\"pt-BR\",\"potentialAction\":[{\"@type\":\"CommentAction\",\"name\":\"Comment\",\"target\":[\"https:\/\/tribunadapraia.com.br\/?p=4398#respond\"]}]},{\"@type\":\"Person\",\"@id\":\"https:\/\/tribunadapraia.com.br\/#\/schema\/person\/099fbbf59acc5895c0d7d52b4fc46c97\",\"name\":\"Reda\\u00e7\\u00e3o\",\"image\":{\"@type\":\"ImageObject\",\"@id\":\"https:\/\/tribunadapraia.com.br\/#personlogo\",\"inLanguage\":\"pt-BR\",\"url\":\"https:\/\/secure.gravatar.com\/avatar\/91c8b91d2bfd7784eac5c3e055361f64?s=96&d=identicon&r=g\",\"contentUrl\":\"https:\/\/secure.gravatar.com\/avatar\/91c8b91d2bfd7784eac5c3e055361f64?s=96&d=identicon&r=g\",\"caption\":\"Reda\\u00e7\\u00e3o\"}}]}<\/script>\n<!-- \/ Yoast SEO plugin. -->","wps_subtitle":"","_links":{"self":[{"href":"https:\/\/tribunadapraia.com.br\/index.php?rest_route=\/wp\/v2\/posts\/4398"}],"collection":[{"href":"https:\/\/tribunadapraia.com.br\/index.php?rest_route=\/wp\/v2\/posts"}],"about":[{"href":"https:\/\/tribunadapraia.com.br\/index.php?rest_route=\/wp\/v2\/types\/post"}],"author":[{"embeddable":true,"href":"https:\/\/tribunadapraia.com.br\/index.php?rest_route=\/wp\/v2\/users\/3"}],"replies":[{"embeddable":true,"href":"https:\/\/tribunadapraia.com.br\/index.php?rest_route=%2Fwp%2Fv2%2Fcomments&post=4398"}],"version-history":[{"count":2,"href":"https:\/\/tribunadapraia.com.br\/index.php?rest_route=\/wp\/v2\/posts\/4398\/revisions"}],"predecessor-version":[{"id":4402,"href":"https:\/\/tribunadapraia.com.br\/index.php?rest_route=\/wp\/v2\/posts\/4398\/revisions\/4402"}],"wp:featuredmedia":[{"embeddable":true,"href":"https:\/\/tribunadapraia.com.br\/index.php?rest_route=\/wp\/v2\/media\/4399"}],"wp:attachment":[{"href":"https:\/\/tribunadapraia.com.br\/index.php?rest_route=%2Fwp%2Fv2%2Fmedia&parent=4398"}],"wp:term":[{"taxonomy":"category","embeddable":true,"href":"https:\/\/tribunadapraia.com.br\/index.php?rest_route=%2Fwp%2Fv2%2Fcategories&post=4398"},{"taxonomy":"post_tag","embeddable":true,"href":"https:\/\/tribunadapraia.com.br\/index.php?rest_route=%2Fwp%2Fv2%2Ftags&post=4398"}],"curies":[{"name":"wp","href":"https:\/\/api.w.org\/{rel}","templated":true}]}}