{"id":4391,"date":"2022-04-23T18:20:24","date_gmt":"2022-04-23T21:20:24","guid":{"rendered":"https:\/\/tribunadapraia.com.br\/?p=4391"},"modified":"2022-04-23T18:25:40","modified_gmt":"2022-04-23T21:25:40","slug":"%f0%9f%97%9e%ef%b8%8f-coluna-fique-de-olho-verniz-de-esquerda-para-disfarcar-projeto-social-liberal-e-conciliacao-de-classe","status":"publish","type":"post","link":"https:\/\/tribunadapraia.com.br\/?p=4391","title":{"rendered":"\ud83d\uddde\ufe0f Coluna FIQUE DE OLHO: Verniz de esquerda, para disfar\u00e7ar projeto social liberal e concilia\u00e7\u00e3o de classe"},"content":{"rendered":"<!--[if lt IE 9]><script>document.createElement('audio');<\/script><![endif]-->\n<audio class=\"wp-audio-shortcode\" id=\"audio-4391-1\" preload=\"none\" style=\"width: 100%;\" controls=\"controls\"><source type=\"audio\/mpeg\" src=\"https:\/\/tribunadapraia.com.br\/wp-content\/uploads\/2022\/04\/AUD-20220423-WA0046.mp3?_=1\" \/><a href=\"https:\/\/tribunadapraia.com.br\/wp-content\/uploads\/2022\/04\/AUD-20220423-WA0046.mp3\">https:\/\/tribunadapraia.com.br\/wp-content\/uploads\/2022\/04\/AUD-20220423-WA0046.mp3<\/a><\/audio>\n<ul>\n<li><span style=\"color: #ff6600;\">Por ClaudOmir Herzog<\/span><\/li>\n<\/ul>\n<p>Alguns partidos e for\u00e7as pol\u00edticas com razo\u00e1vel inser\u00e7\u00e3o social e com certa consist\u00eancia ideol\u00f3gica, aderiram ao projeto social liberal e de concilia\u00e7\u00e3o de classe, renunciando, pelo menos temporariamente, aos princ\u00edpios que um dia se propuseram trilhar. Esta caracterizado o cretinismo eleitoral e de promiscuidade pol\u00edtica. Excetuam-se destes adjetivos partidos de esquerda como o PSTU e o PCB, que lan\u00e7aram respectivamente \u00e0s pr\u00e9-candidaturas da oper\u00e1ria Vera L\u00facia e da professora Sofia Manzano. Aqui em Sergipe o PSTU lan\u00e7ar\u00e1 o servidor federal Elinos Sabino e o PCB sinalizou com a possibilidade real de tamb\u00e9m lan\u00e7ar, descartando qualquer possibilidade de coadjuvar com os sociais liberais e conciliadores de classe<\/p>\n<p><strong>\u25a0 Anotem a\u00ed&#8230;<\/strong><\/p>\n<p>Certo de um inevit\u00e1vel &#8220;enjaulamentp&#8221;, o ex-prefeito de Itabaiana, Valmir de Francisquinho (PL) ser\u00e1 mesmo candidato a deputado federal. Mant\u00e9m o ensaio de uma infrut\u00edfera pr\u00e9-candidatura ao Governo de Sergipe para preservar o nome em evid\u00eancia e n\u00e3o correr riscos de n\u00e3o eleger-se para a C\u00e2mara Federal<\/p>\n<p><strong>\u25a0 Ser\u00e1 que ele o far\u00e1?<\/strong><\/p>\n<p>O prefeito de Propri\u00e1, Valberto Lima (MDB) &#8220;sofre no para\u00edso&#8221;. Ele tem aliados que poderiam dar as respostas que a imprensa e a sociedade clamam, mas n\u00e3o vou dar pistas nem espolie. Ele sabe qual o melhor nome (s\u00e9rio, etico, competente, qualificado e fiel) para ocupar maestralmemte a emblen\u00e1tica coordena\u00e7\u00e3o de Comunica\u00e7\u00e3o. Estaremos aqui de prontid\u00e3o para aplaudir e jogar confetes quando a nomea\u00e7\u00e3o for confirmada.<\/p>\n<p><strong>\u25a0 Lula j\u00e1 bateu o martelo<\/strong><\/p>\n<p>Quais \u00e0s motiva\u00e7\u00f5es (eu imagino) de parte da imprensa sergioana em repercutir a informa\u00e7\u00e3o da CNN Brasil de que Lula iria interceder para demover o senador Rog\u00e9rio Carvalho da sua pr\u00e9-candidatura ao governo de Sergipe. A informa\u00e7\u00e3o \u00e9 um factoide sen sustenta\u00e7\u00e3o e coube ao pr\u00f3prio Lula negar tal leviandade. &#8220;Lula bate o martelinho e Rog\u00e9rio Carvalho ser\u00e1 candidato a govdrnador de Sergipe&#8221;, afirmou a jornalista M\u00f4nica Bergamo (Folha de S\u00e3o Paulo), que testemunhou di\u00e1logo entre ambos<\/p>\n<p><strong>\u25a0 GM em boas m\u00e3os!<\/strong><\/p>\n<p>Repercutiu positivamente entre a tropa e a sociedade propriaense a nomea\u00e7\u00e3o pelo prefeito Valberto Lima (MDB,) do operoso e saliente Airton Pereira J\u00fanior (GM J\u00fanior) como o novo comandante da Guarda Municipal. Esse \u00e9 o resultado de um amadurecimento da gest\u00e3o que buscou contornar e aparar algumas arestas e que a unidade se consolida. De nossa parte, vai aqui nossos votos de um prof\u00edcuo trabalho a frente dessa institui\u00e7\u00e3o que muito orgulho aos propriaenses.<\/p>\n<p><strong>\u25a0 Uma luta ingl\u00f3ria<\/strong><\/p>\n<p>A ex-vereadora de Propri\u00e1, DILMA GOMES (MDB) est\u00e1 tentando reverter decis\u00e3o que extinguiu seu mandato parlamentar e a tornou ineleg\u00edvel. Juristas consultados pela R\u00e1dio Atalainba afirmaram ser esta uma luta ingl\u00f3ria (Foto: Justi\u00e7a Eleitoral).<\/p>\n<p><strong>\u25a0 A oferta foi feira &#8230;<\/strong><\/p>\n<p>Presidido em Propri\u00e1 pelo radialista e ex-vereador Aelson Santos, o PSD do governador Belivalro Chagas e do deputado fefetal F\u00e1bio Mitidieri poderia estar mudando de comando, caindo no &#8220;colo&#8221; do prefeito Valberto Lima. Ambos negam esta possibilidade, mas a articula\u00e7\u00e3o para esta transfer\u00eancia estaria em estado avan\u00e7ado de opera\u00e7\u00e3o.<\/p>\n<p><strong>\u25a0 &#8230; mas Valberto vai de Rog\u00e9rio<\/strong><\/p>\n<p>Como \u00e0s \u00e1guas correm para o mar, o prefeito de Propri\u00e1 vai apoiar o senador Rog\u00e9rio Carvalho para o Governo de Sertipe. N\u00e3o se trata mais de segredo, pois o emedebista n\u00e3o se fez de rogado. \u00c0s informa\u00e7\u00f5es s\u00e3o da web R\u00e1dio Atalainha &#8211; atalainha.com<\/p>\n<p><strong>\u25a0 Na agenda de entrevista<\/strong><\/p>\n<p>O jornal\u00edstico A VOZ DO POVO entrevistar\u00e1 a partir da pr\u00f3xima semana os pr\u00e9-candidatos majorit\u00e1rios e proporcionais com comprovada inser\u00e7\u00e3o social. Confira de segunda \u00e0 sexta, \u00e0s 7 da manh\u00e3 na web R\u00e1dio Atalainha &#8211; atalainha.com<\/p>\n<p><strong>\u25a0 Cabo Galdino de novo<\/strong><\/p>\n<p>O pirambuense Ant\u00f4nio Batista do Carmo, o Cabo Galdino, \u00e9 pr\u00e9-candidato a deputado estadual e dever\u00e1 receber uma &#8220;enxurrada&#8221; de votos de seus conterr\u00e2neos. Detalhes nesta segunda-feira (25) na web R\u00e1dio Atalainha &#8211; atalainha.com<\/p>\n<p><strong>\u25a0 Mensagem da Semana<\/strong><\/p>\n<p>&#8220;Todo homem que se vende, recebe muito mais do que merece&#8221; (Bar\u00e3o de Itarar\u00e9)<\/p>\n<ul>\n<li><span style=\"color: #ff6600;\">ClaudOmir Herzog (53) escreve aos finais de semana na Tribuna da Praia<\/span><\/li>\n<\/ul>\n","protected":false},"excerpt":{"rendered":"<p>Por ClaudOmir Herzog Alguns partidos e for\u00e7as pol\u00edticas com razo\u00e1vel inser\u00e7\u00e3o social e com certa consist\u00eancia ideol\u00f3gica, aderiram ao projeto social liberal e de concilia\u00e7\u00e3o de classe, renunciando, pelo menos temporariamente, aos princ\u00edpios que um dia se propuseram trilhar. Esta caracterizado o cretinismo eleitoral e de promiscuidade pol\u00edtica. Excetuam-se destes adjetivos partidos de esquerda como o PSTU e o PCB, que lan\u00e7aram respectivamente \u00e0s pr\u00e9-candidaturas da oper\u00e1ria Vera L\u00facia e<\/p>\n","protected":false},"author":3,"featured_media":4393,"comment_status":"open","ping_status":"open","sticky":false,"template":"","format":"standard","meta":[],"categories":[18],"tags":[],"yoast_head":"<!-- This site is optimized with the Yoast SEO plugin v16.3 - https:\/\/yoast.com\/wordpress\/plugins\/seo\/ -->\n<title>\ud83d\uddde\ufe0f Coluna FIQUE DE OLHO: Verniz de esquerda, para disfar\u00e7ar projeto social liberal e concilia\u00e7\u00e3o de classe - TRIBUNA DA PRAIA<\/title>\n<meta name=\"robots\" content=\"index, follow, max-snippet:-1, max-image-preview:large, max-video-preview:-1\" \/>\n<link rel=\"canonical\" href=\"https:\/\/tribunadapraia.com.br\/?p=4391\" \/>\n<meta property=\"og:locale\" content=\"pt_BR\" \/>\n<meta property=\"og:type\" content=\"article\" \/>\n<meta property=\"og:title\" content=\"\ud83d\uddde\ufe0f Coluna FIQUE DE OLHO: Verniz de esquerda, para disfar\u00e7ar projeto social liberal e concilia\u00e7\u00e3o de classe - TRIBUNA DA PRAIA\" \/>\n<meta property=\"og:description\" content=\"Por ClaudOmir Herzog Alguns partidos e for\u00e7as pol\u00edticas com razo\u00e1vel inser\u00e7\u00e3o social e com certa consist\u00eancia ideol\u00f3gica, aderiram ao projeto social liberal e de concilia\u00e7\u00e3o de classe, renunciando, pelo menos temporariamente, aos princ\u00edpios que um dia se propuseram trilhar. Esta caracterizado o cretinismo eleitoral e de promiscuidade pol\u00edtica. Excetuam-se destes adjetivos partidos de esquerda como o PSTU e o PCB, que lan\u00e7aram respectivamente \u00e0s pr\u00e9-candidaturas da oper\u00e1ria Vera L\u00facia e\" \/>\n<meta property=\"og:url\" content=\"https:\/\/tribunadapraia.com.br\/?p=4391\" \/>\n<meta property=\"og:site_name\" content=\"TRIBUNA DA PRAIA\" \/>\n<meta property=\"article:publisher\" content=\"https:\/\/www.facebook.com\/tribunadapraiaonline\/\" \/>\n<meta property=\"article:published_time\" content=\"2022-04-23T21:20:24+00:00\" \/>\n<meta property=\"article:modified_time\" content=\"2022-04-23T21:25:40+00:00\" \/>\n<meta property=\"og:image\" content=\"https:\/\/tribunadapraia.com.br\/wp-content\/uploads\/2022\/04\/Comprar-gato-por-lebre.jpg\" \/>\n\t<meta property=\"og:image:width\" content=\"960\" \/>\n\t<meta property=\"og:image:height\" content=\"640\" \/>\n<meta name=\"twitter:card\" content=\"summary_large_image\" \/>\n<meta name=\"twitter:creator\" content=\"@Claudomir21\" \/>\n<meta name=\"twitter:site\" content=\"@Claudomir21\" \/>\n<meta name=\"twitter:label1\" content=\"Est. tempo de leitura\">\n\t<meta name=\"twitter:data1\" content=\"3 minutos\">\n<script type=\"application\/ld+json\" class=\"yoast-schema-graph\">{\"@context\":\"https:\/\/schema.org\",\"@graph\":[{\"@type\":\"Organization\",\"@id\":\"https:\/\/tribunadapraia.com.br\/#organization\",\"name\":\"Tribuna da Praia\",\"url\":\"https:\/\/tribunadapraia.com.br\/\",\"sameAs\":[\"https:\/\/www.facebook.com\/tribunadapraiaonline\/\",\"https:\/\/www.instagram.com\/claudomirtavares\/\",\"https:\/\/www.youtube.com\/channel\/UCwQf80nxiMzCefAyjbp53Rw\",\"https:\/\/twitter.com\/Claudomir21\"],\"logo\":{\"@type\":\"ImageObject\",\"@id\":\"https:\/\/tribunadapraia.com.br\/#logo\",\"inLanguage\":\"pt-BR\",\"url\":\"https:\/\/tribunadapraia.com.br\/wp-content\/uploads\/2020\/02\/logo.png\",\"contentUrl\":\"https:\/\/tribunadapraia.com.br\/wp-content\/uploads\/2020\/02\/logo.png\",\"width\":501,\"height\":121,\"caption\":\"Tribuna da Praia\"},\"image\":{\"@id\":\"https:\/\/tribunadapraia.com.br\/#logo\"}},{\"@type\":\"WebSite\",\"@id\":\"https:\/\/tribunadapraia.com.br\/#website\",\"url\":\"https:\/\/tribunadapraia.com.br\/\",\"name\":\"TRIBUNA DA PRAIA\",\"description\":\"O 1\\u00ba jornal do interior de Sergipe na internet\",\"publisher\":{\"@id\":\"https:\/\/tribunadapraia.com.br\/#organization\"},\"potentialAction\":[{\"@type\":\"SearchAction\",\"target\":\"https:\/\/tribunadapraia.com.br\/?s={search_term_string}\",\"query-input\":\"required name=search_term_string\"}],\"inLanguage\":\"pt-BR\"},{\"@type\":\"ImageObject\",\"@id\":\"https:\/\/tribunadapraia.com.br\/?p=4391#primaryimage\",\"inLanguage\":\"pt-BR\",\"url\":\"https:\/\/tribunadapraia.com.br\/wp-content\/uploads\/2022\/04\/Comprar-gato-por-lebre.jpg\",\"contentUrl\":\"https:\/\/tribunadapraia.com.br\/wp-content\/uploads\/2022\/04\/Comprar-gato-por-lebre.jpg\",\"width\":960,\"height\":640},{\"@type\":\"WebPage\",\"@id\":\"https:\/\/tribunadapraia.com.br\/?p=4391#webpage\",\"url\":\"https:\/\/tribunadapraia.com.br\/?p=4391\",\"name\":\"\\ud83d\\uddde\\ufe0f Coluna FIQUE DE OLHO: Verniz de esquerda, para disfar\\u00e7ar projeto social liberal e concilia\\u00e7\\u00e3o de classe - TRIBUNA DA PRAIA\",\"isPartOf\":{\"@id\":\"https:\/\/tribunadapraia.com.br\/#website\"},\"primaryImageOfPage\":{\"@id\":\"https:\/\/tribunadapraia.com.br\/?p=4391#primaryimage\"},\"datePublished\":\"2022-04-23T21:20:24+00:00\",\"dateModified\":\"2022-04-23T21:25:40+00:00\",\"breadcrumb\":{\"@id\":\"https:\/\/tribunadapraia.com.br\/?p=4391#breadcrumb\"},\"inLanguage\":\"pt-BR\",\"potentialAction\":[{\"@type\":\"ReadAction\",\"target\":[\"https:\/\/tribunadapraia.com.br\/?p=4391\"]}]},{\"@type\":\"BreadcrumbList\",\"@id\":\"https:\/\/tribunadapraia.com.br\/?p=4391#breadcrumb\",\"itemListElement\":[{\"@type\":\"ListItem\",\"position\":1,\"item\":{\"@type\":\"WebPage\",\"@id\":\"https:\/\/tribunadapraia.com.br\/\",\"url\":\"https:\/\/tribunadapraia.com.br\/\",\"name\":\"In\\u00edcio\"}},{\"@type\":\"ListItem\",\"position\":2,\"item\":{\"@id\":\"https:\/\/tribunadapraia.com.br\/?p=4391#webpage\"}}]},{\"@type\":\"Article\",\"@id\":\"https:\/\/tribunadapraia.com.br\/?p=4391#article\",\"isPartOf\":{\"@id\":\"https:\/\/tribunadapraia.com.br\/?p=4391#webpage\"},\"author\":{\"@id\":\"https:\/\/tribunadapraia.com.br\/#\/schema\/person\/099fbbf59acc5895c0d7d52b4fc46c97\"},\"headline\":\"\\ud83d\\uddde\\ufe0f Coluna FIQUE DE OLHO: Verniz de esquerda, para disfar\\u00e7ar projeto social liberal e concilia\\u00e7\\u00e3o de classe\",\"datePublished\":\"2022-04-23T21:20:24+00:00\",\"dateModified\":\"2022-04-23T21:25:40+00:00\",\"mainEntityOfPage\":{\"@id\":\"https:\/\/tribunadapraia.com.br\/?p=4391#webpage\"},\"wordCount\":741,\"commentCount\":0,\"publisher\":{\"@id\":\"https:\/\/tribunadapraia.com.br\/#organization\"},\"image\":{\"@id\":\"https:\/\/tribunadapraia.com.br\/?p=4391#primaryimage\"},\"thumbnailUrl\":\"https:\/\/tribunadapraia.com.br\/wp-content\/uploads\/2022\/04\/Comprar-gato-por-lebre.jpg\",\"articleSection\":[\"Not\\u00edcias\"],\"inLanguage\":\"pt-BR\",\"potentialAction\":[{\"@type\":\"CommentAction\",\"name\":\"Comment\",\"target\":[\"https:\/\/tribunadapraia.com.br\/?p=4391#respond\"]}]},{\"@type\":\"Person\",\"@id\":\"https:\/\/tribunadapraia.com.br\/#\/schema\/person\/099fbbf59acc5895c0d7d52b4fc46c97\",\"name\":\"Reda\\u00e7\\u00e3o\",\"image\":{\"@type\":\"ImageObject\",\"@id\":\"https:\/\/tribunadapraia.com.br\/#personlogo\",\"inLanguage\":\"pt-BR\",\"url\":\"https:\/\/secure.gravatar.com\/avatar\/91c8b91d2bfd7784eac5c3e055361f64?s=96&d=identicon&r=g\",\"contentUrl\":\"https:\/\/secure.gravatar.com\/avatar\/91c8b91d2bfd7784eac5c3e055361f64?s=96&d=identicon&r=g\",\"caption\":\"Reda\\u00e7\\u00e3o\"}}]}<\/script>\n<!-- \/ Yoast SEO plugin. -->","wps_subtitle":"","_links":{"self":[{"href":"https:\/\/tribunadapraia.com.br\/index.php?rest_route=\/wp\/v2\/posts\/4391"}],"collection":[{"href":"https:\/\/tribunadapraia.com.br\/index.php?rest_route=\/wp\/v2\/posts"}],"about":[{"href":"https:\/\/tribunadapraia.com.br\/index.php?rest_route=\/wp\/v2\/types\/post"}],"author":[{"embeddable":true,"href":"https:\/\/tribunadapraia.com.br\/index.php?rest_route=\/wp\/v2\/users\/3"}],"replies":[{"embeddable":true,"href":"https:\/\/tribunadapraia.com.br\/index.php?rest_route=%2Fwp%2Fv2%2Fcomments&post=4391"}],"version-history":[{"count":3,"href":"https:\/\/tribunadapraia.com.br\/index.php?rest_route=\/wp\/v2\/posts\/4391\/revisions"}],"predecessor-version":[{"id":4396,"href":"https:\/\/tribunadapraia.com.br\/index.php?rest_route=\/wp\/v2\/posts\/4391\/revisions\/4396"}],"wp:featuredmedia":[{"embeddable":true,"href":"https:\/\/tribunadapraia.com.br\/index.php?rest_route=\/wp\/v2\/media\/4393"}],"wp:attachment":[{"href":"https:\/\/tribunadapraia.com.br\/index.php?rest_route=%2Fwp%2Fv2%2Fmedia&parent=4391"}],"wp:term":[{"taxonomy":"category","embeddable":true,"href":"https:\/\/tribunadapraia.com.br\/index.php?rest_route=%2Fwp%2Fv2%2Fcategories&post=4391"},{"taxonomy":"post_tag","embeddable":true,"href":"https:\/\/tribunadapraia.com.br\/index.php?rest_route=%2Fwp%2Fv2%2Ftags&post=4391"}],"curies":[{"name":"wp","href":"https:\/\/api.w.org\/{rel}","templated":true}]}}