{"id":4172,"date":"2022-03-31T03:04:48","date_gmt":"2022-03-31T06:04:48","guid":{"rendered":"https:\/\/tribunadapraia.com.br\/?p=4172"},"modified":"2022-03-31T07:28:20","modified_gmt":"2022-03-31T10:28:20","slug":"icmbio-lagoa-redonda-o-certo-para-mitigar-esses-conflitos-e-recategorizar-a-reserva-para-um-parque-nacional-defende-fabricio-muniz-secretario-de-meio-ambiente-de-pirambu","status":"publish","type":"post","link":"https:\/\/tribunadapraia.com.br\/?p=4172","title":{"rendered":"ICMBio\/Lagoa Redonda: &#8220;O certo para mitigar esses conflitos \u00e9 recategorizar a reserva para um Parque Nacional&#8221;, defende Fabr\u00edcio Muniz, secret\u00e1rio de Meio Ambiente de Pirambu"},"content":{"rendered":"<!--[if lt IE 9]><script>document.createElement('audio');<\/script><![endif]-->\n<audio class=\"wp-audio-shortcode\" id=\"audio-4172-1\" preload=\"none\" style=\"width: 100%;\" controls=\"controls\"><source type=\"audio\/mpeg\" src=\"https:\/\/tribunadapraia.com.br\/wp-content\/uploads\/2022\/03\/20220402-Fabricio.mp3?_=1\" \/><a href=\"https:\/\/tribunadapraia.com.br\/wp-content\/uploads\/2022\/03\/20220402-Fabricio.mp3\">https:\/\/tribunadapraia.com.br\/wp-content\/uploads\/2022\/03\/20220402-Fabricio.mp3<\/a><\/audio>\n<p>Sobre o conflito entre o ICMBio e a comunidade do povoado Lagoa Redonda (leia mais sobre o tema neste portal), distante 14 Km da cidade de Pirambu, o professor, ge\u00f3grafo e secret\u00e1rio municipal de <img loading=\"lazy\" class=\"size-medium wp-image-4176 alignleft\" src=\"https:\/\/tribunadapraia.com.br\/wp-content\/uploads\/2022\/03\/IMG-20220331-WA0000-207x300.jpg\" alt=\"\" width=\"207\" height=\"300\" srcset=\"https:\/\/tribunadapraia.com.br\/wp-content\/uploads\/2022\/03\/IMG-20220331-WA0000-207x300.jpg 207w, https:\/\/tribunadapraia.com.br\/wp-content\/uploads\/2022\/03\/IMG-20220331-WA0000-706x1024.jpg 706w, https:\/\/tribunadapraia.com.br\/wp-content\/uploads\/2022\/03\/IMG-20220331-WA0000-768x1113.jpg 768w, https:\/\/tribunadapraia.com.br\/wp-content\/uploads\/2022\/03\/IMG-20220331-WA0000.jpg 883w\" sizes=\"(max-width: 207px) 100vw, 207px\" \/>Meio Ambiente Fabr\u00edcio Muniz (foto) afirmou que &#8220;o maior limitante mesmo \u00e9 a classifica\u00e7\u00e3o da categoria dessa reserva&#8221;, disse. Segundo ele, &#8220;essa categoria \u00e9 inadequada para conviver t\u00e3o pr\u00f3ximo de um munic\u00edpio t\u00e3o visitado como o nosso&#8221;, acrescenta o secret\u00e1rio. Ainda de acordo com Muniz, &#8220;o certo para mitigar esses conflitos \u00e9 recategorizar a reserva para um Parque Nacional por exemplo&#8221;, defende o ge\u00f3grafo. &#8220;Dessa forma, seria poss\u00edvel realizar atividades comerciais, o ecoturismo e essim, a cidade crescia e se desenvolvia junto com o turismo local, onde o potencial \u00e9 imenso&#8221;, acrescentou.<\/p>\n<p>A a\u00e7\u00e3o como foi feita na \u00faltima segunda-feira (28), n\u00e3o teve o apoio da comunidade que reagiu com veem\u00eancia, arrancando o port\u00e3o (cancela) constataram v\u00e1rios atores sociais ouvidos pelo portal Tribuna da Praia e a R\u00e1dio Atalainha, &#8220;mas se tivesse sido efetuada com a participa\u00e7\u00e3o de todos, acreditamos que seria feito com a mudan\u00e7a da metodologia e em um equil\u00edbrio sustent\u00e1vel entre as partes&#8221;, ponderou Fabr\u00edcio. &#8220;Em nossa gest\u00e3o vamos estudar as bases legais para pleitear por essa mudan\u00e7a de categoria&#8221;, concluiu.<\/p>\n<p>Em postagem que transcrevemos em nosso portal, o gestor da unidade da conserva\u00e7\u00e3o Rebio Santa Isabrl, Tiago Almeida esclareceu que &#8220;o Instituto Chico Mendes de Conserva\u00e7\u00e3o da Biodiversidade (ICMBio) informa que a coloca\u00e7\u00e3o do port\u00e3o e das placas de sinaliza\u00e7\u00e3o na Rebio Santa Isabel atende \u00e0 condicionante do licenciamento da Rodovia SE-100 na regi\u00e3o e visa coibir o acesso de ve\u00edculos no interior da Unidade de Conserva\u00e7\u00e3o Federal&#8221;, disse. Tiago acrescentou que &#8220;o Instituto ressalta que o acesso dos pedestres e comerciantes est\u00e1 garantido at\u00e9 a resolu\u00e7\u00e3o do caso&#8221;, revelou.<\/p>\n<p>Por interm\u00e9dio da jornalista J\u00e9ssica Feitosa, secret\u00e1ria de Comunica\u00e7\u00e3o,<br \/>\ninformou a reda\u00e7\u00e3o da Tribuna da Praia que a Prefeitura de Pirambu oficiou ao gestor da Rebio Santa Isabel (ICMBio) solicitandd para a pr\u00f3xima semana a realiza\u00e7\u00e3o de uma reuni\u00e3o entre esta, o Poder Publuco (Prefeitira e C\u00e2mara de Vereadores), aberta a participa\u00e7\u00e3o da sociedade civil<\/p>\n<p>Est\u00e1 reuni\u00e3o, quando confirmada, ser\u00e1 transmitida em tempo real pela web R\u00e1dio Atalainha (\u00e9 s\u00f3 clicar no Play abaixo para ouv\u00ed-la)<\/p>\n<ul>\n<li><span style=\"color: #ff9900;\">Por ClaudOmir Herzog | Foto: Divulga\u00e7\u00e3o<\/span><\/li>\n<\/ul>\n","protected":false},"excerpt":{"rendered":"<p>Sobre o conflito entre o ICMBio e a comunidade do povoado Lagoa Redonda (leia mais sobre o tema neste portal), distante 14 Km da cidade de Pirambu, o professor, ge\u00f3grafo e secret\u00e1rio municipal de Meio Ambiente Fabr\u00edcio Muniz (foto) afirmou que &#8220;o maior limitante mesmo \u00e9 a classifica\u00e7\u00e3o da categoria dessa reserva&#8221;, disse. Segundo ele, &#8220;essa categoria \u00e9 inadequada para conviver t\u00e3o pr\u00f3ximo de um munic\u00edpio t\u00e3o visitado como o<\/p>\n","protected":false},"author":1,"featured_media":4127,"comment_status":"open","ping_status":"open","sticky":false,"template":"","format":"standard","meta":[],"categories":[18],"tags":[],"yoast_head":"<!-- This site is optimized with the Yoast SEO plugin v16.3 - https:\/\/yoast.com\/wordpress\/plugins\/seo\/ -->\n<title>ICMBio\/Lagoa Redonda: &quot;O certo para mitigar esses conflitos \u00e9 recategorizar a reserva para um Parque Nacional&quot;, defende Fabr\u00edcio Muniz, secret\u00e1rio de Meio Ambiente de Pirambu - TRIBUNA DA PRAIA<\/title>\n<meta name=\"robots\" content=\"index, follow, max-snippet:-1, max-image-preview:large, max-video-preview:-1\" \/>\n<link rel=\"canonical\" href=\"https:\/\/tribunadapraia.com.br\/?p=4172\" \/>\n<meta property=\"og:locale\" content=\"pt_BR\" \/>\n<meta property=\"og:type\" content=\"article\" \/>\n<meta property=\"og:title\" content=\"ICMBio\/Lagoa Redonda: &quot;O certo para mitigar esses conflitos \u00e9 recategorizar a reserva para um Parque Nacional&quot;, defende Fabr\u00edcio Muniz, secret\u00e1rio de Meio Ambiente de Pirambu - TRIBUNA DA PRAIA\" \/>\n<meta property=\"og:description\" content=\"Sobre o conflito entre o ICMBio e a comunidade do povoado Lagoa Redonda (leia mais sobre o tema neste portal), distante 14 Km da cidade de Pirambu, o professor, ge\u00f3grafo e secret\u00e1rio municipal de Meio Ambiente Fabr\u00edcio Muniz (foto) afirmou que &#8220;o maior limitante mesmo \u00e9 a classifica\u00e7\u00e3o da categoria dessa reserva&#8221;, disse. Segundo ele, &#8220;essa categoria \u00e9 inadequada para conviver t\u00e3o pr\u00f3ximo de um munic\u00edpio t\u00e3o visitado como o\" \/>\n<meta property=\"og:url\" content=\"https:\/\/tribunadapraia.com.br\/?p=4172\" \/>\n<meta property=\"og:site_name\" content=\"TRIBUNA DA PRAIA\" \/>\n<meta property=\"article:publisher\" content=\"https:\/\/www.facebook.com\/tribunadapraiaonline\/\" \/>\n<meta property=\"article:published_time\" content=\"2022-03-31T06:04:48+00:00\" \/>\n<meta property=\"article:modified_time\" content=\"2022-03-31T10:28:20+00:00\" \/>\n<meta property=\"og:image\" content=\"https:\/\/tribunadapraia.com.br\/wp-content\/uploads\/2022\/03\/IMG-20220329-WA0023-1.jpg\" \/>\n\t<meta property=\"og:image:width\" content=\"734\" \/>\n\t<meta property=\"og:image:height\" content=\"579\" \/>\n<meta name=\"twitter:card\" content=\"summary_large_image\" \/>\n<meta name=\"twitter:creator\" content=\"@Claudomir21\" \/>\n<meta name=\"twitter:site\" content=\"@Claudomir21\" \/>\n<meta name=\"twitter:label1\" content=\"Est. tempo de leitura\">\n\t<meta name=\"twitter:data1\" content=\"2 minutos\">\n<script type=\"application\/ld+json\" class=\"yoast-schema-graph\">{\"@context\":\"https:\/\/schema.org\",\"@graph\":[{\"@type\":\"Organization\",\"@id\":\"https:\/\/tribunadapraia.com.br\/#organization\",\"name\":\"Tribuna da Praia\",\"url\":\"https:\/\/tribunadapraia.com.br\/\",\"sameAs\":[\"https:\/\/www.facebook.com\/tribunadapraiaonline\/\",\"https:\/\/www.instagram.com\/claudomirtavares\/\",\"https:\/\/www.youtube.com\/channel\/UCwQf80nxiMzCefAyjbp53Rw\",\"https:\/\/twitter.com\/Claudomir21\"],\"logo\":{\"@type\":\"ImageObject\",\"@id\":\"https:\/\/tribunadapraia.com.br\/#logo\",\"inLanguage\":\"pt-BR\",\"url\":\"https:\/\/tribunadapraia.com.br\/wp-content\/uploads\/2020\/02\/logo.png\",\"contentUrl\":\"https:\/\/tribunadapraia.com.br\/wp-content\/uploads\/2020\/02\/logo.png\",\"width\":501,\"height\":121,\"caption\":\"Tribuna da Praia\"},\"image\":{\"@id\":\"https:\/\/tribunadapraia.com.br\/#logo\"}},{\"@type\":\"WebSite\",\"@id\":\"https:\/\/tribunadapraia.com.br\/#website\",\"url\":\"https:\/\/tribunadapraia.com.br\/\",\"name\":\"TRIBUNA DA PRAIA\",\"description\":\"O 1\\u00ba jornal do interior de Sergipe na internet\",\"publisher\":{\"@id\":\"https:\/\/tribunadapraia.com.br\/#organization\"},\"potentialAction\":[{\"@type\":\"SearchAction\",\"target\":\"https:\/\/tribunadapraia.com.br\/?s={search_term_string}\",\"query-input\":\"required name=search_term_string\"}],\"inLanguage\":\"pt-BR\"},{\"@type\":\"ImageObject\",\"@id\":\"https:\/\/tribunadapraia.com.br\/?p=4172#primaryimage\",\"inLanguage\":\"pt-BR\",\"url\":\"https:\/\/tribunadapraia.com.br\/wp-content\/uploads\/2022\/03\/IMG-20220329-WA0023-1.jpg\",\"contentUrl\":\"https:\/\/tribunadapraia.com.br\/wp-content\/uploads\/2022\/03\/IMG-20220329-WA0023-1.jpg\",\"width\":734,\"height\":579},{\"@type\":\"WebPage\",\"@id\":\"https:\/\/tribunadapraia.com.br\/?p=4172#webpage\",\"url\":\"https:\/\/tribunadapraia.com.br\/?p=4172\",\"name\":\"ICMBio\/Lagoa Redonda: \\\"O certo para mitigar esses conflitos \\u00e9 recategorizar a reserva para um Parque Nacional\\\", defende Fabr\\u00edcio Muniz, secret\\u00e1rio de Meio Ambiente de Pirambu - TRIBUNA DA PRAIA\",\"isPartOf\":{\"@id\":\"https:\/\/tribunadapraia.com.br\/#website\"},\"primaryImageOfPage\":{\"@id\":\"https:\/\/tribunadapraia.com.br\/?p=4172#primaryimage\"},\"datePublished\":\"2022-03-31T06:04:48+00:00\",\"dateModified\":\"2022-03-31T10:28:20+00:00\",\"breadcrumb\":{\"@id\":\"https:\/\/tribunadapraia.com.br\/?p=4172#breadcrumb\"},\"inLanguage\":\"pt-BR\",\"potentialAction\":[{\"@type\":\"ReadAction\",\"target\":[\"https:\/\/tribunadapraia.com.br\/?p=4172\"]}]},{\"@type\":\"BreadcrumbList\",\"@id\":\"https:\/\/tribunadapraia.com.br\/?p=4172#breadcrumb\",\"itemListElement\":[{\"@type\":\"ListItem\",\"position\":1,\"item\":{\"@type\":\"WebPage\",\"@id\":\"https:\/\/tribunadapraia.com.br\/\",\"url\":\"https:\/\/tribunadapraia.com.br\/\",\"name\":\"In\\u00edcio\"}},{\"@type\":\"ListItem\",\"position\":2,\"item\":{\"@id\":\"https:\/\/tribunadapraia.com.br\/?p=4172#webpage\"}}]},{\"@type\":\"Article\",\"@id\":\"https:\/\/tribunadapraia.com.br\/?p=4172#article\",\"isPartOf\":{\"@id\":\"https:\/\/tribunadapraia.com.br\/?p=4172#webpage\"},\"author\":{\"@id\":\"https:\/\/tribunadapraia.com.br\/#\/schema\/person\/326b0a9f3163b479142c64eba4928de0\"},\"headline\":\"ICMBio\/Lagoa Redonda: &#8220;O certo para mitigar esses conflitos \\u00e9 recategorizar a reserva para um Parque Nacional&#8221;, defende Fabr\\u00edcio Muniz, secret\\u00e1rio de Meio Ambiente de Pirambu\",\"datePublished\":\"2022-03-31T06:04:48+00:00\",\"dateModified\":\"2022-03-31T10:28:20+00:00\",\"mainEntityOfPage\":{\"@id\":\"https:\/\/tribunadapraia.com.br\/?p=4172#webpage\"},\"wordCount\":456,\"commentCount\":0,\"publisher\":{\"@id\":\"https:\/\/tribunadapraia.com.br\/#organization\"},\"image\":{\"@id\":\"https:\/\/tribunadapraia.com.br\/?p=4172#primaryimage\"},\"thumbnailUrl\":\"https:\/\/tribunadapraia.com.br\/wp-content\/uploads\/2022\/03\/IMG-20220329-WA0023-1.jpg\",\"articleSection\":[\"Not\\u00edcias\"],\"inLanguage\":\"pt-BR\",\"potentialAction\":[{\"@type\":\"CommentAction\",\"name\":\"Comment\",\"target\":[\"https:\/\/tribunadapraia.com.br\/?p=4172#respond\"]}]},{\"@type\":\"Person\",\"@id\":\"https:\/\/tribunadapraia.com.br\/#\/schema\/person\/326b0a9f3163b479142c64eba4928de0\",\"name\":\"tribunadapraia\",\"image\":{\"@type\":\"ImageObject\",\"@id\":\"https:\/\/tribunadapraia.com.br\/#personlogo\",\"inLanguage\":\"pt-BR\",\"url\":\"https:\/\/secure.gravatar.com\/avatar\/38b019c74762496076b7355024a0dad9?s=96&d=identicon&r=g\",\"contentUrl\":\"https:\/\/secure.gravatar.com\/avatar\/38b019c74762496076b7355024a0dad9?s=96&d=identicon&r=g\",\"caption\":\"tribunadapraia\"}}]}<\/script>\n<!-- \/ Yoast SEO plugin. -->","wps_subtitle":"","_links":{"self":[{"href":"https:\/\/tribunadapraia.com.br\/index.php?rest_route=\/wp\/v2\/posts\/4172"}],"collection":[{"href":"https:\/\/tribunadapraia.com.br\/index.php?rest_route=\/wp\/v2\/posts"}],"about":[{"href":"https:\/\/tribunadapraia.com.br\/index.php?rest_route=\/wp\/v2\/types\/post"}],"author":[{"embeddable":true,"href":"https:\/\/tribunadapraia.com.br\/index.php?rest_route=\/wp\/v2\/users\/1"}],"replies":[{"embeddable":true,"href":"https:\/\/tribunadapraia.com.br\/index.php?rest_route=%2Fwp%2Fv2%2Fcomments&post=4172"}],"version-history":[{"count":8,"href":"https:\/\/tribunadapraia.com.br\/index.php?rest_route=\/wp\/v2\/posts\/4172\/revisions"}],"predecessor-version":[{"id":4197,"href":"https:\/\/tribunadapraia.com.br\/index.php?rest_route=\/wp\/v2\/posts\/4172\/revisions\/4197"}],"wp:featuredmedia":[{"embeddable":true,"href":"https:\/\/tribunadapraia.com.br\/index.php?rest_route=\/wp\/v2\/media\/4127"}],"wp:attachment":[{"href":"https:\/\/tribunadapraia.com.br\/index.php?rest_route=%2Fwp%2Fv2%2Fmedia&parent=4172"}],"wp:term":[{"taxonomy":"category","embeddable":true,"href":"https:\/\/tribunadapraia.com.br\/index.php?rest_route=%2Fwp%2Fv2%2Fcategories&post=4172"},{"taxonomy":"post_tag","embeddable":true,"href":"https:\/\/tribunadapraia.com.br\/index.php?rest_route=%2Fwp%2Fv2%2Ftags&post=4172"}],"curies":[{"name":"wp","href":"https:\/\/api.w.org\/{rel}","templated":true}]}}