{"id":4151,"date":"2022-03-30T16:51:33","date_gmt":"2022-03-30T19:51:33","guid":{"rendered":"https:\/\/tribunadapraia.com.br\/?p=4151"},"modified":"2022-03-30T16:51:33","modified_gmt":"2022-03-30T19:51:33","slug":"e-obrigacao-pagar-dentro-do-mes-mas-e-por-que-os-outros-nao-o-fazem","status":"publish","type":"post","link":"https:\/\/tribunadapraia.com.br\/?p=4151","title":{"rendered":"\u00c9 obriga\u00e7\u00e3o pagar dentro do m\u00eas, mas e por qu\u00ea os outros n\u00e3o o fazem?"},"content":{"rendered":"<p>O prefeito de Pirambu, Guilherme Melo (Uni\u00e2o), a partir de uma reorganiza\u00e7\u00e3o da gest\u00e3o de caixa, tem conseguido por sucessivos meses honrar o compromisso com os servidores municipais e ao longo destes 455 dias \u00e0 frente da Prefeitira, pagando rigorosamente os proventos dos trabalhadores at\u00e9 o limite m\u00e1ximo, o quinto dia \u00fatil do m\u00eas seguinte, tendo efetuado em algum per\u00edodo antes do \u00faltimo dia do per\u00edodo trabalhado. Entendemos que \u00e9 obriga\u00e7\u00e3o dos gestores executar esta responsabilidade, mas \u00e9 digno quando testemunhamos este feito, ao comparar com os mal feitos de outros que n\u00e3o o fazem.<\/p>\n<ul>\n<li><span style=\"color: #ff6600;\">Por ClaudOmir Herzog | Foto: Divulga\u00e7\u00e3o<\/span><\/li>\n<\/ul>\n","protected":false},"excerpt":{"rendered":"<p>O prefeito de Pirambu, Guilherme Melo (Uni\u00e2o), a partir de uma reorganiza\u00e7\u00e3o da gest\u00e3o de caixa, tem conseguido por sucessivos meses honrar o compromisso com os servidores municipais e ao longo destes 455 dias \u00e0 frente da Prefeitira, pagando rigorosamente os proventos dos trabalhadores at\u00e9 o limite m\u00e1ximo, o quinto dia \u00fatil do m\u00eas seguinte, tendo efetuado em algum per\u00edodo antes do \u00faltimo dia do per\u00edodo trabalhado. Entendemos que \u00e9<\/p>\n","protected":false},"author":3,"featured_media":4152,"comment_status":"open","ping_status":"open","sticky":false,"template":"","format":"standard","meta":[],"categories":[18],"tags":[],"yoast_head":"<!-- This site is optimized with the Yoast SEO plugin v16.3 - https:\/\/yoast.com\/wordpress\/plugins\/seo\/ -->\n<title>\u00c9 obriga\u00e7\u00e3o pagar dentro do m\u00eas, mas e por qu\u00ea os outros n\u00e3o o fazem? - TRIBUNA DA PRAIA<\/title>\n<meta name=\"robots\" content=\"index, follow, max-snippet:-1, max-image-preview:large, max-video-preview:-1\" \/>\n<link rel=\"canonical\" href=\"https:\/\/tribunadapraia.com.br\/?p=4151\" \/>\n<meta property=\"og:locale\" content=\"pt_BR\" \/>\n<meta property=\"og:type\" content=\"article\" \/>\n<meta property=\"og:title\" content=\"\u00c9 obriga\u00e7\u00e3o pagar dentro do m\u00eas, mas e por qu\u00ea os outros n\u00e3o o fazem? - TRIBUNA DA PRAIA\" \/>\n<meta property=\"og:description\" content=\"O prefeito de Pirambu, Guilherme Melo (Uni\u00e2o), a partir de uma reorganiza\u00e7\u00e3o da gest\u00e3o de caixa, tem conseguido por sucessivos meses honrar o compromisso com os servidores municipais e ao longo destes 455 dias \u00e0 frente da Prefeitira, pagando rigorosamente os proventos dos trabalhadores at\u00e9 o limite m\u00e1ximo, o quinto dia \u00fatil do m\u00eas seguinte, tendo efetuado em algum per\u00edodo antes do \u00faltimo dia do per\u00edodo trabalhado. Entendemos que \u00e9\" \/>\n<meta property=\"og:url\" content=\"https:\/\/tribunadapraia.com.br\/?p=4151\" \/>\n<meta property=\"og:site_name\" content=\"TRIBUNA DA PRAIA\" \/>\n<meta property=\"article:publisher\" content=\"https:\/\/www.facebook.com\/tribunadapraiaonline\/\" \/>\n<meta property=\"article:published_time\" content=\"2022-03-30T19:51:33+00:00\" \/>\n<meta property=\"og:image\" content=\"https:\/\/tribunadapraia.com.br\/wp-content\/uploads\/2022\/03\/IMG-20210102-WA0005-720x500-1.jpg\" \/>\n\t<meta property=\"og:image:width\" content=\"720\" \/>\n\t<meta property=\"og:image:height\" content=\"500\" \/>\n<meta name=\"twitter:card\" content=\"summary_large_image\" \/>\n<meta name=\"twitter:creator\" content=\"@Claudomir21\" \/>\n<meta name=\"twitter:site\" content=\"@Claudomir21\" \/>\n<meta name=\"twitter:label1\" content=\"Est. tempo de leitura\">\n\t<meta name=\"twitter:data1\" content=\"1 minuto\">\n<script type=\"application\/ld+json\" class=\"yoast-schema-graph\">{\"@context\":\"https:\/\/schema.org\",\"@graph\":[{\"@type\":\"Organization\",\"@id\":\"https:\/\/tribunadapraia.com.br\/#organization\",\"name\":\"Tribuna da Praia\",\"url\":\"https:\/\/tribunadapraia.com.br\/\",\"sameAs\":[\"https:\/\/www.facebook.com\/tribunadapraiaonline\/\",\"https:\/\/www.instagram.com\/claudomirtavares\/\",\"https:\/\/www.youtube.com\/channel\/UCwQf80nxiMzCefAyjbp53Rw\",\"https:\/\/twitter.com\/Claudomir21\"],\"logo\":{\"@type\":\"ImageObject\",\"@id\":\"https:\/\/tribunadapraia.com.br\/#logo\",\"inLanguage\":\"pt-BR\",\"url\":\"https:\/\/tribunadapraia.com.br\/wp-content\/uploads\/2020\/02\/logo.png\",\"contentUrl\":\"https:\/\/tribunadapraia.com.br\/wp-content\/uploads\/2020\/02\/logo.png\",\"width\":501,\"height\":121,\"caption\":\"Tribuna da Praia\"},\"image\":{\"@id\":\"https:\/\/tribunadapraia.com.br\/#logo\"}},{\"@type\":\"WebSite\",\"@id\":\"https:\/\/tribunadapraia.com.br\/#website\",\"url\":\"https:\/\/tribunadapraia.com.br\/\",\"name\":\"TRIBUNA DA PRAIA\",\"description\":\"O 1\\u00ba jornal do interior de Sergipe na internet\",\"publisher\":{\"@id\":\"https:\/\/tribunadapraia.com.br\/#organization\"},\"potentialAction\":[{\"@type\":\"SearchAction\",\"target\":\"https:\/\/tribunadapraia.com.br\/?s={search_term_string}\",\"query-input\":\"required name=search_term_string\"}],\"inLanguage\":\"pt-BR\"},{\"@type\":\"ImageObject\",\"@id\":\"https:\/\/tribunadapraia.com.br\/?p=4151#primaryimage\",\"inLanguage\":\"pt-BR\",\"url\":\"https:\/\/tribunadapraia.com.br\/wp-content\/uploads\/2022\/03\/IMG-20210102-WA0005-720x500-1.jpg\",\"contentUrl\":\"https:\/\/tribunadapraia.com.br\/wp-content\/uploads\/2022\/03\/IMG-20210102-WA0005-720x500-1.jpg\",\"width\":720,\"height\":500},{\"@type\":\"WebPage\",\"@id\":\"https:\/\/tribunadapraia.com.br\/?p=4151#webpage\",\"url\":\"https:\/\/tribunadapraia.com.br\/?p=4151\",\"name\":\"\\u00c9 obriga\\u00e7\\u00e3o pagar dentro do m\\u00eas, mas e por qu\\u00ea os outros n\\u00e3o o fazem? - TRIBUNA DA PRAIA\",\"isPartOf\":{\"@id\":\"https:\/\/tribunadapraia.com.br\/#website\"},\"primaryImageOfPage\":{\"@id\":\"https:\/\/tribunadapraia.com.br\/?p=4151#primaryimage\"},\"datePublished\":\"2022-03-30T19:51:33+00:00\",\"dateModified\":\"2022-03-30T19:51:33+00:00\",\"breadcrumb\":{\"@id\":\"https:\/\/tribunadapraia.com.br\/?p=4151#breadcrumb\"},\"inLanguage\":\"pt-BR\",\"potentialAction\":[{\"@type\":\"ReadAction\",\"target\":[\"https:\/\/tribunadapraia.com.br\/?p=4151\"]}]},{\"@type\":\"BreadcrumbList\",\"@id\":\"https:\/\/tribunadapraia.com.br\/?p=4151#breadcrumb\",\"itemListElement\":[{\"@type\":\"ListItem\",\"position\":1,\"item\":{\"@type\":\"WebPage\",\"@id\":\"https:\/\/tribunadapraia.com.br\/\",\"url\":\"https:\/\/tribunadapraia.com.br\/\",\"name\":\"In\\u00edcio\"}},{\"@type\":\"ListItem\",\"position\":2,\"item\":{\"@id\":\"https:\/\/tribunadapraia.com.br\/?p=4151#webpage\"}}]},{\"@type\":\"Article\",\"@id\":\"https:\/\/tribunadapraia.com.br\/?p=4151#article\",\"isPartOf\":{\"@id\":\"https:\/\/tribunadapraia.com.br\/?p=4151#webpage\"},\"author\":{\"@id\":\"https:\/\/tribunadapraia.com.br\/#\/schema\/person\/099fbbf59acc5895c0d7d52b4fc46c97\"},\"headline\":\"\\u00c9 obriga\\u00e7\\u00e3o pagar dentro do m\\u00eas, mas e por qu\\u00ea os outros n\\u00e3o o fazem?\",\"datePublished\":\"2022-03-30T19:51:33+00:00\",\"dateModified\":\"2022-03-30T19:51:33+00:00\",\"mainEntityOfPage\":{\"@id\":\"https:\/\/tribunadapraia.com.br\/?p=4151#webpage\"},\"wordCount\":123,\"commentCount\":0,\"publisher\":{\"@id\":\"https:\/\/tribunadapraia.com.br\/#organization\"},\"image\":{\"@id\":\"https:\/\/tribunadapraia.com.br\/?p=4151#primaryimage\"},\"thumbnailUrl\":\"https:\/\/tribunadapraia.com.br\/wp-content\/uploads\/2022\/03\/IMG-20210102-WA0005-720x500-1.jpg\",\"articleSection\":[\"Not\\u00edcias\"],\"inLanguage\":\"pt-BR\",\"potentialAction\":[{\"@type\":\"CommentAction\",\"name\":\"Comment\",\"target\":[\"https:\/\/tribunadapraia.com.br\/?p=4151#respond\"]}]},{\"@type\":\"Person\",\"@id\":\"https:\/\/tribunadapraia.com.br\/#\/schema\/person\/099fbbf59acc5895c0d7d52b4fc46c97\",\"name\":\"Reda\\u00e7\\u00e3o\",\"image\":{\"@type\":\"ImageObject\",\"@id\":\"https:\/\/tribunadapraia.com.br\/#personlogo\",\"inLanguage\":\"pt-BR\",\"url\":\"https:\/\/secure.gravatar.com\/avatar\/91c8b91d2bfd7784eac5c3e055361f64?s=96&d=identicon&r=g\",\"contentUrl\":\"https:\/\/secure.gravatar.com\/avatar\/91c8b91d2bfd7784eac5c3e055361f64?s=96&d=identicon&r=g\",\"caption\":\"Reda\\u00e7\\u00e3o\"}}]}<\/script>\n<!-- \/ Yoast SEO plugin. -->","wps_subtitle":"","_links":{"self":[{"href":"https:\/\/tribunadapraia.com.br\/index.php?rest_route=\/wp\/v2\/posts\/4151"}],"collection":[{"href":"https:\/\/tribunadapraia.com.br\/index.php?rest_route=\/wp\/v2\/posts"}],"about":[{"href":"https:\/\/tribunadapraia.com.br\/index.php?rest_route=\/wp\/v2\/types\/post"}],"author":[{"embeddable":true,"href":"https:\/\/tribunadapraia.com.br\/index.php?rest_route=\/wp\/v2\/users\/3"}],"replies":[{"embeddable":true,"href":"https:\/\/tribunadapraia.com.br\/index.php?rest_route=%2Fwp%2Fv2%2Fcomments&post=4151"}],"version-history":[{"count":1,"href":"https:\/\/tribunadapraia.com.br\/index.php?rest_route=\/wp\/v2\/posts\/4151\/revisions"}],"predecessor-version":[{"id":4153,"href":"https:\/\/tribunadapraia.com.br\/index.php?rest_route=\/wp\/v2\/posts\/4151\/revisions\/4153"}],"wp:featuredmedia":[{"embeddable":true,"href":"https:\/\/tribunadapraia.com.br\/index.php?rest_route=\/wp\/v2\/media\/4152"}],"wp:attachment":[{"href":"https:\/\/tribunadapraia.com.br\/index.php?rest_route=%2Fwp%2Fv2%2Fmedia&parent=4151"}],"wp:term":[{"taxonomy":"category","embeddable":true,"href":"https:\/\/tribunadapraia.com.br\/index.php?rest_route=%2Fwp%2Fv2%2Fcategories&post=4151"},{"taxonomy":"post_tag","embeddable":true,"href":"https:\/\/tribunadapraia.com.br\/index.php?rest_route=%2Fwp%2Fv2%2Ftags&post=4151"}],"curies":[{"name":"wp","href":"https:\/\/api.w.org\/{rel}","templated":true}]}}