{"id":3860,"date":"2022-03-04T08:21:25","date_gmt":"2022-03-04T11:21:25","guid":{"rendered":"https:\/\/tribunadapraia.com.br\/?p=3860"},"modified":"2022-03-04T08:28:09","modified_gmt":"2022-03-04T11:28:09","slug":"dois-pesos-e-duas-medidas-ocidente-ignora-guerras-contra-povos-pobres-da-terra","status":"publish","type":"post","link":"https:\/\/tribunadapraia.com.br\/?p=3860","title":{"rendered":"Dois pesos e duas medidas: Ocidente ignora guerras contra povos pobres da Terra"},"content":{"rendered":"<!--[if lt IE 9]><script>document.createElement('audio');<\/script><![endif]-->\n<audio class=\"wp-audio-shortcode\" id=\"audio-3860-1\" preload=\"none\" style=\"width: 100%;\" controls=\"controls\"><source type=\"audio\/mpeg\" src=\"https:\/\/tribunadapraia.com.br\/wp-content\/uploads\/2022\/03\/65-Legiao-Urbana-A-cancao-do-senhor-da-guerra.mp3?_=1\" \/><a href=\"https:\/\/tribunadapraia.com.br\/wp-content\/uploads\/2022\/03\/65-Legiao-Urbana-A-cancao-do-senhor-da-guerra.mp3\">https:\/\/tribunadapraia.com.br\/wp-content\/uploads\/2022\/03\/65-Legiao-Urbana-A-cancao-do-senhor-da-guerra.mp3<\/a><\/audio>\n<p>Com a mesma veem\u00eancia que o Ocidente, (OTAN, ONU, Uni\u00e3o Europe\u00e9a, etc) capitaneado pelos EUA; condenam a incurs\u00e3o a Ucr\u00e2nia (e a guerra deve ser condenada mesmo), deveriam faz\u00ea-la contra a invas\u00e3o ao I\u00eamen Democr\u00e1tico, Som\u00e1lia, Afeganist\u00e3o, Iraque, Vietn\u00e3, cujos povos sofrem ou sofreram tanto como os irm\u00e3os ucranianos, mas asi\u00e1ticos, \u00e1rabes e africanos pobres n\u00e3o contam, n\u00e9? E todos baixam literalmente as &#8230; (incit\u00e1vel) para o imperialismo ianque e seus capachos, asseclas, ..<\/p>\n<ul>\n<li><span style=\"color: #ff6600;\">por ClaudOmir Herzog (53), professor de Hist\u00f3ria da rede estadual e municipal<\/span><\/li>\n<\/ul>\n","protected":false},"excerpt":{"rendered":"<p>Com a mesma veem\u00eancia que o Ocidente, (OTAN, ONU, Uni\u00e3o Europe\u00e9a, etc) capitaneado pelos EUA; condenam a incurs\u00e3o a Ucr\u00e2nia (e a guerra deve ser condenada mesmo), deveriam faz\u00ea-la contra a invas\u00e3o ao I\u00eamen Democr\u00e1tico, Som\u00e1lia, Afeganist\u00e3o, Iraque, Vietn\u00e3, cujos povos sofrem ou sofreram tanto como os irm\u00e3os ucranianos, mas asi\u00e1ticos, \u00e1rabes e africanos pobres n\u00e3o contam, n\u00e9? E todos baixam literalmente as &#8230; (incit\u00e1vel) para o imperialismo ianque e<\/p>\n","protected":false},"author":3,"featured_media":3861,"comment_status":"open","ping_status":"open","sticky":false,"template":"","format":"standard","meta":[],"categories":[18],"tags":[],"yoast_head":"<!-- This site is optimized with the Yoast SEO plugin v16.3 - https:\/\/yoast.com\/wordpress\/plugins\/seo\/ -->\n<title>Dois pesos e duas medidas: Ocidente ignora guerras contra povos pobres da Terra - TRIBUNA DA PRAIA<\/title>\n<meta name=\"robots\" content=\"index, follow, max-snippet:-1, max-image-preview:large, max-video-preview:-1\" \/>\n<link rel=\"canonical\" href=\"https:\/\/tribunadapraia.com.br\/?p=3860\" \/>\n<meta property=\"og:locale\" content=\"pt_BR\" \/>\n<meta property=\"og:type\" content=\"article\" \/>\n<meta property=\"og:title\" content=\"Dois pesos e duas medidas: Ocidente ignora guerras contra povos pobres da Terra - TRIBUNA DA PRAIA\" \/>\n<meta property=\"og:description\" content=\"Com a mesma veem\u00eancia que o Ocidente, (OTAN, ONU, Uni\u00e3o Europe\u00e9a, etc) capitaneado pelos EUA; condenam a incurs\u00e3o a Ucr\u00e2nia (e a guerra deve ser condenada mesmo), deveriam faz\u00ea-la contra a invas\u00e3o ao I\u00eamen Democr\u00e1tico, Som\u00e1lia, Afeganist\u00e3o, Iraque, Vietn\u00e3, cujos povos sofrem ou sofreram tanto como os irm\u00e3os ucranianos, mas asi\u00e1ticos, \u00e1rabes e africanos pobres n\u00e3o contam, n\u00e9? E todos baixam literalmente as &#8230; (incit\u00e1vel) para o imperialismo ianque e\" \/>\n<meta property=\"og:url\" content=\"https:\/\/tribunadapraia.com.br\/?p=3860\" \/>\n<meta property=\"og:site_name\" content=\"TRIBUNA DA PRAIA\" \/>\n<meta property=\"article:publisher\" content=\"https:\/\/www.facebook.com\/tribunadapraiaonline\/\" \/>\n<meta property=\"article:published_time\" content=\"2022-03-04T11:21:25+00:00\" \/>\n<meta property=\"article:modified_time\" content=\"2022-03-04T11:28:09+00:00\" \/>\n<meta property=\"og:image\" content=\"https:\/\/tribunadapraia.com.br\/wp-content\/uploads\/2022\/03\/IMG-20220304-WA0006.jpg\" \/>\n\t<meta property=\"og:image:width\" content=\"1080\" \/>\n\t<meta property=\"og:image:height\" content=\"686\" \/>\n<meta name=\"twitter:card\" content=\"summary_large_image\" \/>\n<meta name=\"twitter:creator\" content=\"@Claudomir21\" \/>\n<meta name=\"twitter:site\" content=\"@Claudomir21\" \/>\n<meta name=\"twitter:label1\" content=\"Est. tempo de leitura\">\n\t<meta name=\"twitter:data1\" content=\"1 minuto\">\n<script type=\"application\/ld+json\" class=\"yoast-schema-graph\">{\"@context\":\"https:\/\/schema.org\",\"@graph\":[{\"@type\":\"Organization\",\"@id\":\"https:\/\/tribunadapraia.com.br\/#organization\",\"name\":\"Tribuna da Praia\",\"url\":\"https:\/\/tribunadapraia.com.br\/\",\"sameAs\":[\"https:\/\/www.facebook.com\/tribunadapraiaonline\/\",\"https:\/\/www.instagram.com\/claudomirtavares\/\",\"https:\/\/www.youtube.com\/channel\/UCwQf80nxiMzCefAyjbp53Rw\",\"https:\/\/twitter.com\/Claudomir21\"],\"logo\":{\"@type\":\"ImageObject\",\"@id\":\"https:\/\/tribunadapraia.com.br\/#logo\",\"inLanguage\":\"pt-BR\",\"url\":\"https:\/\/tribunadapraia.com.br\/wp-content\/uploads\/2020\/02\/logo.png\",\"contentUrl\":\"https:\/\/tribunadapraia.com.br\/wp-content\/uploads\/2020\/02\/logo.png\",\"width\":501,\"height\":121,\"caption\":\"Tribuna da Praia\"},\"image\":{\"@id\":\"https:\/\/tribunadapraia.com.br\/#logo\"}},{\"@type\":\"WebSite\",\"@id\":\"https:\/\/tribunadapraia.com.br\/#website\",\"url\":\"https:\/\/tribunadapraia.com.br\/\",\"name\":\"TRIBUNA DA PRAIA\",\"description\":\"O 1\\u00ba jornal do interior de Sergipe na internet\",\"publisher\":{\"@id\":\"https:\/\/tribunadapraia.com.br\/#organization\"},\"potentialAction\":[{\"@type\":\"SearchAction\",\"target\":\"https:\/\/tribunadapraia.com.br\/?s={search_term_string}\",\"query-input\":\"required name=search_term_string\"}],\"inLanguage\":\"pt-BR\"},{\"@type\":\"ImageObject\",\"@id\":\"https:\/\/tribunadapraia.com.br\/?p=3860#primaryimage\",\"inLanguage\":\"pt-BR\",\"url\":\"https:\/\/tribunadapraia.com.br\/wp-content\/uploads\/2022\/03\/IMG-20220304-WA0006.jpg\",\"contentUrl\":\"https:\/\/tribunadapraia.com.br\/wp-content\/uploads\/2022\/03\/IMG-20220304-WA0006.jpg\",\"width\":1080,\"height\":686},{\"@type\":\"WebPage\",\"@id\":\"https:\/\/tribunadapraia.com.br\/?p=3860#webpage\",\"url\":\"https:\/\/tribunadapraia.com.br\/?p=3860\",\"name\":\"Dois pesos e duas medidas: Ocidente ignora guerras contra povos pobres da Terra - TRIBUNA DA PRAIA\",\"isPartOf\":{\"@id\":\"https:\/\/tribunadapraia.com.br\/#website\"},\"primaryImageOfPage\":{\"@id\":\"https:\/\/tribunadapraia.com.br\/?p=3860#primaryimage\"},\"datePublished\":\"2022-03-04T11:21:25+00:00\",\"dateModified\":\"2022-03-04T11:28:09+00:00\",\"breadcrumb\":{\"@id\":\"https:\/\/tribunadapraia.com.br\/?p=3860#breadcrumb\"},\"inLanguage\":\"pt-BR\",\"potentialAction\":[{\"@type\":\"ReadAction\",\"target\":[\"https:\/\/tribunadapraia.com.br\/?p=3860\"]}]},{\"@type\":\"BreadcrumbList\",\"@id\":\"https:\/\/tribunadapraia.com.br\/?p=3860#breadcrumb\",\"itemListElement\":[{\"@type\":\"ListItem\",\"position\":1,\"item\":{\"@type\":\"WebPage\",\"@id\":\"https:\/\/tribunadapraia.com.br\/\",\"url\":\"https:\/\/tribunadapraia.com.br\/\",\"name\":\"In\\u00edcio\"}},{\"@type\":\"ListItem\",\"position\":2,\"item\":{\"@id\":\"https:\/\/tribunadapraia.com.br\/?p=3860#webpage\"}}]},{\"@type\":\"Article\",\"@id\":\"https:\/\/tribunadapraia.com.br\/?p=3860#article\",\"isPartOf\":{\"@id\":\"https:\/\/tribunadapraia.com.br\/?p=3860#webpage\"},\"author\":{\"@id\":\"https:\/\/tribunadapraia.com.br\/#\/schema\/person\/099fbbf59acc5895c0d7d52b4fc46c97\"},\"headline\":\"Dois pesos e duas medidas: Ocidente ignora guerras contra povos pobres da Terra\",\"datePublished\":\"2022-03-04T11:21:25+00:00\",\"dateModified\":\"2022-03-04T11:28:09+00:00\",\"mainEntityOfPage\":{\"@id\":\"https:\/\/tribunadapraia.com.br\/?p=3860#webpage\"},\"wordCount\":123,\"commentCount\":0,\"publisher\":{\"@id\":\"https:\/\/tribunadapraia.com.br\/#organization\"},\"image\":{\"@id\":\"https:\/\/tribunadapraia.com.br\/?p=3860#primaryimage\"},\"thumbnailUrl\":\"https:\/\/tribunadapraia.com.br\/wp-content\/uploads\/2022\/03\/IMG-20220304-WA0006.jpg\",\"articleSection\":[\"Not\\u00edcias\"],\"inLanguage\":\"pt-BR\",\"potentialAction\":[{\"@type\":\"CommentAction\",\"name\":\"Comment\",\"target\":[\"https:\/\/tribunadapraia.com.br\/?p=3860#respond\"]}]},{\"@type\":\"Person\",\"@id\":\"https:\/\/tribunadapraia.com.br\/#\/schema\/person\/099fbbf59acc5895c0d7d52b4fc46c97\",\"name\":\"Reda\\u00e7\\u00e3o\",\"image\":{\"@type\":\"ImageObject\",\"@id\":\"https:\/\/tribunadapraia.com.br\/#personlogo\",\"inLanguage\":\"pt-BR\",\"url\":\"https:\/\/secure.gravatar.com\/avatar\/91c8b91d2bfd7784eac5c3e055361f64?s=96&d=identicon&r=g\",\"contentUrl\":\"https:\/\/secure.gravatar.com\/avatar\/91c8b91d2bfd7784eac5c3e055361f64?s=96&d=identicon&r=g\",\"caption\":\"Reda\\u00e7\\u00e3o\"}}]}<\/script>\n<!-- \/ Yoast SEO plugin. -->","wps_subtitle":"","_links":{"self":[{"href":"https:\/\/tribunadapraia.com.br\/index.php?rest_route=\/wp\/v2\/posts\/3860"}],"collection":[{"href":"https:\/\/tribunadapraia.com.br\/index.php?rest_route=\/wp\/v2\/posts"}],"about":[{"href":"https:\/\/tribunadapraia.com.br\/index.php?rest_route=\/wp\/v2\/types\/post"}],"author":[{"embeddable":true,"href":"https:\/\/tribunadapraia.com.br\/index.php?rest_route=\/wp\/v2\/users\/3"}],"replies":[{"embeddable":true,"href":"https:\/\/tribunadapraia.com.br\/index.php?rest_route=%2Fwp%2Fv2%2Fcomments&post=3860"}],"version-history":[{"count":3,"href":"https:\/\/tribunadapraia.com.br\/index.php?rest_route=\/wp\/v2\/posts\/3860\/revisions"}],"predecessor-version":[{"id":3865,"href":"https:\/\/tribunadapraia.com.br\/index.php?rest_route=\/wp\/v2\/posts\/3860\/revisions\/3865"}],"wp:featuredmedia":[{"embeddable":true,"href":"https:\/\/tribunadapraia.com.br\/index.php?rest_route=\/wp\/v2\/media\/3861"}],"wp:attachment":[{"href":"https:\/\/tribunadapraia.com.br\/index.php?rest_route=%2Fwp%2Fv2%2Fmedia&parent=3860"}],"wp:term":[{"taxonomy":"category","embeddable":true,"href":"https:\/\/tribunadapraia.com.br\/index.php?rest_route=%2Fwp%2Fv2%2Fcategories&post=3860"},{"taxonomy":"post_tag","embeddable":true,"href":"https:\/\/tribunadapraia.com.br\/index.php?rest_route=%2Fwp%2Fv2%2Ftags&post=3860"}],"curies":[{"name":"wp","href":"https:\/\/api.w.org\/{rel}","templated":true}]}}