{"id":351,"date":"2020-03-03T13:19:17","date_gmt":"2020-03-03T16:19:17","guid":{"rendered":"http:\/\/tribunadapraia.com.br\/temp\/?p=351"},"modified":"2020-03-03T19:23:47","modified_gmt":"2020-03-03T22:23:47","slug":"ja-esta-no-ar-jornal-tribuna-da-praia-esta-no-ar-em-fase-experimental","status":"publish","type":"post","link":"https:\/\/tribunadapraia.com.br\/?p=351","title":{"rendered":"J\u00c1 EST\u00c1 NO AR: Jornal TRIBUNA DA PRAIA est\u00e1 no ar em fase experimental"},"content":{"rendered":"<p>Fundada em 23 de agosto de 1983, h\u00e1 quase 37 anos, por ClaudOmir Herzog Tavares, a TRIBUNA DA PRAIA \u00e9 um dos alternativos de maior longeividade e o primeiro jornal do interior de Sergipe na internet.<\/p>\n<p>Sem publicar edi\u00e7\u00f5es impressas h\u00e1 cerca de 8 anos e a digital desde outubro de 2019, o site oficial deixou de receber atualiza\u00e7\u00f5es desde 31 de mar\u00e7o de 2016, data a partir da qual passou a mantdt um blog que cumpriu o papel de manter o ve\u00edculo de comunica\u00e7\u00e3o em evid\u00eancia.<\/p>\n<p>Tendo como inpira\u00e7\u00e3o \u00e0s palavras de Kal Marx, o fundador da NOVA GAZETA REINAVA, (Pr\u00fassia, 1848\/1849) acreditamos que &#8220;a fun\u00e7\u00e3o da imprensa \u00e9 ser o c\u00e3o-de-guarda, o denunciador incans\u00e1vel dos opressores, o olho onipresente e a boca onipresente do esp\u00edrito do povo que guarda com ci\u00fame sua liberdade. [&#8230;] O dever da imprensa \u00e9 tomar a palavra em favor dos oprimidos a sua volta. [&#8230;] O primeiro dever da imprensa \u00e9 minar todas as bases do sistema pol\u00edtico existente&#8221;, neste sentido a TRUBUNA DA PRAIA est\u00e1 no ar desde \u00e0s primeiras horas do \u00faltimo domingo, 01, em fase experimental e nos pr\u00f3ximos dias com sua edi\u00e7\u00e3o impressa\/digital e em 24 de abril promover\u00e1 um ato de lan\u00e7amento do novo site oficial, cujo endere\u00e7o adquirido em 2004 foi resgatado no final de janeiro (juntamente com o APP RPCA Sergipe), estando em fase de constru\u00e7\u00e3o.<\/p>\n<p>Ao lado das web&#8217;s r\u00e1dios POMONGA e SERIGY, do Canal ATALAINHA, integram a Rede Popular de Comunica\u00e7\u00e3o Alternativa devSergipe.<\/p>\n<p>por ClaudOmir Herzog<\/p>\n","protected":false},"excerpt":{"rendered":"<p>Fundada em 23 de agosto de 1983, h\u00e1 quase 37 anos, por ClaudOmir Herzog Tavares, a TRIBUNA DA PRAIA \u00e9 um dos alternativos de maior longeividade e o primeiro jornal do interior de Sergipe na internet. Sem publicar edi\u00e7\u00f5es impressas h\u00e1 cerca de 8 anos e a digital desde outubro de 2019, o site oficial deixou de receber atualiza\u00e7\u00f5es desde 31 de mar\u00e7o de 2016, data a partir da qual<\/p>\n","protected":false},"author":1,"featured_media":310,"comment_status":"open","ping_status":"open","sticky":false,"template":"","format":"standard","meta":[],"categories":[18],"tags":[],"yoast_head":"<!-- This site is optimized with the Yoast SEO plugin v16.3 - https:\/\/yoast.com\/wordpress\/plugins\/seo\/ -->\n<title>J\u00c1 EST\u00c1 NO AR: Jornal TRIBUNA DA PRAIA est\u00e1 no ar em fase experimental - TRIBUNA DA PRAIA<\/title>\n<meta name=\"robots\" content=\"index, follow, max-snippet:-1, max-image-preview:large, max-video-preview:-1\" \/>\n<link rel=\"canonical\" href=\"https:\/\/tribunadapraia.com.br\/?p=351\" \/>\n<meta property=\"og:locale\" content=\"pt_BR\" \/>\n<meta property=\"og:type\" content=\"article\" \/>\n<meta property=\"og:title\" content=\"J\u00c1 EST\u00c1 NO AR: Jornal TRIBUNA DA PRAIA est\u00e1 no ar em fase experimental - TRIBUNA DA PRAIA\" \/>\n<meta property=\"og:description\" content=\"Fundada em 23 de agosto de 1983, h\u00e1 quase 37 anos, por ClaudOmir Herzog Tavares, a TRIBUNA DA PRAIA \u00e9 um dos alternativos de maior longeividade e o primeiro jornal do interior de Sergipe na internet. Sem publicar edi\u00e7\u00f5es impressas h\u00e1 cerca de 8 anos e a digital desde outubro de 2019, o site oficial deixou de receber atualiza\u00e7\u00f5es desde 31 de mar\u00e7o de 2016, data a partir da qual\" \/>\n<meta property=\"og:url\" content=\"https:\/\/tribunadapraia.com.br\/?p=351\" \/>\n<meta property=\"og:site_name\" content=\"TRIBUNA DA PRAIA\" \/>\n<meta property=\"article:publisher\" content=\"https:\/\/www.facebook.com\/tribunadapraiaonline\/\" \/>\n<meta property=\"article:published_time\" content=\"2020-03-03T16:19:17+00:00\" \/>\n<meta property=\"article:modified_time\" content=\"2020-03-03T22:23:47+00:00\" \/>\n<meta property=\"og:image\" content=\"https:\/\/tribunadapraia.com.br\/wp-content\/uploads\/2020\/03\/WhatsApp-Image-2020-03-03-at-06.18.58.jpeg\" \/>\n\t<meta property=\"og:image:width\" content=\"540\" \/>\n\t<meta property=\"og:image:height\" content=\"675\" \/>\n<meta name=\"twitter:card\" content=\"summary_large_image\" \/>\n<meta name=\"twitter:creator\" content=\"@Claudomir21\" \/>\n<meta name=\"twitter:site\" content=\"@Claudomir21\" \/>\n<meta name=\"twitter:label1\" content=\"Est. tempo de leitura\">\n\t<meta name=\"twitter:data1\" content=\"1 minuto\">\n<script type=\"application\/ld+json\" class=\"yoast-schema-graph\">{\"@context\":\"https:\/\/schema.org\",\"@graph\":[{\"@type\":\"Organization\",\"@id\":\"https:\/\/tribunadapraia.com.br\/#organization\",\"name\":\"Tribuna da Praia\",\"url\":\"https:\/\/tribunadapraia.com.br\/\",\"sameAs\":[\"https:\/\/www.facebook.com\/tribunadapraiaonline\/\",\"https:\/\/www.instagram.com\/claudomirtavares\/\",\"https:\/\/www.youtube.com\/channel\/UCwQf80nxiMzCefAyjbp53Rw\",\"https:\/\/twitter.com\/Claudomir21\"],\"logo\":{\"@type\":\"ImageObject\",\"@id\":\"https:\/\/tribunadapraia.com.br\/#logo\",\"inLanguage\":\"pt-BR\",\"url\":\"https:\/\/tribunadapraia.com.br\/wp-content\/uploads\/2020\/02\/logo.png\",\"contentUrl\":\"https:\/\/tribunadapraia.com.br\/wp-content\/uploads\/2020\/02\/logo.png\",\"width\":501,\"height\":121,\"caption\":\"Tribuna da Praia\"},\"image\":{\"@id\":\"https:\/\/tribunadapraia.com.br\/#logo\"}},{\"@type\":\"WebSite\",\"@id\":\"https:\/\/tribunadapraia.com.br\/#website\",\"url\":\"https:\/\/tribunadapraia.com.br\/\",\"name\":\"TRIBUNA DA PRAIA\",\"description\":\"O 1\\u00ba jornal do interior de Sergipe na internet\",\"publisher\":{\"@id\":\"https:\/\/tribunadapraia.com.br\/#organization\"},\"potentialAction\":[{\"@type\":\"SearchAction\",\"target\":\"https:\/\/tribunadapraia.com.br\/?s={search_term_string}\",\"query-input\":\"required name=search_term_string\"}],\"inLanguage\":\"pt-BR\"},{\"@type\":\"ImageObject\",\"@id\":\"https:\/\/tribunadapraia.com.br\/?p=351#primaryimage\",\"inLanguage\":\"pt-BR\",\"url\":\"https:\/\/tribunadapraia.com.br\/wp-content\/uploads\/2020\/03\/WhatsApp-Image-2020-03-03-at-06.18.58.jpeg\",\"contentUrl\":\"https:\/\/tribunadapraia.com.br\/wp-content\/uploads\/2020\/03\/WhatsApp-Image-2020-03-03-at-06.18.58.jpeg\",\"width\":540,\"height\":675},{\"@type\":\"WebPage\",\"@id\":\"https:\/\/tribunadapraia.com.br\/?p=351#webpage\",\"url\":\"https:\/\/tribunadapraia.com.br\/?p=351\",\"name\":\"J\\u00c1 EST\\u00c1 NO AR: Jornal TRIBUNA DA PRAIA est\\u00e1 no ar em fase experimental - TRIBUNA DA PRAIA\",\"isPartOf\":{\"@id\":\"https:\/\/tribunadapraia.com.br\/#website\"},\"primaryImageOfPage\":{\"@id\":\"https:\/\/tribunadapraia.com.br\/?p=351#primaryimage\"},\"datePublished\":\"2020-03-03T16:19:17+00:00\",\"dateModified\":\"2020-03-03T22:23:47+00:00\",\"breadcrumb\":{\"@id\":\"https:\/\/tribunadapraia.com.br\/?p=351#breadcrumb\"},\"inLanguage\":\"pt-BR\",\"potentialAction\":[{\"@type\":\"ReadAction\",\"target\":[\"https:\/\/tribunadapraia.com.br\/?p=351\"]}]},{\"@type\":\"BreadcrumbList\",\"@id\":\"https:\/\/tribunadapraia.com.br\/?p=351#breadcrumb\",\"itemListElement\":[{\"@type\":\"ListItem\",\"position\":1,\"item\":{\"@type\":\"WebPage\",\"@id\":\"https:\/\/tribunadapraia.com.br\/\",\"url\":\"https:\/\/tribunadapraia.com.br\/\",\"name\":\"In\\u00edcio\"}},{\"@type\":\"ListItem\",\"position\":2,\"item\":{\"@id\":\"https:\/\/tribunadapraia.com.br\/?p=351#webpage\"}}]},{\"@type\":\"Article\",\"@id\":\"https:\/\/tribunadapraia.com.br\/?p=351#article\",\"isPartOf\":{\"@id\":\"https:\/\/tribunadapraia.com.br\/?p=351#webpage\"},\"author\":{\"@id\":\"https:\/\/tribunadapraia.com.br\/#\/schema\/person\/326b0a9f3163b479142c64eba4928de0\"},\"headline\":\"J\\u00c1 EST\\u00c1 NO AR: Jornal TRIBUNA DA PRAIA est\\u00e1 no ar em fase experimental\",\"datePublished\":\"2020-03-03T16:19:17+00:00\",\"dateModified\":\"2020-03-03T22:23:47+00:00\",\"mainEntityOfPage\":{\"@id\":\"https:\/\/tribunadapraia.com.br\/?p=351#webpage\"},\"wordCount\":271,\"commentCount\":0,\"publisher\":{\"@id\":\"https:\/\/tribunadapraia.com.br\/#organization\"},\"image\":{\"@id\":\"https:\/\/tribunadapraia.com.br\/?p=351#primaryimage\"},\"thumbnailUrl\":\"https:\/\/tribunadapraia.com.br\/wp-content\/uploads\/2020\/03\/WhatsApp-Image-2020-03-03-at-06.18.58.jpeg\",\"articleSection\":[\"Not\\u00edcias\"],\"inLanguage\":\"pt-BR\",\"potentialAction\":[{\"@type\":\"CommentAction\",\"name\":\"Comment\",\"target\":[\"https:\/\/tribunadapraia.com.br\/?p=351#respond\"]}]},{\"@type\":\"Person\",\"@id\":\"https:\/\/tribunadapraia.com.br\/#\/schema\/person\/326b0a9f3163b479142c64eba4928de0\",\"name\":\"tribunadapraia\",\"image\":{\"@type\":\"ImageObject\",\"@id\":\"https:\/\/tribunadapraia.com.br\/#personlogo\",\"inLanguage\":\"pt-BR\",\"url\":\"https:\/\/secure.gravatar.com\/avatar\/38b019c74762496076b7355024a0dad9?s=96&d=identicon&r=g\",\"contentUrl\":\"https:\/\/secure.gravatar.com\/avatar\/38b019c74762496076b7355024a0dad9?s=96&d=identicon&r=g\",\"caption\":\"tribunadapraia\"}}]}<\/script>\n<!-- \/ Yoast SEO plugin. -->","wps_subtitle":"Site oficial ter\u00e1 ato de lan\u00e7amento em 24 de abril","_links":{"self":[{"href":"https:\/\/tribunadapraia.com.br\/index.php?rest_route=\/wp\/v2\/posts\/351"}],"collection":[{"href":"https:\/\/tribunadapraia.com.br\/index.php?rest_route=\/wp\/v2\/posts"}],"about":[{"href":"https:\/\/tribunadapraia.com.br\/index.php?rest_route=\/wp\/v2\/types\/post"}],"author":[{"embeddable":true,"href":"https:\/\/tribunadapraia.com.br\/index.php?rest_route=\/wp\/v2\/users\/1"}],"replies":[{"embeddable":true,"href":"https:\/\/tribunadapraia.com.br\/index.php?rest_route=%2Fwp%2Fv2%2Fcomments&post=351"}],"version-history":[{"count":2,"href":"https:\/\/tribunadapraia.com.br\/index.php?rest_route=\/wp\/v2\/posts\/351\/revisions"}],"predecessor-version":[{"id":399,"href":"https:\/\/tribunadapraia.com.br\/index.php?rest_route=\/wp\/v2\/posts\/351\/revisions\/399"}],"wp:featuredmedia":[{"embeddable":true,"href":"https:\/\/tribunadapraia.com.br\/index.php?rest_route=\/wp\/v2\/media\/310"}],"wp:attachment":[{"href":"https:\/\/tribunadapraia.com.br\/index.php?rest_route=%2Fwp%2Fv2%2Fmedia&parent=351"}],"wp:term":[{"taxonomy":"category","embeddable":true,"href":"https:\/\/tribunadapraia.com.br\/index.php?rest_route=%2Fwp%2Fv2%2Fcategories&post=351"},{"taxonomy":"post_tag","embeddable":true,"href":"https:\/\/tribunadapraia.com.br\/index.php?rest_route=%2Fwp%2Fv2%2Ftags&post=351"}],"curies":[{"name":"wp","href":"https:\/\/api.w.org\/{rel}","templated":true}]}}