{"id":3382,"date":"2021-12-28T07:20:17","date_gmt":"2021-12-28T10:20:17","guid":{"rendered":"https:\/\/tribunadapraia.com.br\/?p=3382"},"modified":"2021-12-28T07:21:07","modified_gmt":"2021-12-28T10:21:07","slug":"prefeitura-implanta-compra-premiada-na-feira-livre-de-rosario-do-catete","status":"publish","type":"post","link":"https:\/\/tribunadapraia.com.br\/?p=3382","title":{"rendered":"Prefeitura implanta &#8216;Compra Premiada&#8217; na feira livre de Ros\u00e1rio do Catete\u00a0"},"content":{"rendered":"<p>Ap\u00f3s a nova din\u00e2mica implantada na feira livre de Ros\u00e1rio do Catete, aconteceu na manh\u00e3 desta segunda-feira (27), o primeiro sorteio da Compra Premiada. A a\u00e7\u00e3o organizada pela Secretaria Municipal de Desenvolvimento Econ\u00f4mico e do Trabalho (SEMDECT), com apoio das demais secretarias municipais, consiste na premia\u00e7\u00e3o de feirantes e consumidores.<\/p>\n<p>O sorteio foi realizado na nova feira livre e foi transmitido ao vivo pelo instagram oficial da Prefeitura de Ros\u00e1rio do Catete (@Prefrosariodocatete). Os consumidores que adquiriram algum produto, independente do valor, ganharam um ticket para participar do sorteio. Neste primeiro sorteio foram colocados \u00e0 disposi\u00e7\u00e3o, 18 pr\u00eamios. Sendo dois pr\u00eamios para os feirantes cadastrados previamente pela SEMDECT e 16 pr\u00eamios para os consumidores. Foram sorteados micro-ondas, liquidificadores, sanduicheiras, ferros el\u00e9tricos, espremedor de laranja, ventiladores, jogo de panelas e lavadora de roupas.<\/p>\n<p>O ganhador de um dos micro-ondas, o senhor Ernandes Santos, n\u00e3o escondeu sua alegria em participar do sorteio. &#8220;Em pleno natal ganhar um pr\u00eamio \u00e9 muito gratificante. Parabenizo a todos pela organiza\u00e7\u00e3o da nova feira livre de Ros\u00e1rio do Catete e pelo Compra Premiada&#8221;, afirmou.<\/p>\n<p>De acordo o secret\u00e1rio municipal de Desenvolvimento Econ\u00f4mico e do Trabalho, Wagner Mota Quintela, a nova feira livre \u00e9 um espa\u00e7o mais organizado, com mais seguran\u00e7a, mais comodidade e com os devidos cuidados sanit\u00e1rios.\u00a0&#8220;Agrade\u00e7o o empenho de todos na realiza\u00e7\u00e3o deste evento, que tem como objetivo dinamizar a nova feira livre e potencializar a economia local&#8221;, afirmou o secret\u00e1rio.<\/p>\n<p><img loading=\"lazy\" class=\"alignnone size-medium wp-image-3380\" src=\"https:\/\/tribunadapraia.com.br\/wp-content\/uploads\/2021\/12\/IMG-20211227-WA0015-300x248.jpg\" alt=\"\" width=\"300\" height=\"248\" srcset=\"https:\/\/tribunadapraia.com.br\/wp-content\/uploads\/2021\/12\/IMG-20211227-WA0015-300x248.jpg 300w, https:\/\/tribunadapraia.com.br\/wp-content\/uploads\/2021\/12\/IMG-20211227-WA0015-1024x847.jpg 1024w, https:\/\/tribunadapraia.com.br\/wp-content\/uploads\/2021\/12\/IMG-20211227-WA0015-768x635.jpg 768w, https:\/\/tribunadapraia.com.br\/wp-content\/uploads\/2021\/12\/IMG-20211227-WA0015.jpg 1080w\" sizes=\"(max-width: 300px) 100vw, 300px\" \/><\/p>\n<p>Al\u00e9m do secret\u00e1rio municipal de Desenvolvimento Econ\u00f4mico e do Trabalho, Wagner Quintela, que representou o prefeito C\u00e9sar Resende e o vice-prefeito Magno Monteiro; o vereador Willamis Cruz (Mi Cabeleireiro) e os secret\u00e1rios municipais Pablo Augusto (Administra\u00e7\u00e3o), Elton Lima (Educa\u00e7\u00e3o), Ed\u00edlson Oliveira (Infraestrutura), C\u00edcero Netto (Comunica\u00e7\u00e3o) e demais colaboradores tamb\u00e9m prestigiaram o sorteio na nova feira livre.<\/p>\n<p>Os sorteios da Compra Premiada ser\u00e3o realizados, mensalmente, na \u00faltima segunda- feira de cada m\u00eas.<\/p>\n<ul>\n<li><span style=\"color: #ff6600;\"><em>Por Keizer Santos\u00a0<\/em><\/span><br \/>\n<span style=\"color: #ff6600;\"><em>Prefeitura de Ros\u00e1rio do Catete\u00a0<\/em><\/span><\/li>\n<\/ul>\n","protected":false},"excerpt":{"rendered":"<p>Ap\u00f3s a nova din\u00e2mica implantada na feira livre de Ros\u00e1rio do Catete, aconteceu na manh\u00e3 desta segunda-feira (27), o primeiro sorteio da Compra Premiada. A a\u00e7\u00e3o organizada pela Secretaria Municipal de Desenvolvimento Econ\u00f4mico e do Trabalho (SEMDECT), com apoio das demais secretarias municipais, consiste na premia\u00e7\u00e3o de feirantes e consumidores. O sorteio foi realizado na nova feira livre e foi transmitido ao vivo pelo instagram oficial da Prefeitura de Ros\u00e1rio<\/p>\n","protected":false},"author":1,"featured_media":3383,"comment_status":"open","ping_status":"open","sticky":false,"template":"","format":"standard","meta":[],"categories":[18],"tags":[],"yoast_head":"<!-- This site is optimized with the Yoast SEO plugin v16.3 - https:\/\/yoast.com\/wordpress\/plugins\/seo\/ -->\n<title>Prefeitura implanta &#039;Compra Premiada&#039; na feira livre de Ros\u00e1rio do Catete\u00a0 - TRIBUNA DA PRAIA<\/title>\n<meta name=\"robots\" content=\"index, follow, max-snippet:-1, max-image-preview:large, max-video-preview:-1\" \/>\n<link rel=\"canonical\" href=\"https:\/\/tribunadapraia.com.br\/?p=3382\" \/>\n<meta property=\"og:locale\" content=\"pt_BR\" \/>\n<meta property=\"og:type\" content=\"article\" \/>\n<meta property=\"og:title\" content=\"Prefeitura implanta &#039;Compra Premiada&#039; na feira livre de Ros\u00e1rio do Catete\u00a0 - TRIBUNA DA PRAIA\" \/>\n<meta property=\"og:description\" content=\"Ap\u00f3s a nova din\u00e2mica implantada na feira livre de Ros\u00e1rio do Catete, aconteceu na manh\u00e3 desta segunda-feira (27), o primeiro sorteio da Compra Premiada. A a\u00e7\u00e3o organizada pela Secretaria Municipal de Desenvolvimento Econ\u00f4mico e do Trabalho (SEMDECT), com apoio das demais secretarias municipais, consiste na premia\u00e7\u00e3o de feirantes e consumidores. O sorteio foi realizado na nova feira livre e foi transmitido ao vivo pelo instagram oficial da Prefeitura de Ros\u00e1rio\" \/>\n<meta property=\"og:url\" content=\"https:\/\/tribunadapraia.com.br\/?p=3382\" \/>\n<meta property=\"og:site_name\" content=\"TRIBUNA DA PRAIA\" \/>\n<meta property=\"article:publisher\" content=\"https:\/\/www.facebook.com\/tribunadapraiaonline\/\" \/>\n<meta property=\"article:published_time\" content=\"2021-12-28T10:20:17+00:00\" \/>\n<meta property=\"article:modified_time\" content=\"2021-12-28T10:21:07+00:00\" \/>\n<meta property=\"og:image\" content=\"https:\/\/tribunadapraia.com.br\/wp-content\/uploads\/2021\/12\/compra-premiada_rosario-3.jpeg\" \/>\n\t<meta property=\"og:image:width\" content=\"800\" \/>\n\t<meta property=\"og:image:height\" content=\"533\" \/>\n<meta name=\"twitter:card\" content=\"summary_large_image\" \/>\n<meta name=\"twitter:creator\" content=\"@Claudomir21\" \/>\n<meta name=\"twitter:site\" content=\"@Claudomir21\" \/>\n<meta name=\"twitter:label1\" content=\"Est. tempo de leitura\">\n\t<meta name=\"twitter:data1\" content=\"2 minutos\">\n<script type=\"application\/ld+json\" class=\"yoast-schema-graph\">{\"@context\":\"https:\/\/schema.org\",\"@graph\":[{\"@type\":\"Organization\",\"@id\":\"https:\/\/tribunadapraia.com.br\/#organization\",\"name\":\"Tribuna da Praia\",\"url\":\"https:\/\/tribunadapraia.com.br\/\",\"sameAs\":[\"https:\/\/www.facebook.com\/tribunadapraiaonline\/\",\"https:\/\/www.instagram.com\/claudomirtavares\/\",\"https:\/\/www.youtube.com\/channel\/UCwQf80nxiMzCefAyjbp53Rw\",\"https:\/\/twitter.com\/Claudomir21\"],\"logo\":{\"@type\":\"ImageObject\",\"@id\":\"https:\/\/tribunadapraia.com.br\/#logo\",\"inLanguage\":\"pt-BR\",\"url\":\"https:\/\/tribunadapraia.com.br\/wp-content\/uploads\/2020\/02\/logo.png\",\"contentUrl\":\"https:\/\/tribunadapraia.com.br\/wp-content\/uploads\/2020\/02\/logo.png\",\"width\":501,\"height\":121,\"caption\":\"Tribuna da Praia\"},\"image\":{\"@id\":\"https:\/\/tribunadapraia.com.br\/#logo\"}},{\"@type\":\"WebSite\",\"@id\":\"https:\/\/tribunadapraia.com.br\/#website\",\"url\":\"https:\/\/tribunadapraia.com.br\/\",\"name\":\"TRIBUNA DA PRAIA\",\"description\":\"O 1\\u00ba jornal do interior de Sergipe na internet\",\"publisher\":{\"@id\":\"https:\/\/tribunadapraia.com.br\/#organization\"},\"potentialAction\":[{\"@type\":\"SearchAction\",\"target\":\"https:\/\/tribunadapraia.com.br\/?s={search_term_string}\",\"query-input\":\"required name=search_term_string\"}],\"inLanguage\":\"pt-BR\"},{\"@type\":\"ImageObject\",\"@id\":\"https:\/\/tribunadapraia.com.br\/?p=3382#primaryimage\",\"inLanguage\":\"pt-BR\",\"url\":\"https:\/\/tribunadapraia.com.br\/wp-content\/uploads\/2021\/12\/compra-premiada_rosario-3.jpeg\",\"contentUrl\":\"https:\/\/tribunadapraia.com.br\/wp-content\/uploads\/2021\/12\/compra-premiada_rosario-3.jpeg\",\"width\":800,\"height\":533},{\"@type\":\"WebPage\",\"@id\":\"https:\/\/tribunadapraia.com.br\/?p=3382#webpage\",\"url\":\"https:\/\/tribunadapraia.com.br\/?p=3382\",\"name\":\"Prefeitura implanta 'Compra Premiada' na feira livre de Ros\\u00e1rio do Catete\\u00a0 - TRIBUNA DA PRAIA\",\"isPartOf\":{\"@id\":\"https:\/\/tribunadapraia.com.br\/#website\"},\"primaryImageOfPage\":{\"@id\":\"https:\/\/tribunadapraia.com.br\/?p=3382#primaryimage\"},\"datePublished\":\"2021-12-28T10:20:17+00:00\",\"dateModified\":\"2021-12-28T10:21:07+00:00\",\"breadcrumb\":{\"@id\":\"https:\/\/tribunadapraia.com.br\/?p=3382#breadcrumb\"},\"inLanguage\":\"pt-BR\",\"potentialAction\":[{\"@type\":\"ReadAction\",\"target\":[\"https:\/\/tribunadapraia.com.br\/?p=3382\"]}]},{\"@type\":\"BreadcrumbList\",\"@id\":\"https:\/\/tribunadapraia.com.br\/?p=3382#breadcrumb\",\"itemListElement\":[{\"@type\":\"ListItem\",\"position\":1,\"item\":{\"@type\":\"WebPage\",\"@id\":\"https:\/\/tribunadapraia.com.br\/\",\"url\":\"https:\/\/tribunadapraia.com.br\/\",\"name\":\"In\\u00edcio\"}},{\"@type\":\"ListItem\",\"position\":2,\"item\":{\"@id\":\"https:\/\/tribunadapraia.com.br\/?p=3382#webpage\"}}]},{\"@type\":\"Article\",\"@id\":\"https:\/\/tribunadapraia.com.br\/?p=3382#article\",\"isPartOf\":{\"@id\":\"https:\/\/tribunadapraia.com.br\/?p=3382#webpage\"},\"author\":{\"@id\":\"https:\/\/tribunadapraia.com.br\/#\/schema\/person\/326b0a9f3163b479142c64eba4928de0\"},\"headline\":\"Prefeitura implanta &#8216;Compra Premiada&#8217; na feira livre de Ros\\u00e1rio do Catete\\u00a0\",\"datePublished\":\"2021-12-28T10:20:17+00:00\",\"dateModified\":\"2021-12-28T10:21:07+00:00\",\"mainEntityOfPage\":{\"@id\":\"https:\/\/tribunadapraia.com.br\/?p=3382#webpage\"},\"wordCount\":360,\"commentCount\":0,\"publisher\":{\"@id\":\"https:\/\/tribunadapraia.com.br\/#organization\"},\"image\":{\"@id\":\"https:\/\/tribunadapraia.com.br\/?p=3382#primaryimage\"},\"thumbnailUrl\":\"https:\/\/tribunadapraia.com.br\/wp-content\/uploads\/2021\/12\/compra-premiada_rosario-3.jpeg\",\"articleSection\":[\"Not\\u00edcias\"],\"inLanguage\":\"pt-BR\",\"potentialAction\":[{\"@type\":\"CommentAction\",\"name\":\"Comment\",\"target\":[\"https:\/\/tribunadapraia.com.br\/?p=3382#respond\"]}]},{\"@type\":\"Person\",\"@id\":\"https:\/\/tribunadapraia.com.br\/#\/schema\/person\/326b0a9f3163b479142c64eba4928de0\",\"name\":\"tribunadapraia\",\"image\":{\"@type\":\"ImageObject\",\"@id\":\"https:\/\/tribunadapraia.com.br\/#personlogo\",\"inLanguage\":\"pt-BR\",\"url\":\"https:\/\/secure.gravatar.com\/avatar\/38b019c74762496076b7355024a0dad9?s=96&d=identicon&r=g\",\"contentUrl\":\"https:\/\/secure.gravatar.com\/avatar\/38b019c74762496076b7355024a0dad9?s=96&d=identicon&r=g\",\"caption\":\"tribunadapraia\"}}]}<\/script>\n<!-- \/ Yoast SEO plugin. -->","wps_subtitle":"","_links":{"self":[{"href":"https:\/\/tribunadapraia.com.br\/index.php?rest_route=\/wp\/v2\/posts\/3382"}],"collection":[{"href":"https:\/\/tribunadapraia.com.br\/index.php?rest_route=\/wp\/v2\/posts"}],"about":[{"href":"https:\/\/tribunadapraia.com.br\/index.php?rest_route=\/wp\/v2\/types\/post"}],"author":[{"embeddable":true,"href":"https:\/\/tribunadapraia.com.br\/index.php?rest_route=\/wp\/v2\/users\/1"}],"replies":[{"embeddable":true,"href":"https:\/\/tribunadapraia.com.br\/index.php?rest_route=%2Fwp%2Fv2%2Fcomments&post=3382"}],"version-history":[{"count":1,"href":"https:\/\/tribunadapraia.com.br\/index.php?rest_route=\/wp\/v2\/posts\/3382\/revisions"}],"predecessor-version":[{"id":3384,"href":"https:\/\/tribunadapraia.com.br\/index.php?rest_route=\/wp\/v2\/posts\/3382\/revisions\/3384"}],"wp:featuredmedia":[{"embeddable":true,"href":"https:\/\/tribunadapraia.com.br\/index.php?rest_route=\/wp\/v2\/media\/3383"}],"wp:attachment":[{"href":"https:\/\/tribunadapraia.com.br\/index.php?rest_route=%2Fwp%2Fv2%2Fmedia&parent=3382"}],"wp:term":[{"taxonomy":"category","embeddable":true,"href":"https:\/\/tribunadapraia.com.br\/index.php?rest_route=%2Fwp%2Fv2%2Fcategories&post=3382"},{"taxonomy":"post_tag","embeddable":true,"href":"https:\/\/tribunadapraia.com.br\/index.php?rest_route=%2Fwp%2Fv2%2Ftags&post=3382"}],"curies":[{"name":"wp","href":"https:\/\/api.w.org\/{rel}","templated":true}]}}