{"id":3366,"date":"2021-12-26T12:19:37","date_gmt":"2021-12-26T15:19:37","guid":{"rendered":"https:\/\/tribunadapraia.com.br\/?p=3366"},"modified":"2021-12-26T12:19:37","modified_gmt":"2021-12-26T15:19:37","slug":"e-o-novo-secretario-de-defesa-social-e-consequentemente-comandante-da-guarda-municipal-vai-para","status":"publish","type":"post","link":"https:\/\/tribunadapraia.com.br\/?p=3366","title":{"rendered":"E o novo Secret\u00e1rio de Defesa Social e consequentemente comandante da Guarda Municipal vai para &#8230;"},"content":{"rendered":"<p>Sobre a valorosa e operosa Guarda Municipal de Propri\u00e1 Valberto Lima tem entre seus quadros pe\u00e7as que poder\u00e3o dar efici\u00eancia, promover a governan\u00e7a e coes\u00e3o da tropa al\u00e9m de melhorar a media\u00e7\u00e3o, interlocu\u00e7\u00e3o e integra\u00e7\u00e3o instituicional entre \u00e0s demais for\u00e7as de seguran\u00e7a com atua\u00e7\u00e3o no \u00e2mbito do munic\u00edpio. Mas evitaremos declinar de nomes para assumir a Secretaria de Defesa Social (Seguran\u00e7a) pois o prefeito n\u00e3o \u00e9 ing\u00eanio, nem insano em repetir os (mesmos) erros (dele e do antecessor) e sabe que n\u00e3o estamos com ironia. N\u00e3o \u00e9 Valberto? Ele est\u00e1 dizendo que SIM!<\/p>\n<ul>\n<li><span style=\"color: #ff6600;\"><em>por ClaudOmir Herzog<\/em><\/span><\/li>\n<\/ul>\n","protected":false},"excerpt":{"rendered":"<p>Sobre a valorosa e operosa Guarda Municipal de Propri\u00e1 Valberto Lima tem entre seus quadros pe\u00e7as que poder\u00e3o dar efici\u00eancia, promover a governan\u00e7a e coes\u00e3o da tropa al\u00e9m de melhorar a media\u00e7\u00e3o, interlocu\u00e7\u00e3o e integra\u00e7\u00e3o instituicional entre \u00e0s demais for\u00e7as de seguran\u00e7a com atua\u00e7\u00e3o no \u00e2mbito do munic\u00edpio. Mas evitaremos declinar de nomes para assumir a Secretaria de Defesa Social (Seguran\u00e7a) pois o prefeito n\u00e3o \u00e9 ing\u00eanio, nem insano em<\/p>\n","protected":false},"author":3,"featured_media":3367,"comment_status":"open","ping_status":"open","sticky":false,"template":"","format":"standard","meta":[],"categories":[18],"tags":[],"yoast_head":"<!-- This site is optimized with the Yoast SEO plugin v16.3 - https:\/\/yoast.com\/wordpress\/plugins\/seo\/ -->\n<title>E o novo Secret\u00e1rio de Defesa Social e consequentemente comandante da Guarda Municipal vai para ... - TRIBUNA DA PRAIA<\/title>\n<meta name=\"robots\" content=\"index, follow, max-snippet:-1, max-image-preview:large, max-video-preview:-1\" \/>\n<link rel=\"canonical\" href=\"https:\/\/tribunadapraia.com.br\/?p=3366\" \/>\n<meta property=\"og:locale\" content=\"pt_BR\" \/>\n<meta property=\"og:type\" content=\"article\" \/>\n<meta property=\"og:title\" content=\"E o novo Secret\u00e1rio de Defesa Social e consequentemente comandante da Guarda Municipal vai para ... - TRIBUNA DA PRAIA\" \/>\n<meta property=\"og:description\" content=\"Sobre a valorosa e operosa Guarda Municipal de Propri\u00e1 Valberto Lima tem entre seus quadros pe\u00e7as que poder\u00e3o dar efici\u00eancia, promover a governan\u00e7a e coes\u00e3o da tropa al\u00e9m de melhorar a media\u00e7\u00e3o, interlocu\u00e7\u00e3o e integra\u00e7\u00e3o instituicional entre \u00e0s demais for\u00e7as de seguran\u00e7a com atua\u00e7\u00e3o no \u00e2mbito do munic\u00edpio. Mas evitaremos declinar de nomes para assumir a Secretaria de Defesa Social (Seguran\u00e7a) pois o prefeito n\u00e3o \u00e9 ing\u00eanio, nem insano em\" \/>\n<meta property=\"og:url\" content=\"https:\/\/tribunadapraia.com.br\/?p=3366\" \/>\n<meta property=\"og:site_name\" content=\"TRIBUNA DA PRAIA\" \/>\n<meta property=\"article:publisher\" content=\"https:\/\/www.facebook.com\/tribunadapraiaonline\/\" \/>\n<meta property=\"article:published_time\" content=\"2021-12-26T15:19:37+00:00\" \/>\n<meta property=\"og:image\" content=\"https:\/\/tribunadapraia.com.br\/wp-content\/uploads\/2021\/12\/IMG-20211226-WA0057.jpg\" \/>\n\t<meta property=\"og:image:width\" content=\"1080\" \/>\n\t<meta property=\"og:image:height\" content=\"615\" \/>\n<meta name=\"twitter:card\" content=\"summary_large_image\" \/>\n<meta name=\"twitter:creator\" content=\"@Claudomir21\" \/>\n<meta name=\"twitter:site\" content=\"@Claudomir21\" \/>\n<meta name=\"twitter:label1\" content=\"Est. tempo de leitura\">\n\t<meta name=\"twitter:data1\" content=\"1 minuto\">\n<script type=\"application\/ld+json\" class=\"yoast-schema-graph\">{\"@context\":\"https:\/\/schema.org\",\"@graph\":[{\"@type\":\"Organization\",\"@id\":\"https:\/\/tribunadapraia.com.br\/#organization\",\"name\":\"Tribuna da Praia\",\"url\":\"https:\/\/tribunadapraia.com.br\/\",\"sameAs\":[\"https:\/\/www.facebook.com\/tribunadapraiaonline\/\",\"https:\/\/www.instagram.com\/claudomirtavares\/\",\"https:\/\/www.youtube.com\/channel\/UCwQf80nxiMzCefAyjbp53Rw\",\"https:\/\/twitter.com\/Claudomir21\"],\"logo\":{\"@type\":\"ImageObject\",\"@id\":\"https:\/\/tribunadapraia.com.br\/#logo\",\"inLanguage\":\"pt-BR\",\"url\":\"https:\/\/tribunadapraia.com.br\/wp-content\/uploads\/2020\/02\/logo.png\",\"contentUrl\":\"https:\/\/tribunadapraia.com.br\/wp-content\/uploads\/2020\/02\/logo.png\",\"width\":501,\"height\":121,\"caption\":\"Tribuna da Praia\"},\"image\":{\"@id\":\"https:\/\/tribunadapraia.com.br\/#logo\"}},{\"@type\":\"WebSite\",\"@id\":\"https:\/\/tribunadapraia.com.br\/#website\",\"url\":\"https:\/\/tribunadapraia.com.br\/\",\"name\":\"TRIBUNA DA PRAIA\",\"description\":\"O 1\\u00ba jornal do interior de Sergipe na internet\",\"publisher\":{\"@id\":\"https:\/\/tribunadapraia.com.br\/#organization\"},\"potentialAction\":[{\"@type\":\"SearchAction\",\"target\":\"https:\/\/tribunadapraia.com.br\/?s={search_term_string}\",\"query-input\":\"required name=search_term_string\"}],\"inLanguage\":\"pt-BR\"},{\"@type\":\"ImageObject\",\"@id\":\"https:\/\/tribunadapraia.com.br\/?p=3366#primaryimage\",\"inLanguage\":\"pt-BR\",\"url\":\"https:\/\/tribunadapraia.com.br\/wp-content\/uploads\/2021\/12\/IMG-20211226-WA0057.jpg\",\"contentUrl\":\"https:\/\/tribunadapraia.com.br\/wp-content\/uploads\/2021\/12\/IMG-20211226-WA0057.jpg\",\"width\":1080,\"height\":615},{\"@type\":\"WebPage\",\"@id\":\"https:\/\/tribunadapraia.com.br\/?p=3366#webpage\",\"url\":\"https:\/\/tribunadapraia.com.br\/?p=3366\",\"name\":\"E o novo Secret\\u00e1rio de Defesa Social e consequentemente comandante da Guarda Municipal vai para ... - TRIBUNA DA PRAIA\",\"isPartOf\":{\"@id\":\"https:\/\/tribunadapraia.com.br\/#website\"},\"primaryImageOfPage\":{\"@id\":\"https:\/\/tribunadapraia.com.br\/?p=3366#primaryimage\"},\"datePublished\":\"2021-12-26T15:19:37+00:00\",\"dateModified\":\"2021-12-26T15:19:37+00:00\",\"breadcrumb\":{\"@id\":\"https:\/\/tribunadapraia.com.br\/?p=3366#breadcrumb\"},\"inLanguage\":\"pt-BR\",\"potentialAction\":[{\"@type\":\"ReadAction\",\"target\":[\"https:\/\/tribunadapraia.com.br\/?p=3366\"]}]},{\"@type\":\"BreadcrumbList\",\"@id\":\"https:\/\/tribunadapraia.com.br\/?p=3366#breadcrumb\",\"itemListElement\":[{\"@type\":\"ListItem\",\"position\":1,\"item\":{\"@type\":\"WebPage\",\"@id\":\"https:\/\/tribunadapraia.com.br\/\",\"url\":\"https:\/\/tribunadapraia.com.br\/\",\"name\":\"In\\u00edcio\"}},{\"@type\":\"ListItem\",\"position\":2,\"item\":{\"@id\":\"https:\/\/tribunadapraia.com.br\/?p=3366#webpage\"}}]},{\"@type\":\"Article\",\"@id\":\"https:\/\/tribunadapraia.com.br\/?p=3366#article\",\"isPartOf\":{\"@id\":\"https:\/\/tribunadapraia.com.br\/?p=3366#webpage\"},\"author\":{\"@id\":\"https:\/\/tribunadapraia.com.br\/#\/schema\/person\/099fbbf59acc5895c0d7d52b4fc46c97\"},\"headline\":\"E o novo Secret\\u00e1rio de Defesa Social e consequentemente comandante da Guarda Municipal vai para &#8230;\",\"datePublished\":\"2021-12-26T15:19:37+00:00\",\"dateModified\":\"2021-12-26T15:19:37+00:00\",\"mainEntityOfPage\":{\"@id\":\"https:\/\/tribunadapraia.com.br\/?p=3366#webpage\"},\"wordCount\":128,\"commentCount\":0,\"publisher\":{\"@id\":\"https:\/\/tribunadapraia.com.br\/#organization\"},\"image\":{\"@id\":\"https:\/\/tribunadapraia.com.br\/?p=3366#primaryimage\"},\"thumbnailUrl\":\"https:\/\/tribunadapraia.com.br\/wp-content\/uploads\/2021\/12\/IMG-20211226-WA0057.jpg\",\"articleSection\":[\"Not\\u00edcias\"],\"inLanguage\":\"pt-BR\",\"potentialAction\":[{\"@type\":\"CommentAction\",\"name\":\"Comment\",\"target\":[\"https:\/\/tribunadapraia.com.br\/?p=3366#respond\"]}]},{\"@type\":\"Person\",\"@id\":\"https:\/\/tribunadapraia.com.br\/#\/schema\/person\/099fbbf59acc5895c0d7d52b4fc46c97\",\"name\":\"Reda\\u00e7\\u00e3o\",\"image\":{\"@type\":\"ImageObject\",\"@id\":\"https:\/\/tribunadapraia.com.br\/#personlogo\",\"inLanguage\":\"pt-BR\",\"url\":\"https:\/\/secure.gravatar.com\/avatar\/91c8b91d2bfd7784eac5c3e055361f64?s=96&d=identicon&r=g\",\"contentUrl\":\"https:\/\/secure.gravatar.com\/avatar\/91c8b91d2bfd7784eac5c3e055361f64?s=96&d=identicon&r=g\",\"caption\":\"Reda\\u00e7\\u00e3o\"}}]}<\/script>\n<!-- \/ Yoast SEO plugin. -->","wps_subtitle":"","_links":{"self":[{"href":"https:\/\/tribunadapraia.com.br\/index.php?rest_route=\/wp\/v2\/posts\/3366"}],"collection":[{"href":"https:\/\/tribunadapraia.com.br\/index.php?rest_route=\/wp\/v2\/posts"}],"about":[{"href":"https:\/\/tribunadapraia.com.br\/index.php?rest_route=\/wp\/v2\/types\/post"}],"author":[{"embeddable":true,"href":"https:\/\/tribunadapraia.com.br\/index.php?rest_route=\/wp\/v2\/users\/3"}],"replies":[{"embeddable":true,"href":"https:\/\/tribunadapraia.com.br\/index.php?rest_route=%2Fwp%2Fv2%2Fcomments&post=3366"}],"version-history":[{"count":1,"href":"https:\/\/tribunadapraia.com.br\/index.php?rest_route=\/wp\/v2\/posts\/3366\/revisions"}],"predecessor-version":[{"id":3368,"href":"https:\/\/tribunadapraia.com.br\/index.php?rest_route=\/wp\/v2\/posts\/3366\/revisions\/3368"}],"wp:featuredmedia":[{"embeddable":true,"href":"https:\/\/tribunadapraia.com.br\/index.php?rest_route=\/wp\/v2\/media\/3367"}],"wp:attachment":[{"href":"https:\/\/tribunadapraia.com.br\/index.php?rest_route=%2Fwp%2Fv2%2Fmedia&parent=3366"}],"wp:term":[{"taxonomy":"category","embeddable":true,"href":"https:\/\/tribunadapraia.com.br\/index.php?rest_route=%2Fwp%2Fv2%2Fcategories&post=3366"},{"taxonomy":"post_tag","embeddable":true,"href":"https:\/\/tribunadapraia.com.br\/index.php?rest_route=%2Fwp%2Fv2%2Ftags&post=3366"}],"curies":[{"name":"wp","href":"https:\/\/api.w.org\/{rel}","templated":true}]}}