{"id":3357,"date":"2021-12-22T21:49:53","date_gmt":"2021-12-23T00:49:53","guid":{"rendered":"https:\/\/tribunadapraia.com.br\/?p=3357"},"modified":"2021-12-23T01:52:45","modified_gmt":"2021-12-23T04:52:45","slug":"vera-magalhaes-o-brasil-colocou-seu-futuro-no-prego","status":"publish","type":"post","link":"https:\/\/tribunadapraia.com.br\/?p=3357","title":{"rendered":"Vera Magalh\u00e3es: O Brasil colocou seu futuro no prego"},"content":{"rendered":"<p><span style=\"color: #ff6600;\"><em>Crian\u00e7as e as vacinas ficaram l\u00e1 no fim da fila, com todas as outras obriga\u00e7\u00f5es que o Brasil tem<\/em><\/span><\/p>\n<ul>\n<li>Vera Magalh\u00e3es \/ O Globo<\/li>\n<\/ul>\n<p>A discuss\u00e3o do Or\u00e7amento de 2022 \u00e9 a coroa\u00e7\u00e3o de toda a deteriora\u00e7\u00e3o do processo de defini\u00e7\u00e3o de pol\u00edticas p\u00fablicas e planejamento de longo prazo que o Brasil vem sofrendo nos \u00faltimos anos.<\/p>\n<p>A pandemia apenas agravou essa distor\u00e7\u00e3o absurda, que cada vez mais parece dif\u00edcil de reverter, de prioridades diante das emerg\u00eancias do pa\u00eds.<\/p>\n<p>O que os congressistas, em alinhamento com o governo Bolsonaro, trataram de consumar neste restinho de ano foi a confiss\u00e3o de que, diante de um barco \u00e0 deriva, a ordem \u00e9 salvar tudo o que for poss\u00edvel para a pr\u00f3pria sobreviv\u00eancia da classe pol\u00edtica e deixar para ver se h\u00e1 algo a salvar ou reconstruir depois das elei\u00e7\u00f5es.<\/p>\n<p>Aparentemente s\u00e3o fatos desconexos a demora proposital em come\u00e7ar a vacinar crian\u00e7as contra a Covid-19 e a destina\u00e7\u00e3o de bilh\u00f5es de recursos p\u00fablicos a prop\u00f3sitos t\u00e3o paroquiais quanto fundo eleitoral e emendas do or\u00e7amento secreto \u2014 mas n\u00e3o s\u00e3o.<br \/>\nAmbos os movimentos t\u00eam como origem um governo que abriu m\u00e3o deliberadamente de salvar o futuro, colocou-o no prego das faturas eleitoreiras para tentar se salvar de uma derrota at\u00e9 aqui mais prov\u00e1vel.<\/p>\n<p>Como tubar\u00f5es que sentem cheiro e gosto de sangue na \u00e1gua, deputados e senadores s\u00f3 aceleraram o rumo ditado pelo Pal\u00e1cio do Planalto na hora de escolher as batalhas a lutar e os escaninhos onde colocar os bilh\u00f5es.<\/p>\n<p>As crian\u00e7as e as vacinas ficaram l\u00e1 no fim da fila, com todas as outras obriga\u00e7\u00f5es que o Brasil tem para com um amanh\u00e3 minimamente igualit\u00e1rio, sustent\u00e1vel e humano.<\/p>\n<p>Diante da percep\u00e7\u00e3o de que a PEC do Or\u00e7amento abriu uma clareira maior que as da Amaz\u00f4nia na responsabilidade fiscal, tratou-se de lotear esses bilh\u00f5es conseguidos de forma an\u00f4mala nas prem\u00eancias daqueles que t\u00eam um encontro marcado no ano que vem com um eleitor mais pobre, menos saud\u00e1vel, com menos horizonte educacional e menor perspectiva de ascens\u00e3o profissional e salarial.<\/p>\n<p>A pervers\u00e3o de empenhar tudo na bacia das almas eleitoreira \u00e9 que, de novo e sempre, se sacrifica o futuro que deveria ser constru\u00eddo por meio de pol\u00edticas p\u00fablicas que financiassem grandes projetos de supera\u00e7\u00e3o da crise e alinhamento do pa\u00eds \u00e0 nova economia e \u00e0 necessidade de, outra vez mais, superar a fome e a mis\u00e9ria.<br \/>\nNada menos que R$ 5 bilh\u00f5es ser\u00e3o gastos para custear a campanha eleitoral. Sim, a democracia precisa ser financiada de forma l\u00edcita, sob pena de o dinheiro do crime organizado se embrenhar para dar vantagens econ\u00f4micas a seus postulantes em detrimento de outros.<\/p>\n<p>Por\u00e9m a derrama de dinheiro p\u00fablico na ordem de 144% a mais do que foi gasto em 2020 n\u00e3o garante que esse dinheiro do \u201ccaixa 3\u201d n\u00e3o correr\u00e1 solto. E, al\u00e9m disso, est\u00e1 na hora de o Judici\u00e1rio, que tem revisitado tantas de suas decis\u00f5es nos \u00faltimos anos, avaliar se considerar o financiamento privado das campanhas inconstitucional (!) foi a melhor resposta que poderia ter dado \u00e0 corrup\u00e7\u00e3o. N\u00e3o teria sido mais racional construir um sistema eficaz de fiscaliza\u00e7\u00e3o da lisura das doa\u00e7\u00f5es, em vez de simplesmente interdit\u00e1-las e espetar mais essa conta na Vi\u00fava?<\/p>\n<p>Da mesma forma, os mais de R$ 16 bilh\u00f5es que ser\u00e3o pulverizados com o cart\u00e3ozinho do deputado e senador l\u00e1 na sua base seriam mais bem empregados se consolidados em pol\u00edticas verticais, amplas, definidas por meio de projetos. Ainda que cada um pudesse \u201ccarimbar\u201d sua participa\u00e7\u00e3o para coloc\u00e1-las em p\u00e9. Isso seria a boa pol\u00edtica.<\/p>\n<p>Por fim, o reajuste casu\u00edstico e enviesado ideologicamente a policiais federais desencadear\u00e1 um efeito cascata de cobran\u00e7a de outros agentes de seguran\u00e7a t\u00e3o l\u00edquido e certo que sobra a percep\u00e7\u00e3o de que o objetivo foi justamente esse: criar mais um fator de instabilidade institucional num j\u00e1 tumultuado 2022.<\/p>\n<ul>\n<li>Fonte: O Globo<br \/>\nhttps:\/\/blogs.oglobo.globo.com\/vera-magalhaes\/post\/o-brasil-colocou-seu-futuro-no-prego.htm<\/li>\n<\/ul>\n","protected":false},"excerpt":{"rendered":"<p>Crian\u00e7as e as vacinas ficaram l\u00e1 no fim da fila, com todas as outras obriga\u00e7\u00f5es que o Brasil tem Vera Magalh\u00e3es \/ O Globo A discuss\u00e3o do Or\u00e7amento de 2022 \u00e9 a coroa\u00e7\u00e3o de toda a deteriora\u00e7\u00e3o do processo de defini\u00e7\u00e3o de pol\u00edticas p\u00fablicas e planejamento de longo prazo que o Brasil vem sofrendo nos \u00faltimos anos. A pandemia apenas agravou essa distor\u00e7\u00e3o absurda, que cada vez mais parece dif\u00edcil<\/p>\n","protected":false},"author":1,"featured_media":3358,"comment_status":"open","ping_status":"open","sticky":false,"template":"","format":"standard","meta":[],"categories":[18],"tags":[],"yoast_head":"<!-- This site is optimized with the Yoast SEO plugin v16.3 - https:\/\/yoast.com\/wordpress\/plugins\/seo\/ -->\n<title>Vera Magalh\u00e3es: O Brasil colocou seu futuro no prego - TRIBUNA DA PRAIA<\/title>\n<meta name=\"robots\" content=\"index, follow, max-snippet:-1, max-image-preview:large, max-video-preview:-1\" \/>\n<link rel=\"canonical\" href=\"https:\/\/tribunadapraia.com.br\/?p=3357\" \/>\n<meta property=\"og:locale\" content=\"pt_BR\" \/>\n<meta property=\"og:type\" content=\"article\" \/>\n<meta property=\"og:title\" content=\"Vera Magalh\u00e3es: O Brasil colocou seu futuro no prego - TRIBUNA DA PRAIA\" \/>\n<meta property=\"og:description\" content=\"Crian\u00e7as e as vacinas ficaram l\u00e1 no fim da fila, com todas as outras obriga\u00e7\u00f5es que o Brasil tem Vera Magalh\u00e3es \/ O Globo A discuss\u00e3o do Or\u00e7amento de 2022 \u00e9 a coroa\u00e7\u00e3o de toda a deteriora\u00e7\u00e3o do processo de defini\u00e7\u00e3o de pol\u00edticas p\u00fablicas e planejamento de longo prazo que o Brasil vem sofrendo nos \u00faltimos anos. A pandemia apenas agravou essa distor\u00e7\u00e3o absurda, que cada vez mais parece dif\u00edcil\" \/>\n<meta property=\"og:url\" content=\"https:\/\/tribunadapraia.com.br\/?p=3357\" \/>\n<meta property=\"og:site_name\" content=\"TRIBUNA DA PRAIA\" \/>\n<meta property=\"article:publisher\" content=\"https:\/\/www.facebook.com\/tribunadapraiaonline\/\" \/>\n<meta property=\"article:published_time\" content=\"2021-12-23T00:49:53+00:00\" \/>\n<meta property=\"article:modified_time\" content=\"2021-12-23T04:52:45+00:00\" \/>\n<meta property=\"og:image\" content=\"https:\/\/tribunadapraia.com.br\/wp-content\/uploads\/2021\/12\/96756938_21-12-2021_-_plenario_-_sessao_congresso_nacional_zeca_ribeiro-camara_dos_deputados_destin.jpg\" \/>\n\t<meta property=\"og:image:width\" content=\"620\" \/>\n\t<meta property=\"og:image:height\" content=\"375\" \/>\n<meta name=\"twitter:card\" content=\"summary_large_image\" \/>\n<meta name=\"twitter:creator\" content=\"@Claudomir21\" \/>\n<meta name=\"twitter:site\" content=\"@Claudomir21\" \/>\n<meta name=\"twitter:label1\" content=\"Est. tempo de leitura\">\n\t<meta name=\"twitter:data1\" content=\"3 minutos\">\n<script type=\"application\/ld+json\" class=\"yoast-schema-graph\">{\"@context\":\"https:\/\/schema.org\",\"@graph\":[{\"@type\":\"Organization\",\"@id\":\"https:\/\/tribunadapraia.com.br\/#organization\",\"name\":\"Tribuna da Praia\",\"url\":\"https:\/\/tribunadapraia.com.br\/\",\"sameAs\":[\"https:\/\/www.facebook.com\/tribunadapraiaonline\/\",\"https:\/\/www.instagram.com\/claudomirtavares\/\",\"https:\/\/www.youtube.com\/channel\/UCwQf80nxiMzCefAyjbp53Rw\",\"https:\/\/twitter.com\/Claudomir21\"],\"logo\":{\"@type\":\"ImageObject\",\"@id\":\"https:\/\/tribunadapraia.com.br\/#logo\",\"inLanguage\":\"pt-BR\",\"url\":\"https:\/\/tribunadapraia.com.br\/wp-content\/uploads\/2020\/02\/logo.png\",\"contentUrl\":\"https:\/\/tribunadapraia.com.br\/wp-content\/uploads\/2020\/02\/logo.png\",\"width\":501,\"height\":121,\"caption\":\"Tribuna da Praia\"},\"image\":{\"@id\":\"https:\/\/tribunadapraia.com.br\/#logo\"}},{\"@type\":\"WebSite\",\"@id\":\"https:\/\/tribunadapraia.com.br\/#website\",\"url\":\"https:\/\/tribunadapraia.com.br\/\",\"name\":\"TRIBUNA DA PRAIA\",\"description\":\"O 1\\u00ba jornal do interior de Sergipe na internet\",\"publisher\":{\"@id\":\"https:\/\/tribunadapraia.com.br\/#organization\"},\"potentialAction\":[{\"@type\":\"SearchAction\",\"target\":\"https:\/\/tribunadapraia.com.br\/?s={search_term_string}\",\"query-input\":\"required name=search_term_string\"}],\"inLanguage\":\"pt-BR\"},{\"@type\":\"ImageObject\",\"@id\":\"https:\/\/tribunadapraia.com.br\/?p=3357#primaryimage\",\"inLanguage\":\"pt-BR\",\"url\":\"https:\/\/tribunadapraia.com.br\/wp-content\/uploads\/2021\/12\/96756938_21-12-2021_-_plenario_-_sessao_congresso_nacional_zeca_ribeiro-camara_dos_deputados_destin.jpg\",\"contentUrl\":\"https:\/\/tribunadapraia.com.br\/wp-content\/uploads\/2021\/12\/96756938_21-12-2021_-_plenario_-_sessao_congresso_nacional_zeca_ribeiro-camara_dos_deputados_destin.jpg\",\"width\":620,\"height\":375},{\"@type\":\"WebPage\",\"@id\":\"https:\/\/tribunadapraia.com.br\/?p=3357#webpage\",\"url\":\"https:\/\/tribunadapraia.com.br\/?p=3357\",\"name\":\"Vera Magalh\\u00e3es: O Brasil colocou seu futuro no prego - TRIBUNA DA PRAIA\",\"isPartOf\":{\"@id\":\"https:\/\/tribunadapraia.com.br\/#website\"},\"primaryImageOfPage\":{\"@id\":\"https:\/\/tribunadapraia.com.br\/?p=3357#primaryimage\"},\"datePublished\":\"2021-12-23T00:49:53+00:00\",\"dateModified\":\"2021-12-23T04:52:45+00:00\",\"breadcrumb\":{\"@id\":\"https:\/\/tribunadapraia.com.br\/?p=3357#breadcrumb\"},\"inLanguage\":\"pt-BR\",\"potentialAction\":[{\"@type\":\"ReadAction\",\"target\":[\"https:\/\/tribunadapraia.com.br\/?p=3357\"]}]},{\"@type\":\"BreadcrumbList\",\"@id\":\"https:\/\/tribunadapraia.com.br\/?p=3357#breadcrumb\",\"itemListElement\":[{\"@type\":\"ListItem\",\"position\":1,\"item\":{\"@type\":\"WebPage\",\"@id\":\"https:\/\/tribunadapraia.com.br\/\",\"url\":\"https:\/\/tribunadapraia.com.br\/\",\"name\":\"In\\u00edcio\"}},{\"@type\":\"ListItem\",\"position\":2,\"item\":{\"@id\":\"https:\/\/tribunadapraia.com.br\/?p=3357#webpage\"}}]},{\"@type\":\"Article\",\"@id\":\"https:\/\/tribunadapraia.com.br\/?p=3357#article\",\"isPartOf\":{\"@id\":\"https:\/\/tribunadapraia.com.br\/?p=3357#webpage\"},\"author\":{\"@id\":\"https:\/\/tribunadapraia.com.br\/#\/schema\/person\/326b0a9f3163b479142c64eba4928de0\"},\"headline\":\"Vera Magalh\\u00e3es: O Brasil colocou seu futuro no prego\",\"datePublished\":\"2021-12-23T00:49:53+00:00\",\"dateModified\":\"2021-12-23T04:52:45+00:00\",\"mainEntityOfPage\":{\"@id\":\"https:\/\/tribunadapraia.com.br\/?p=3357#webpage\"},\"wordCount\":726,\"commentCount\":0,\"publisher\":{\"@id\":\"https:\/\/tribunadapraia.com.br\/#organization\"},\"image\":{\"@id\":\"https:\/\/tribunadapraia.com.br\/?p=3357#primaryimage\"},\"thumbnailUrl\":\"https:\/\/tribunadapraia.com.br\/wp-content\/uploads\/2021\/12\/96756938_21-12-2021_-_plenario_-_sessao_congresso_nacional_zeca_ribeiro-camara_dos_deputados_destin.jpg\",\"articleSection\":[\"Not\\u00edcias\"],\"inLanguage\":\"pt-BR\",\"potentialAction\":[{\"@type\":\"CommentAction\",\"name\":\"Comment\",\"target\":[\"https:\/\/tribunadapraia.com.br\/?p=3357#respond\"]}]},{\"@type\":\"Person\",\"@id\":\"https:\/\/tribunadapraia.com.br\/#\/schema\/person\/326b0a9f3163b479142c64eba4928de0\",\"name\":\"tribunadapraia\",\"image\":{\"@type\":\"ImageObject\",\"@id\":\"https:\/\/tribunadapraia.com.br\/#personlogo\",\"inLanguage\":\"pt-BR\",\"url\":\"https:\/\/secure.gravatar.com\/avatar\/38b019c74762496076b7355024a0dad9?s=96&d=identicon&r=g\",\"contentUrl\":\"https:\/\/secure.gravatar.com\/avatar\/38b019c74762496076b7355024a0dad9?s=96&d=identicon&r=g\",\"caption\":\"tribunadapraia\"}}]}<\/script>\n<!-- \/ Yoast SEO plugin. -->","wps_subtitle":"","_links":{"self":[{"href":"https:\/\/tribunadapraia.com.br\/index.php?rest_route=\/wp\/v2\/posts\/3357"}],"collection":[{"href":"https:\/\/tribunadapraia.com.br\/index.php?rest_route=\/wp\/v2\/posts"}],"about":[{"href":"https:\/\/tribunadapraia.com.br\/index.php?rest_route=\/wp\/v2\/types\/post"}],"author":[{"embeddable":true,"href":"https:\/\/tribunadapraia.com.br\/index.php?rest_route=\/wp\/v2\/users\/1"}],"replies":[{"embeddable":true,"href":"https:\/\/tribunadapraia.com.br\/index.php?rest_route=%2Fwp%2Fv2%2Fcomments&post=3357"}],"version-history":[{"count":1,"href":"https:\/\/tribunadapraia.com.br\/index.php?rest_route=\/wp\/v2\/posts\/3357\/revisions"}],"predecessor-version":[{"id":3359,"href":"https:\/\/tribunadapraia.com.br\/index.php?rest_route=\/wp\/v2\/posts\/3357\/revisions\/3359"}],"wp:featuredmedia":[{"embeddable":true,"href":"https:\/\/tribunadapraia.com.br\/index.php?rest_route=\/wp\/v2\/media\/3358"}],"wp:attachment":[{"href":"https:\/\/tribunadapraia.com.br\/index.php?rest_route=%2Fwp%2Fv2%2Fmedia&parent=3357"}],"wp:term":[{"taxonomy":"category","embeddable":true,"href":"https:\/\/tribunadapraia.com.br\/index.php?rest_route=%2Fwp%2Fv2%2Fcategories&post=3357"},{"taxonomy":"post_tag","embeddable":true,"href":"https:\/\/tribunadapraia.com.br\/index.php?rest_route=%2Fwp%2Fv2%2Ftags&post=3357"}],"curies":[{"name":"wp","href":"https:\/\/api.w.org\/{rel}","templated":true}]}}