{"id":3341,"date":"2021-12-18T10:47:28","date_gmt":"2021-12-18T13:47:28","guid":{"rendered":"https:\/\/tribunadapraia.com.br\/?p=3341"},"modified":"2021-12-18T11:02:26","modified_gmt":"2021-12-18T14:02:26","slug":"coluna-fique-de-olho-aelson-santos-cresce-como-alternativa-a-polarizacao-em-propria-ele-seria-beneficiado-com-uma-eleicao-de-fabio-mitidieri-ao-governo-de-sergipe","status":"publish","type":"post","link":"https:\/\/tribunadapraia.com.br\/?p=3341","title":{"rendered":"Coluna FIQUE DE OLHO: Aelson Santos cresce como alternativa a polariza\u00e7\u00e3o em Propri\u00e1 \u2014 ele seria beneficiado com uma elei\u00e7\u00e3o de F\u00e1bio Mitidieri ao Governo de Sergipe"},"content":{"rendered":"<ul>\n<li style=\"text-align: left;\"><span style=\"color: #ff6600;\"><em>por ClaudOmir Herzog<\/em><\/span><\/li>\n<\/ul>\n<p>O radialista Aelson Santos \u00e9 uma voz em defesa da sociedade do Baixo S\u00e3o Francisco, com um olhar cl\u00ednico dos problemas que afligem a popula\u00e7\u00e3o de sua cidade, Propri\u00e1, onde representou a comunidade como vereador e presidiu o Parlamento. Prova de fidelidade inarred\u00e1vel aos seus l\u00edderes, os deputados, estadual Jefferson Andrade e federal F\u00e1bio Mitidieri, ambos do PSD, partido do qual \u00e9 presidente na Princesinha do S\u00e3o Francisco. Reproduzimos abaixo algumas defini\u00e7\u00f5es do pol\u00edtico Aelson Publicidade. &#8220;Uma coisa eu posso falar o grande opositor dessa gest\u00e3o \u00e9 voc\u00ea e Aelson, pessoas que est\u00e3o se destacando muito&#8221;, disse um leitor. Corroborando com os primeiros, disse outro &#8220;e eles (!) prestem bem aten\u00e7\u00e3o em Aelson, porque uma terceira via vai surgir com for\u00e7a&#8221;, prev\u00ea. &#8220;Gosto demais de Aelson e ele \u00e9 pov\u00e3o&#8221;, testemunhou uma leitora. S\u00e3o v\u00e1rios depoimentos, alguns reticentes, outros c\u00e9ticos e muitos dando conta dessas credenciais do referido cidad\u00e3o.<\/p>\n<p><span style=\"color: #ff6600;\">\u25a0 Cancelada confraterniza\u00e7\u00e3o em Propri\u00e1<\/span><\/p>\n<p>Prevista para acontecer na noite deste s\u00e1bado (18), a confraterniza\u00e7\u00e3o dos &#8220;Amigos &amp; Amigas de Propri\u00e1&#8221; que seria realizada no 12 T\u00eanis Clube, foi cancelada por raz\u00f5es \u00f3bvias e sensatez da equipe, pois seria no m\u00ednimo irracionalidade fazer festa, por mais simples que fosse, quando entre 3,7 a 5 mil fam\u00edlias vivem em estado de vulnerabilidade social, sem condi\u00e7\u00f5es de uma digna ceia de Natal. N\u00e3o faltar\u00e3o oportunidades para celebra\u00e7\u00e3o da vida e da uni\u00e3o dos povos.<\/p>\n<p><span style=\"color: #ff6600;\">\u25a0 Ser\u00e1 que as comiss\u00f5es discutem os pareceres?<\/span><\/p>\n<p>Tem sido surreal e bizarra a maneira como se d\u00e3o os pareceres das comiss\u00f5es tem\u00e1ticas na C\u00e2mara de Vereadores de Propri\u00e1, visto que, os parlamentares n\u00e3o se re\u00fanem, n\u00e3o leem os projetos e assinam os textos sem fundamenta\u00e7\u00e3o antes ou durante \u00e0s sess\u00f5es legislativas.<\/p>\n<p><span style=\"color: #ff6600;\">\u25a0 Nossos patrim\u00f4nios culturais em Propri\u00e1<\/span><\/p>\n<p>Segundo Hugues de Varine Bohan, o patrim\u00f4nio cultural \u00e9 formado por estas tr\u00eas categorias: territoriais (Rio S\u00e3o Francisco), saber-fazer (Edilene Oliveira e Luiz Viana) e artefatos (imagem do Bom Jesus dos Navegantes). Fato &amp; Foto!<\/p>\n<p><img loading=\"lazy\" class=\"alignnone size-medium wp-image-3348\" src=\"https:\/\/tribunadapraia.com.br\/wp-content\/uploads\/2021\/12\/IMG-20211218-WA0054-175x300.jpg\" alt=\"\" width=\"175\" height=\"300\" srcset=\"https:\/\/tribunadapraia.com.br\/wp-content\/uploads\/2021\/12\/IMG-20211218-WA0054-175x300.jpg 175w, https:\/\/tribunadapraia.com.br\/wp-content\/uploads\/2021\/12\/IMG-20211218-WA0054-596x1024.jpg 596w, https:\/\/tribunadapraia.com.br\/wp-content\/uploads\/2021\/12\/IMG-20211218-WA0054.jpg 745w\" sizes=\"(max-width: 175px) 100vw, 175px\" \/><\/p>\n<p><span style=\"color: #ff6600;\">\u25a0 Show da Manh\u00e3 na R\u00e1dio Atalainha<\/span><\/p>\n<p>Ou\u00e7a diariamente, de segunda a sexta, das 8 \u00e0s 10 da manh\u00e3, o programa SHOW DA MANH\u00c3, a mais completa sele\u00e7\u00e3o musical no r\u00e1dio brasileiro e nos intervalos: not\u00edcias; hor\u00f3scopo; resumo de novelas; previs\u00e3o do tempo; fala ouvinte e os melhores anunciantes da \u2018internet\u2019, na ATALAINHA, a r\u00e1dio que toca o seu cora\u00e7\u00e3o, uma emissora da RPCA Sergipe.<\/p>\n<p><span style=\"color: #ff6600;\">\u25a0 Cassa\u00e7\u00e3o em Propri\u00e1<\/span><\/p>\n<p>Ainda n\u00e3o h\u00e1 decis\u00e3o conclusiva em rela\u00e7\u00e3o ao processo de investiga\u00e7\u00e3o sobre poss\u00edveis crimes de abuso de poder econ\u00f4mico nas elei\u00e7\u00f5es municipais, no ano de 2020 em Propri\u00e1. Por enquanto \u00e9 desaconselh\u00e1vel fazer qualquer previs\u00e3o fora dos autos do processo.<\/p>\n<p><span style=\"color: #ff6600;\">\u25a0 Karla Mota na Cultura<\/span><\/p>\n<p>Com prazo de validade vencido, Renisson F\u00e9lix est\u00e1 com os dias contados na Secretaria de Cultura, Juventude, Esporte e Lazer, abrem-se as apostas em torno de Karla Mota. H\u00e1 resist\u00eancias ao nome.<\/p>\n<!--[if lt IE 9]><script>document.createElement('audio');<\/script><![endif]-->\n<audio class=\"wp-audio-shortcode\" id=\"audio-3341-1\" preload=\"none\" style=\"width: 100%;\" controls=\"controls\"><source type=\"audio\/mpeg\" src=\"https:\/\/tribunadapraia.com.br\/wp-content\/uploads\/2021\/12\/AUD-20211213-WA0157.mp3?_=1\" \/><a href=\"https:\/\/tribunadapraia.com.br\/wp-content\/uploads\/2021\/12\/AUD-20211213-WA0157.mp3\">https:\/\/tribunadapraia.com.br\/wp-content\/uploads\/2021\/12\/AUD-20211213-WA0157.mp3<\/a><\/audio>\n<p>&nbsp;<\/p>\n<p><span style=\"color: #ff6600;\">\u25a0 Mensagem da Semana<\/span><\/p>\n<p>\u201c\u00c9 poss\u00edvel\u00a0 enganar\u00a0algumas pessoas\u00a0todo\u00a0o\u00a0tempo; \u00e9 tamb\u00e9m poss\u00edvel\u00a0enganar\u00a0todas as pessoas por algum\u00a0tempo; o que n\u00e3o \u00e9 poss\u00edvel \u00e9\u00a0enganar\u00a0todas as pessoas\u00a0todo\u00a0o\u00a0tempo\u201d (Abraham Lincoln)<\/p>\n<ul>\n<li><span style=\"color: #ff6600;\"><em>ClaudOmir Herzog (53) \u00e9 Cidad\u00e3o Honor\u00e1rio de Propri\u00e1, escreve aos finais de semana na Tribuna da Praia.<\/em><\/span><\/li>\n<\/ul>\n","protected":false},"excerpt":{"rendered":"<p>por ClaudOmir Herzog O radialista Aelson Santos \u00e9 uma voz em defesa da sociedade do Baixo S\u00e3o Francisco, com um olhar cl\u00ednico dos problemas que afligem a popula\u00e7\u00e3o de sua cidade, Propri\u00e1, onde representou a comunidade como vereador e presidiu o Parlamento. Prova de fidelidade inarred\u00e1vel aos seus l\u00edderes, os deputados, estadual Jefferson Andrade e federal F\u00e1bio Mitidieri, ambos do PSD, partido do qual \u00e9 presidente na Princesinha do S\u00e3o<\/p>\n","protected":false},"author":3,"featured_media":3342,"comment_status":"open","ping_status":"open","sticky":false,"template":"","format":"standard","meta":[],"categories":[18],"tags":[],"yoast_head":"<!-- This site is optimized with the Yoast SEO plugin v16.3 - https:\/\/yoast.com\/wordpress\/plugins\/seo\/ -->\n<title>Coluna FIQUE DE OLHO: Aelson Santos cresce como alternativa a polariza\u00e7\u00e3o em Propri\u00e1 \u2014 ele seria beneficiado com uma elei\u00e7\u00e3o de F\u00e1bio Mitidieri ao Governo de Sergipe - TRIBUNA DA PRAIA<\/title>\n<meta name=\"robots\" content=\"index, follow, max-snippet:-1, max-image-preview:large, max-video-preview:-1\" \/>\n<link rel=\"canonical\" href=\"https:\/\/tribunadapraia.com.br\/?p=3341\" \/>\n<meta property=\"og:locale\" content=\"pt_BR\" \/>\n<meta property=\"og:type\" content=\"article\" \/>\n<meta property=\"og:title\" content=\"Coluna FIQUE DE OLHO: Aelson Santos cresce como alternativa a polariza\u00e7\u00e3o em Propri\u00e1 \u2014 ele seria beneficiado com uma elei\u00e7\u00e3o de F\u00e1bio Mitidieri ao Governo de Sergipe - TRIBUNA DA PRAIA\" \/>\n<meta property=\"og:description\" content=\"por ClaudOmir Herzog O radialista Aelson Santos \u00e9 uma voz em defesa da sociedade do Baixo S\u00e3o Francisco, com um olhar cl\u00ednico dos problemas que afligem a popula\u00e7\u00e3o de sua cidade, Propri\u00e1, onde representou a comunidade como vereador e presidiu o Parlamento. Prova de fidelidade inarred\u00e1vel aos seus l\u00edderes, os deputados, estadual Jefferson Andrade e federal F\u00e1bio Mitidieri, ambos do PSD, partido do qual \u00e9 presidente na Princesinha do S\u00e3o\" \/>\n<meta property=\"og:url\" content=\"https:\/\/tribunadapraia.com.br\/?p=3341\" \/>\n<meta property=\"og:site_name\" content=\"TRIBUNA DA PRAIA\" \/>\n<meta property=\"article:publisher\" content=\"https:\/\/www.facebook.com\/tribunadapraiaonline\/\" \/>\n<meta property=\"article:published_time\" content=\"2021-12-18T13:47:28+00:00\" \/>\n<meta property=\"article:modified_time\" content=\"2021-12-18T14:02:26+00:00\" \/>\n<meta property=\"og:image\" content=\"https:\/\/tribunadapraia.com.br\/wp-content\/uploads\/2021\/12\/F3A70FC5-0113-45B3-9351-F3A3BC5A28A9.jpeg\" \/>\n\t<meta property=\"og:image:width\" content=\"640\" \/>\n\t<meta property=\"og:image:height\" content=\"640\" \/>\n<meta name=\"twitter:card\" content=\"summary_large_image\" \/>\n<meta name=\"twitter:creator\" content=\"@Claudomir21\" \/>\n<meta name=\"twitter:site\" content=\"@Claudomir21\" \/>\n<meta name=\"twitter:label1\" content=\"Est. tempo de leitura\">\n\t<meta name=\"twitter:data1\" content=\"3 minutos\">\n<script type=\"application\/ld+json\" class=\"yoast-schema-graph\">{\"@context\":\"https:\/\/schema.org\",\"@graph\":[{\"@type\":\"Organization\",\"@id\":\"https:\/\/tribunadapraia.com.br\/#organization\",\"name\":\"Tribuna da Praia\",\"url\":\"https:\/\/tribunadapraia.com.br\/\",\"sameAs\":[\"https:\/\/www.facebook.com\/tribunadapraiaonline\/\",\"https:\/\/www.instagram.com\/claudomirtavares\/\",\"https:\/\/www.youtube.com\/channel\/UCwQf80nxiMzCefAyjbp53Rw\",\"https:\/\/twitter.com\/Claudomir21\"],\"logo\":{\"@type\":\"ImageObject\",\"@id\":\"https:\/\/tribunadapraia.com.br\/#logo\",\"inLanguage\":\"pt-BR\",\"url\":\"https:\/\/tribunadapraia.com.br\/wp-content\/uploads\/2020\/02\/logo.png\",\"contentUrl\":\"https:\/\/tribunadapraia.com.br\/wp-content\/uploads\/2020\/02\/logo.png\",\"width\":501,\"height\":121,\"caption\":\"Tribuna da Praia\"},\"image\":{\"@id\":\"https:\/\/tribunadapraia.com.br\/#logo\"}},{\"@type\":\"WebSite\",\"@id\":\"https:\/\/tribunadapraia.com.br\/#website\",\"url\":\"https:\/\/tribunadapraia.com.br\/\",\"name\":\"TRIBUNA DA PRAIA\",\"description\":\"O 1\\u00ba jornal do interior de Sergipe na internet\",\"publisher\":{\"@id\":\"https:\/\/tribunadapraia.com.br\/#organization\"},\"potentialAction\":[{\"@type\":\"SearchAction\",\"target\":\"https:\/\/tribunadapraia.com.br\/?s={search_term_string}\",\"query-input\":\"required name=search_term_string\"}],\"inLanguage\":\"pt-BR\"},{\"@type\":\"ImageObject\",\"@id\":\"https:\/\/tribunadapraia.com.br\/?p=3341#primaryimage\",\"inLanguage\":\"pt-BR\",\"url\":\"https:\/\/tribunadapraia.com.br\/wp-content\/uploads\/2021\/12\/F3A70FC5-0113-45B3-9351-F3A3BC5A28A9.jpeg\",\"contentUrl\":\"https:\/\/tribunadapraia.com.br\/wp-content\/uploads\/2021\/12\/F3A70FC5-0113-45B3-9351-F3A3BC5A28A9.jpeg\",\"width\":640,\"height\":640},{\"@type\":\"WebPage\",\"@id\":\"https:\/\/tribunadapraia.com.br\/?p=3341#webpage\",\"url\":\"https:\/\/tribunadapraia.com.br\/?p=3341\",\"name\":\"Coluna FIQUE DE OLHO: Aelson Santos cresce como alternativa a polariza\\u00e7\\u00e3o em Propri\\u00e1 \\u2014 ele seria beneficiado com uma elei\\u00e7\\u00e3o de F\\u00e1bio Mitidieri ao Governo de Sergipe - TRIBUNA DA PRAIA\",\"isPartOf\":{\"@id\":\"https:\/\/tribunadapraia.com.br\/#website\"},\"primaryImageOfPage\":{\"@id\":\"https:\/\/tribunadapraia.com.br\/?p=3341#primaryimage\"},\"datePublished\":\"2021-12-18T13:47:28+00:00\",\"dateModified\":\"2021-12-18T14:02:26+00:00\",\"breadcrumb\":{\"@id\":\"https:\/\/tribunadapraia.com.br\/?p=3341#breadcrumb\"},\"inLanguage\":\"pt-BR\",\"potentialAction\":[{\"@type\":\"ReadAction\",\"target\":[\"https:\/\/tribunadapraia.com.br\/?p=3341\"]}]},{\"@type\":\"BreadcrumbList\",\"@id\":\"https:\/\/tribunadapraia.com.br\/?p=3341#breadcrumb\",\"itemListElement\":[{\"@type\":\"ListItem\",\"position\":1,\"item\":{\"@type\":\"WebPage\",\"@id\":\"https:\/\/tribunadapraia.com.br\/\",\"url\":\"https:\/\/tribunadapraia.com.br\/\",\"name\":\"In\\u00edcio\"}},{\"@type\":\"ListItem\",\"position\":2,\"item\":{\"@id\":\"https:\/\/tribunadapraia.com.br\/?p=3341#webpage\"}}]},{\"@type\":\"Article\",\"@id\":\"https:\/\/tribunadapraia.com.br\/?p=3341#article\",\"isPartOf\":{\"@id\":\"https:\/\/tribunadapraia.com.br\/?p=3341#webpage\"},\"author\":{\"@id\":\"https:\/\/tribunadapraia.com.br\/#\/schema\/person\/099fbbf59acc5895c0d7d52b4fc46c97\"},\"headline\":\"Coluna FIQUE DE OLHO: Aelson Santos cresce como alternativa a polariza\\u00e7\\u00e3o em Propri\\u00e1 \\u2014 ele seria beneficiado com uma elei\\u00e7\\u00e3o de F\\u00e1bio Mitidieri ao Governo de Sergipe\",\"datePublished\":\"2021-12-18T13:47:28+00:00\",\"dateModified\":\"2021-12-18T14:02:26+00:00\",\"mainEntityOfPage\":{\"@id\":\"https:\/\/tribunadapraia.com.br\/?p=3341#webpage\"},\"wordCount\":614,\"commentCount\":0,\"publisher\":{\"@id\":\"https:\/\/tribunadapraia.com.br\/#organization\"},\"image\":{\"@id\":\"https:\/\/tribunadapraia.com.br\/?p=3341#primaryimage\"},\"thumbnailUrl\":\"https:\/\/tribunadapraia.com.br\/wp-content\/uploads\/2021\/12\/F3A70FC5-0113-45B3-9351-F3A3BC5A28A9.jpeg\",\"articleSection\":[\"Not\\u00edcias\"],\"inLanguage\":\"pt-BR\",\"potentialAction\":[{\"@type\":\"CommentAction\",\"name\":\"Comment\",\"target\":[\"https:\/\/tribunadapraia.com.br\/?p=3341#respond\"]}]},{\"@type\":\"Person\",\"@id\":\"https:\/\/tribunadapraia.com.br\/#\/schema\/person\/099fbbf59acc5895c0d7d52b4fc46c97\",\"name\":\"Reda\\u00e7\\u00e3o\",\"image\":{\"@type\":\"ImageObject\",\"@id\":\"https:\/\/tribunadapraia.com.br\/#personlogo\",\"inLanguage\":\"pt-BR\",\"url\":\"https:\/\/secure.gravatar.com\/avatar\/91c8b91d2bfd7784eac5c3e055361f64?s=96&d=identicon&r=g\",\"contentUrl\":\"https:\/\/secure.gravatar.com\/avatar\/91c8b91d2bfd7784eac5c3e055361f64?s=96&d=identicon&r=g\",\"caption\":\"Reda\\u00e7\\u00e3o\"}}]}<\/script>\n<!-- \/ Yoast SEO plugin. -->","wps_subtitle":"","_links":{"self":[{"href":"https:\/\/tribunadapraia.com.br\/index.php?rest_route=\/wp\/v2\/posts\/3341"}],"collection":[{"href":"https:\/\/tribunadapraia.com.br\/index.php?rest_route=\/wp\/v2\/posts"}],"about":[{"href":"https:\/\/tribunadapraia.com.br\/index.php?rest_route=\/wp\/v2\/types\/post"}],"author":[{"embeddable":true,"href":"https:\/\/tribunadapraia.com.br\/index.php?rest_route=\/wp\/v2\/users\/3"}],"replies":[{"embeddable":true,"href":"https:\/\/tribunadapraia.com.br\/index.php?rest_route=%2Fwp%2Fv2%2Fcomments&post=3341"}],"version-history":[{"count":4,"href":"https:\/\/tribunadapraia.com.br\/index.php?rest_route=\/wp\/v2\/posts\/3341\/revisions"}],"predecessor-version":[{"id":3349,"href":"https:\/\/tribunadapraia.com.br\/index.php?rest_route=\/wp\/v2\/posts\/3341\/revisions\/3349"}],"wp:featuredmedia":[{"embeddable":true,"href":"https:\/\/tribunadapraia.com.br\/index.php?rest_route=\/wp\/v2\/media\/3342"}],"wp:attachment":[{"href":"https:\/\/tribunadapraia.com.br\/index.php?rest_route=%2Fwp%2Fv2%2Fmedia&parent=3341"}],"wp:term":[{"taxonomy":"category","embeddable":true,"href":"https:\/\/tribunadapraia.com.br\/index.php?rest_route=%2Fwp%2Fv2%2Fcategories&post=3341"},{"taxonomy":"post_tag","embeddable":true,"href":"https:\/\/tribunadapraia.com.br\/index.php?rest_route=%2Fwp%2Fv2%2Ftags&post=3341"}],"curies":[{"name":"wp","href":"https:\/\/api.w.org\/{rel}","templated":true}]}}