{"id":3118,"date":"2021-10-31T08:39:03","date_gmt":"2021-10-31T11:39:03","guid":{"rendered":"https:\/\/tribunadapraia.com.br\/?p=3118"},"modified":"2021-10-31T09:07:26","modified_gmt":"2021-10-31T12:07:26","slug":"cronica-chorei","status":"publish","type":"post","link":"https:\/\/tribunadapraia.com.br\/?p=3118","title":{"rendered":"Cr\u00f4nica: CHOREI&#8230;"},"content":{"rendered":"<!--[if lt IE 9]><script>document.createElement('audio');<\/script><![endif]-->\n<audio class=\"wp-audio-shortcode\" id=\"audio-3118-1\" preload=\"none\" style=\"width: 100%;\" controls=\"controls\"><source type=\"audio\/mpeg\" src=\"https:\/\/tribunadapraia.com.br\/wp-content\/uploads\/2021\/10\/yt1s.com-Apitos-de-navios-de-cruzeiro-que-soam-semelhantes-aos-grandes-cargueiros-do-lago.mp3?_=1\" \/><a href=\"https:\/\/tribunadapraia.com.br\/wp-content\/uploads\/2021\/10\/yt1s.com-Apitos-de-navios-de-cruzeiro-que-soam-semelhantes-aos-grandes-cargueiros-do-lago.mp3\">https:\/\/tribunadapraia.com.br\/wp-content\/uploads\/2021\/10\/yt1s.com-Apitos-de-navios-de-cruzeiro-que-soam-semelhantes-aos-grandes-cargueiros-do-lago.mp3<\/a><\/audio>\n<p>Por instantes, como um flash, vi duas lanchas cruzando o meio do rio (1)<\/p>\n<ul>\n<li>Por Nicy Alves<\/li>\n<\/ul>\n<p>Ontem \u00e0 noite, por uma casualidade do destino, estive debru\u00e7ada sobre uma base de madeira onde outrora foi o Terminal Hidrovi\u00e1rio de Barra dos Coqueiros.<\/p>\n<p>Por l\u00e1, meus pensamentos vagaram no tempo e no espa\u00e7o, como se eu estivesse em transe.<\/p>\n<p>Olhei atentamente as brumas iluminadas pelas luzes oficiais da linda noite que me observava.<\/p>\n<p>Por instantes, como um flash, vi duas lanchas cruzando o meio do rio. Passageiros curiosos trocavam olhares rapidamente.<br \/>\nOuvi a buzina dos marinheiros, como se as duas lanchas falassem uma com a outra.<br \/>\nUma das lanchas se aproximou do flutuante com a manobra profissional do comandante. Avistei um homem se aproximar da popa com uma grossa corda na m\u00e3o. Na ponta, havia um la\u00e7o.<\/p>\n<p>Cal\u00e7a jeans, botas pretas, camiseta de algod\u00e3o extremamente branca por dentro da cal\u00e7a \u2013 era not\u00e1vel que aquele homem tinha uma esposa zelosa. Num gesto r\u00e1pido ele jogou a corda e acertou de primeira o ponto de atraca\u00e7\u00e3o. Puxou a corda por uma abertura na parte inferior e a prendeu, trazendo assim \u00e0 posi\u00e7\u00e3o.<\/p>\n<p>Ele retornou, mas pessoas aglomeradas na sa\u00edda da embarca\u00e7\u00e3o quase n\u00e3o o deixou passar. Num gesto simples feito com a m\u00e3o, ele pediu passagem. Segurou a tranca da grossa porta de ferro e, com firmeza, puxou-a certificando-se de que n\u00e3o havia perigo.<\/p>\n<p>Ele abriu caminho e todos sa\u00edram \u00e0s pressas subindo a rampa de metal.<br \/>\nEle saiu da embarca\u00e7\u00e3o e olhou para mim. Sorri acenando com a m\u00e3o e, num instalo, tudo pouco a pouco foi sumindo.<\/p>\n<p>Lembrei desesperadamente que ele j\u00e1 se foi e uma saudade avassaladora apertou meu peito&#8230; Chorei.<\/p>\n<p>* Nicy Alves escreve aos domingos na Tribuna da Praia<\/p>\n<p>(1) Essa cr\u00f4nica \u00e9 dedicada ao meu pai Ant\u00f4nio Alves Santos ( in memoriam), ex marinheiro da empresa SERGIPORTOS..<\/p>\n","protected":false},"excerpt":{"rendered":"<p>Por instantes, como um flash, vi duas lanchas cruzando o meio do rio (1) Por Nicy Alves Ontem \u00e0 noite, por uma casualidade do destino, estive debru\u00e7ada sobre uma base de madeira onde outrora foi o Terminal Hidrovi\u00e1rio de Barra dos Coqueiros. Por l\u00e1, meus pensamentos vagaram no tempo e no espa\u00e7o, como se eu estivesse em transe. Olhei atentamente as brumas iluminadas pelas luzes oficiais da linda noite que<\/p>\n","protected":false},"author":1,"featured_media":3119,"comment_status":"open","ping_status":"open","sticky":false,"template":"","format":"standard","meta":[],"categories":[18],"tags":[],"yoast_head":"<!-- This site is optimized with the Yoast SEO plugin v16.3 - https:\/\/yoast.com\/wordpress\/plugins\/seo\/ -->\n<title>Cr\u00f4nica: CHOREI... - TRIBUNA DA PRAIA<\/title>\n<meta name=\"robots\" content=\"index, follow, max-snippet:-1, max-image-preview:large, max-video-preview:-1\" \/>\n<link rel=\"canonical\" href=\"https:\/\/tribunadapraia.com.br\/?p=3118\" \/>\n<meta property=\"og:locale\" content=\"pt_BR\" \/>\n<meta property=\"og:type\" content=\"article\" \/>\n<meta property=\"og:title\" content=\"Cr\u00f4nica: CHOREI... - TRIBUNA DA PRAIA\" \/>\n<meta property=\"og:description\" content=\"Por instantes, como um flash, vi duas lanchas cruzando o meio do rio (1) Por Nicy Alves Ontem \u00e0 noite, por uma casualidade do destino, estive debru\u00e7ada sobre uma base de madeira onde outrora foi o Terminal Hidrovi\u00e1rio de Barra dos Coqueiros. Por l\u00e1, meus pensamentos vagaram no tempo e no espa\u00e7o, como se eu estivesse em transe. Olhei atentamente as brumas iluminadas pelas luzes oficiais da linda noite que\" \/>\n<meta property=\"og:url\" content=\"https:\/\/tribunadapraia.com.br\/?p=3118\" \/>\n<meta property=\"og:site_name\" content=\"TRIBUNA DA PRAIA\" \/>\n<meta property=\"article:publisher\" content=\"https:\/\/www.facebook.com\/tribunadapraiaonline\/\" \/>\n<meta property=\"article:published_time\" content=\"2021-10-31T11:39:03+00:00\" \/>\n<meta property=\"article:modified_time\" content=\"2021-10-31T12:07:26+00:00\" \/>\n<meta property=\"og:image\" content=\"https:\/\/tribunadapraia.com.br\/wp-content\/uploads\/2021\/10\/IMG-20211030-WA0018.jpg\" \/>\n\t<meta property=\"og:image:width\" content=\"500\" \/>\n\t<meta property=\"og:image:height\" content=\"375\" \/>\n<meta name=\"twitter:card\" content=\"summary_large_image\" \/>\n<meta name=\"twitter:creator\" content=\"@Claudomir21\" \/>\n<meta name=\"twitter:site\" content=\"@Claudomir21\" \/>\n<meta name=\"twitter:label1\" content=\"Est. tempo de leitura\">\n\t<meta name=\"twitter:data1\" content=\"2 minutos\">\n<script type=\"application\/ld+json\" class=\"yoast-schema-graph\">{\"@context\":\"https:\/\/schema.org\",\"@graph\":[{\"@type\":\"Organization\",\"@id\":\"https:\/\/tribunadapraia.com.br\/#organization\",\"name\":\"Tribuna da Praia\",\"url\":\"https:\/\/tribunadapraia.com.br\/\",\"sameAs\":[\"https:\/\/www.facebook.com\/tribunadapraiaonline\/\",\"https:\/\/www.instagram.com\/claudomirtavares\/\",\"https:\/\/www.youtube.com\/channel\/UCwQf80nxiMzCefAyjbp53Rw\",\"https:\/\/twitter.com\/Claudomir21\"],\"logo\":{\"@type\":\"ImageObject\",\"@id\":\"https:\/\/tribunadapraia.com.br\/#logo\",\"inLanguage\":\"pt-BR\",\"url\":\"https:\/\/tribunadapraia.com.br\/wp-content\/uploads\/2020\/02\/logo.png\",\"contentUrl\":\"https:\/\/tribunadapraia.com.br\/wp-content\/uploads\/2020\/02\/logo.png\",\"width\":501,\"height\":121,\"caption\":\"Tribuna da Praia\"},\"image\":{\"@id\":\"https:\/\/tribunadapraia.com.br\/#logo\"}},{\"@type\":\"WebSite\",\"@id\":\"https:\/\/tribunadapraia.com.br\/#website\",\"url\":\"https:\/\/tribunadapraia.com.br\/\",\"name\":\"TRIBUNA DA PRAIA\",\"description\":\"O 1\\u00ba jornal do interior de Sergipe na internet\",\"publisher\":{\"@id\":\"https:\/\/tribunadapraia.com.br\/#organization\"},\"potentialAction\":[{\"@type\":\"SearchAction\",\"target\":\"https:\/\/tribunadapraia.com.br\/?s={search_term_string}\",\"query-input\":\"required name=search_term_string\"}],\"inLanguage\":\"pt-BR\"},{\"@type\":\"ImageObject\",\"@id\":\"https:\/\/tribunadapraia.com.br\/?p=3118#primaryimage\",\"inLanguage\":\"pt-BR\",\"url\":\"https:\/\/tribunadapraia.com.br\/wp-content\/uploads\/2021\/10\/IMG-20211030-WA0018.jpg\",\"contentUrl\":\"https:\/\/tribunadapraia.com.br\/wp-content\/uploads\/2021\/10\/IMG-20211030-WA0018.jpg\",\"width\":500,\"height\":375},{\"@type\":\"WebPage\",\"@id\":\"https:\/\/tribunadapraia.com.br\/?p=3118#webpage\",\"url\":\"https:\/\/tribunadapraia.com.br\/?p=3118\",\"name\":\"Cr\\u00f4nica: CHOREI... - TRIBUNA DA PRAIA\",\"isPartOf\":{\"@id\":\"https:\/\/tribunadapraia.com.br\/#website\"},\"primaryImageOfPage\":{\"@id\":\"https:\/\/tribunadapraia.com.br\/?p=3118#primaryimage\"},\"datePublished\":\"2021-10-31T11:39:03+00:00\",\"dateModified\":\"2021-10-31T12:07:26+00:00\",\"breadcrumb\":{\"@id\":\"https:\/\/tribunadapraia.com.br\/?p=3118#breadcrumb\"},\"inLanguage\":\"pt-BR\",\"potentialAction\":[{\"@type\":\"ReadAction\",\"target\":[\"https:\/\/tribunadapraia.com.br\/?p=3118\"]}]},{\"@type\":\"BreadcrumbList\",\"@id\":\"https:\/\/tribunadapraia.com.br\/?p=3118#breadcrumb\",\"itemListElement\":[{\"@type\":\"ListItem\",\"position\":1,\"item\":{\"@type\":\"WebPage\",\"@id\":\"https:\/\/tribunadapraia.com.br\/\",\"url\":\"https:\/\/tribunadapraia.com.br\/\",\"name\":\"In\\u00edcio\"}},{\"@type\":\"ListItem\",\"position\":2,\"item\":{\"@id\":\"https:\/\/tribunadapraia.com.br\/?p=3118#webpage\"}}]},{\"@type\":\"Article\",\"@id\":\"https:\/\/tribunadapraia.com.br\/?p=3118#article\",\"isPartOf\":{\"@id\":\"https:\/\/tribunadapraia.com.br\/?p=3118#webpage\"},\"author\":{\"@id\":\"https:\/\/tribunadapraia.com.br\/#\/schema\/person\/326b0a9f3163b479142c64eba4928de0\"},\"headline\":\"Cr\\u00f4nica: CHOREI&#8230;\",\"datePublished\":\"2021-10-31T11:39:03+00:00\",\"dateModified\":\"2021-10-31T12:07:26+00:00\",\"mainEntityOfPage\":{\"@id\":\"https:\/\/tribunadapraia.com.br\/?p=3118#webpage\"},\"wordCount\":341,\"commentCount\":0,\"publisher\":{\"@id\":\"https:\/\/tribunadapraia.com.br\/#organization\"},\"image\":{\"@id\":\"https:\/\/tribunadapraia.com.br\/?p=3118#primaryimage\"},\"thumbnailUrl\":\"https:\/\/tribunadapraia.com.br\/wp-content\/uploads\/2021\/10\/IMG-20211030-WA0018.jpg\",\"articleSection\":[\"Not\\u00edcias\"],\"inLanguage\":\"pt-BR\",\"potentialAction\":[{\"@type\":\"CommentAction\",\"name\":\"Comment\",\"target\":[\"https:\/\/tribunadapraia.com.br\/?p=3118#respond\"]}]},{\"@type\":\"Person\",\"@id\":\"https:\/\/tribunadapraia.com.br\/#\/schema\/person\/326b0a9f3163b479142c64eba4928de0\",\"name\":\"tribunadapraia\",\"image\":{\"@type\":\"ImageObject\",\"@id\":\"https:\/\/tribunadapraia.com.br\/#personlogo\",\"inLanguage\":\"pt-BR\",\"url\":\"https:\/\/secure.gravatar.com\/avatar\/38b019c74762496076b7355024a0dad9?s=96&d=identicon&r=g\",\"contentUrl\":\"https:\/\/secure.gravatar.com\/avatar\/38b019c74762496076b7355024a0dad9?s=96&d=identicon&r=g\",\"caption\":\"tribunadapraia\"}}]}<\/script>\n<!-- \/ Yoast SEO plugin. -->","wps_subtitle":"","_links":{"self":[{"href":"https:\/\/tribunadapraia.com.br\/index.php?rest_route=\/wp\/v2\/posts\/3118"}],"collection":[{"href":"https:\/\/tribunadapraia.com.br\/index.php?rest_route=\/wp\/v2\/posts"}],"about":[{"href":"https:\/\/tribunadapraia.com.br\/index.php?rest_route=\/wp\/v2\/types\/post"}],"author":[{"embeddable":true,"href":"https:\/\/tribunadapraia.com.br\/index.php?rest_route=\/wp\/v2\/users\/1"}],"replies":[{"embeddable":true,"href":"https:\/\/tribunadapraia.com.br\/index.php?rest_route=%2Fwp%2Fv2%2Fcomments&post=3118"}],"version-history":[{"count":3,"href":"https:\/\/tribunadapraia.com.br\/index.php?rest_route=\/wp\/v2\/posts\/3118\/revisions"}],"predecessor-version":[{"id":3123,"href":"https:\/\/tribunadapraia.com.br\/index.php?rest_route=\/wp\/v2\/posts\/3118\/revisions\/3123"}],"wp:featuredmedia":[{"embeddable":true,"href":"https:\/\/tribunadapraia.com.br\/index.php?rest_route=\/wp\/v2\/media\/3119"}],"wp:attachment":[{"href":"https:\/\/tribunadapraia.com.br\/index.php?rest_route=%2Fwp%2Fv2%2Fmedia&parent=3118"}],"wp:term":[{"taxonomy":"category","embeddable":true,"href":"https:\/\/tribunadapraia.com.br\/index.php?rest_route=%2Fwp%2Fv2%2Fcategories&post=3118"},{"taxonomy":"post_tag","embeddable":true,"href":"https:\/\/tribunadapraia.com.br\/index.php?rest_route=%2Fwp%2Fv2%2Ftags&post=3118"}],"curies":[{"name":"wp","href":"https:\/\/api.w.org\/{rel}","templated":true}]}}