{"id":3115,"date":"2021-10-29T09:54:06","date_gmt":"2021-10-29T12:54:06","guid":{"rendered":"https:\/\/tribunadapraia.com.br\/?p=3115"},"modified":"2021-10-29T09:54:46","modified_gmt":"2021-10-29T12:54:46","slug":"justica-lgbtfobia-nao-e-opiniao-saiba-como-denunciar-esse-tipo-de-crime","status":"publish","type":"post","link":"https:\/\/tribunadapraia.com.br\/?p=3115","title":{"rendered":"JUSTI\u00c7A: LGBTfobia n\u00e3o \u00e9 &#8220;opini\u00e3o&#8221;: saiba como denunciar esse tipo de crime"},"content":{"rendered":"<p>Preconceito em raz\u00e3o de orienta\u00e7\u00e3o sexual e identidade de g\u00eanero leva a at\u00e9 5 anos de pris\u00e3o<\/p>\n<p>por Paulo Malvezzi *<\/p>\n<p>Maur\u00edcio Souza n\u00e3o \u00e9 mais jogador da sele\u00e7\u00e3o brasileira de v\u00f4lei &#8211; Foto: Reprodu\u00e7\u00e3o\/Instagram<\/p>\n<p>\u201cLiberdade de express\u00e3o\u201d ou \u201copini\u00e3o\u201d. \u00c9 assim que quase sempre declara\u00e7\u00f5es e atitudes LGBTf\u00f3bicas s\u00e3o justificadas por seus autores \u2013 principalmente quando s\u00e3o cobrados e acusados publicamente.<\/p>\n<p>O caso mais recente \u00e9 o do\u00a0jogador de v\u00f4lei Maur\u00edcio Souza, que h\u00e1 duas semanas fez uma postagem preconceituosa no Instagram a respeito da bissexualidade de um personagem de hist\u00f3ria em quadrinhos, o filho do Super-Homem.<\/p>\n<p>Ap\u00f3s press\u00e3o de patrocinadores do Minas T\u00eanis Clube, do qual era contratado, Souza chegou a pedir desculpas na internet, mas voltou a usar uma posi\u00e7\u00e3o homof\u00f3bica, dizendo que defende aquilo que acredita. N\u00e3o foi o suficiente, e ele foi demitido na \u00faltima quarta-feira (27).<\/p>\n<p>A situa\u00e7\u00e3o, al\u00e9m de trazer \u00e0 tona mais um caso de preconceito, tamb\u00e9m desperta discuss\u00e3o sobre as circunst\u00e2ncias em que coment\u00e1rios como o de Maur\u00edcio Souza podem ser considerados crime, conforme prev\u00ea o STF (Superior Tribunal Federal). Em 2019, a Corte equiparou atos de discrimina\u00e7\u00e3o em raz\u00e3o de orienta\u00e7\u00e3o sexual ou identidade de g\u00eanero, ao crime de racismo.<\/p>\n<p>\u25a0 Criminaliza\u00e7\u00e3o<\/p>\n<p>Diferentemente de inj\u00faria racial, que \u00e9 uma ofensa individualizada e atinge a honra de uma determinada pessoa, o racismo \u2013 e, por extens\u00e3o, a LGBTfobia \u2013\u00a0 se caracteriza por ser uma conduta que agride toda uma coletividade.<\/p>\n<p>S\u00e3o discursos que pregam a inferioridade, segrega\u00e7\u00e3o ou elimina\u00e7\u00e3o de determinados grupos e que n\u00e3o s\u00e3o protegidos pelo direito \u00e0 livre express\u00e3o de opini\u00e3o e pensamento, garantido pela Constitui\u00e7\u00e3o Federal.<\/p>\n<p>Assim, \u00e9 crime praticar, induzir ou incitar a discrimina\u00e7\u00e3o ou preconceito, seja em raz\u00e3o de ra\u00e7a, cor, etnia, orienta\u00e7\u00e3o sexual ou identidade de g\u00eanero. Dizer que LGBTs s\u00e3o um perigo para a sociedade e que n\u00e3o devem ter espa\u00e7o na m\u00eddia ou produ\u00e7\u00f5es culturais, \u00e9 um exemplo de conduta pun\u00edvel. A pena \u00e9 de 1 a 5 anos de pris\u00e3o.<\/p>\n<p>\u25a0 Den\u00fancia<\/p>\n<p>Se voc\u00ea foi v\u00edtima ou tomou conhecimento de um crime de LGBTfobia, o primeiro passo \u00e9 procurar as autoridades respons\u00e1veis para registrar o caso. Se a den\u00fancia n\u00e3o for formalizada, ela nunca ser\u00e1 reconhecida nem entrar\u00e1 para as estat\u00edsticas oficiais.<\/p>\n<p>Alguns estados possuem delegacias especializadas de combate \u00e0 discrimina\u00e7\u00e3o e grupos de promotores dedicados exclusivamente ao tema.<\/p>\n<p>Existem, ainda, canais municipais, estaduais e federais que recebem esse tipo de den\u00fancia. O mais conhecido \u00e9 o\u00a0Disque 100, ou Disque Direitos Humanos, mas h\u00e1 in\u00fameras ouvidorias, conselhos e \u00f3rg\u00e3os de Direitos Humanos locais que realizam fun\u00e7\u00e3o semelhante.<\/p>\n<p>De toda forma, sendo constatada a exist\u00eancia de crime, caber\u00e1 sempre \u00e0 Pol\u00edcia Civil investigar os fatos e ao Minist\u00e9rio P\u00fablico requerer a condena\u00e7\u00e3o dos acusados perante a Justi\u00e7a.<\/p>\n<p>Puni\u00e7\u00e3o administrativa<br \/>\nEm alguns estados, leis locais estabelecem puni\u00e7\u00f5es administrativas para atos de homotransfobia. Isso significa que pessoas e at\u00e9 estabelecimentos comerciais podem ser multados ou ter o alvar\u00e1 de funcionamento ca\u00e7ado por praticar atos de discrimina\u00e7\u00e3o contra pessoas LGBTI+.<\/p>\n<p>\u00c9 o caso de S\u00e3o Paulo, que em 2001 aprovou a Lei 10.948, uma das primeiras legisla\u00e7\u00f5es a punir discrimina\u00e7\u00e3o em raz\u00e3o de orienta\u00e7\u00e3o sexual e identidade de g\u00eanero. Em duas d\u00e9cadas, foram 168 condena\u00e7\u00f5es \u2014 140 advert\u00eancias e 29 multas, que totalizam cerca de R$ 940 mil \u2013, como mostrou\u00a0reportagem da\u00a0Ag\u00eancia Diadorim.<\/p>\n<p>Nesses casos, em geral, s\u00e3o as pr\u00f3prias secretarias estaduais de Justi\u00e7a que recebem e processam as den\u00fancias, mas o procedimento pode variar de acordo com cada legisla\u00e7\u00e3o.<\/p>\n<p>Apesar da decis\u00e3o do Supremo ter mais de dois anos, ainda h\u00e1 um longo caminho pela frente. Uma\u00a0pesquisa da organiza\u00e7\u00e3o All Out e do Instituto Matizes, apontou 34 barreiras para a efetiva\u00e7\u00e3o da criminaliza\u00e7\u00e3o da LGBTfobia.<\/p>\n<p>Entre os problemas est\u00e3o a falta de preparo das pol\u00edcias, pouca transpar\u00eancia, aus\u00eancia de padroniza\u00e7\u00e3o de dados e preconceitos ainda firmemente enraizados nas institui\u00e7\u00f5es respons\u00e1veis por receber e processar den\u00fancias do tipo.<br \/>\nProcure ajuda<\/p>\n<p>Caso voc\u00ea n\u00e3o se sinta seguro ou n\u00e3o saiba como fazer a den\u00fancia, procure um advogado para te orientar ou recorra ao atendimento da Defensoria P\u00fablica. Coletivos de ativistas e ONGs dedicadas \u00e0 promo\u00e7\u00e3o dos direitos da popula\u00e7\u00e3o LGBTI+ tamb\u00e9m possuem ampla experi\u00eancia no acompanhamento de den\u00fancias e podem apoi\u00e1-lo no processo.<\/p>\n<p>Para saber qual o coletivo ou ONG mais pr\u00f3xima de voc\u00ea, busque nos\u00a0sites da ABGLT\u00a0(Associa\u00e7\u00e3o Brasileira de L\u00e9sbicas, Gays, Bissexuais, Travestis, Transexuais e Intersexos) e da\u00a0Alian\u00e7a Nacional LGBT.<\/p>\n<p>A ABGLT tamb\u00e9m disponibiliza um \u201cMapa da Cidadania&#8221;, com as principais legisla\u00e7\u00f5es e \u00f3rg\u00e3os de defesa da popula\u00e7\u00e3o LGBTI+ em cada estado.<\/p>\n<p>* Paulo Malvezzi \u00e9 integrante da\u00a0Diadorim, ag\u00eancia de jornalismo independente, sem fins lucrativos, engajada na promo\u00e7\u00e3o dos direitos da popula\u00e7\u00e3o LGBTI+<\/p>\n<p>Fonte: Brasil de Fato | S\u00e3o Paulo (SP) |<\/p>\n","protected":false},"excerpt":{"rendered":"<p>Preconceito em raz\u00e3o de orienta\u00e7\u00e3o sexual e identidade de g\u00eanero leva a at\u00e9 5 anos de pris\u00e3o por Paulo Malvezzi * Maur\u00edcio Souza n\u00e3o \u00e9 mais jogador da sele\u00e7\u00e3o brasileira de v\u00f4lei &#8211; Foto: Reprodu\u00e7\u00e3o\/Instagram \u201cLiberdade de express\u00e3o\u201d ou \u201copini\u00e3o\u201d. \u00c9 assim que quase sempre declara\u00e7\u00f5es e atitudes LGBTf\u00f3bicas s\u00e3o justificadas por seus autores \u2013 principalmente quando s\u00e3o cobrados e acusados publicamente. O caso mais recente \u00e9 o do\u00a0jogador de<\/p>\n","protected":false},"author":1,"featured_media":3116,"comment_status":"open","ping_status":"open","sticky":false,"template":"","format":"standard","meta":[],"categories":[18],"tags":[],"yoast_head":"<!-- This site is optimized with the Yoast SEO plugin v16.3 - https:\/\/yoast.com\/wordpress\/plugins\/seo\/ -->\n<title>JUSTI\u00c7A: LGBTfobia n\u00e3o \u00e9 &quot;opini\u00e3o&quot;: saiba como denunciar esse tipo de crime - TRIBUNA DA PRAIA<\/title>\n<meta name=\"robots\" content=\"index, follow, max-snippet:-1, max-image-preview:large, max-video-preview:-1\" \/>\n<link rel=\"canonical\" href=\"https:\/\/tribunadapraia.com.br\/?p=3115\" \/>\n<meta property=\"og:locale\" content=\"pt_BR\" \/>\n<meta property=\"og:type\" content=\"article\" \/>\n<meta property=\"og:title\" content=\"JUSTI\u00c7A: LGBTfobia n\u00e3o \u00e9 &quot;opini\u00e3o&quot;: saiba como denunciar esse tipo de crime - TRIBUNA DA PRAIA\" \/>\n<meta property=\"og:description\" content=\"Preconceito em raz\u00e3o de orienta\u00e7\u00e3o sexual e identidade de g\u00eanero leva a at\u00e9 5 anos de pris\u00e3o por Paulo Malvezzi * Maur\u00edcio Souza n\u00e3o \u00e9 mais jogador da sele\u00e7\u00e3o brasileira de v\u00f4lei &#8211; Foto: Reprodu\u00e7\u00e3o\/Instagram \u201cLiberdade de express\u00e3o\u201d ou \u201copini\u00e3o\u201d. \u00c9 assim que quase sempre declara\u00e7\u00f5es e atitudes LGBTf\u00f3bicas s\u00e3o justificadas por seus autores \u2013 principalmente quando s\u00e3o cobrados e acusados publicamente. O caso mais recente \u00e9 o do\u00a0jogador de\" \/>\n<meta property=\"og:url\" content=\"https:\/\/tribunadapraia.com.br\/?p=3115\" \/>\n<meta property=\"og:site_name\" content=\"TRIBUNA DA PRAIA\" \/>\n<meta property=\"article:publisher\" content=\"https:\/\/www.facebook.com\/tribunadapraiaonline\/\" \/>\n<meta property=\"article:published_time\" content=\"2021-10-29T12:54:06+00:00\" \/>\n<meta property=\"article:modified_time\" content=\"2021-10-29T12:54:46+00:00\" \/>\n<meta property=\"og:image\" content=\"https:\/\/tribunadapraia.com.br\/wp-content\/uploads\/2021\/10\/image_processing20211028-13537-1yhumyy.jpeg\" \/>\n\t<meta property=\"og:image:width\" content=\"800\" \/>\n\t<meta property=\"og:image:height\" content=\"693\" \/>\n<meta name=\"twitter:card\" content=\"summary_large_image\" \/>\n<meta name=\"twitter:creator\" content=\"@Claudomir21\" \/>\n<meta name=\"twitter:site\" content=\"@Claudomir21\" \/>\n<meta name=\"twitter:label1\" content=\"Est. tempo de leitura\">\n\t<meta name=\"twitter:data1\" content=\"4 minutos\">\n<script type=\"application\/ld+json\" class=\"yoast-schema-graph\">{\"@context\":\"https:\/\/schema.org\",\"@graph\":[{\"@type\":\"Organization\",\"@id\":\"https:\/\/tribunadapraia.com.br\/#organization\",\"name\":\"Tribuna da Praia\",\"url\":\"https:\/\/tribunadapraia.com.br\/\",\"sameAs\":[\"https:\/\/www.facebook.com\/tribunadapraiaonline\/\",\"https:\/\/www.instagram.com\/claudomirtavares\/\",\"https:\/\/www.youtube.com\/channel\/UCwQf80nxiMzCefAyjbp53Rw\",\"https:\/\/twitter.com\/Claudomir21\"],\"logo\":{\"@type\":\"ImageObject\",\"@id\":\"https:\/\/tribunadapraia.com.br\/#logo\",\"inLanguage\":\"pt-BR\",\"url\":\"https:\/\/tribunadapraia.com.br\/wp-content\/uploads\/2020\/02\/logo.png\",\"contentUrl\":\"https:\/\/tribunadapraia.com.br\/wp-content\/uploads\/2020\/02\/logo.png\",\"width\":501,\"height\":121,\"caption\":\"Tribuna da Praia\"},\"image\":{\"@id\":\"https:\/\/tribunadapraia.com.br\/#logo\"}},{\"@type\":\"WebSite\",\"@id\":\"https:\/\/tribunadapraia.com.br\/#website\",\"url\":\"https:\/\/tribunadapraia.com.br\/\",\"name\":\"TRIBUNA DA PRAIA\",\"description\":\"O 1\\u00ba jornal do interior de Sergipe na internet\",\"publisher\":{\"@id\":\"https:\/\/tribunadapraia.com.br\/#organization\"},\"potentialAction\":[{\"@type\":\"SearchAction\",\"target\":\"https:\/\/tribunadapraia.com.br\/?s={search_term_string}\",\"query-input\":\"required name=search_term_string\"}],\"inLanguage\":\"pt-BR\"},{\"@type\":\"ImageObject\",\"@id\":\"https:\/\/tribunadapraia.com.br\/?p=3115#primaryimage\",\"inLanguage\":\"pt-BR\",\"url\":\"https:\/\/tribunadapraia.com.br\/wp-content\/uploads\/2021\/10\/image_processing20211028-13537-1yhumyy.jpeg\",\"contentUrl\":\"https:\/\/tribunadapraia.com.br\/wp-content\/uploads\/2021\/10\/image_processing20211028-13537-1yhumyy.jpeg\",\"width\":800,\"height\":693},{\"@type\":\"WebPage\",\"@id\":\"https:\/\/tribunadapraia.com.br\/?p=3115#webpage\",\"url\":\"https:\/\/tribunadapraia.com.br\/?p=3115\",\"name\":\"JUSTI\\u00c7A: LGBTfobia n\\u00e3o \\u00e9 \\\"opini\\u00e3o\\\": saiba como denunciar esse tipo de crime - TRIBUNA DA PRAIA\",\"isPartOf\":{\"@id\":\"https:\/\/tribunadapraia.com.br\/#website\"},\"primaryImageOfPage\":{\"@id\":\"https:\/\/tribunadapraia.com.br\/?p=3115#primaryimage\"},\"datePublished\":\"2021-10-29T12:54:06+00:00\",\"dateModified\":\"2021-10-29T12:54:46+00:00\",\"breadcrumb\":{\"@id\":\"https:\/\/tribunadapraia.com.br\/?p=3115#breadcrumb\"},\"inLanguage\":\"pt-BR\",\"potentialAction\":[{\"@type\":\"ReadAction\",\"target\":[\"https:\/\/tribunadapraia.com.br\/?p=3115\"]}]},{\"@type\":\"BreadcrumbList\",\"@id\":\"https:\/\/tribunadapraia.com.br\/?p=3115#breadcrumb\",\"itemListElement\":[{\"@type\":\"ListItem\",\"position\":1,\"item\":{\"@type\":\"WebPage\",\"@id\":\"https:\/\/tribunadapraia.com.br\/\",\"url\":\"https:\/\/tribunadapraia.com.br\/\",\"name\":\"In\\u00edcio\"}},{\"@type\":\"ListItem\",\"position\":2,\"item\":{\"@id\":\"https:\/\/tribunadapraia.com.br\/?p=3115#webpage\"}}]},{\"@type\":\"Article\",\"@id\":\"https:\/\/tribunadapraia.com.br\/?p=3115#article\",\"isPartOf\":{\"@id\":\"https:\/\/tribunadapraia.com.br\/?p=3115#webpage\"},\"author\":{\"@id\":\"https:\/\/tribunadapraia.com.br\/#\/schema\/person\/326b0a9f3163b479142c64eba4928de0\"},\"headline\":\"JUSTI\\u00c7A: LGBTfobia n\\u00e3o \\u00e9 &#8220;opini\\u00e3o&#8221;: saiba como denunciar esse tipo de crime\",\"datePublished\":\"2021-10-29T12:54:06+00:00\",\"dateModified\":\"2021-10-29T12:54:46+00:00\",\"mainEntityOfPage\":{\"@id\":\"https:\/\/tribunadapraia.com.br\/?p=3115#webpage\"},\"wordCount\":889,\"commentCount\":0,\"publisher\":{\"@id\":\"https:\/\/tribunadapraia.com.br\/#organization\"},\"image\":{\"@id\":\"https:\/\/tribunadapraia.com.br\/?p=3115#primaryimage\"},\"thumbnailUrl\":\"https:\/\/tribunadapraia.com.br\/wp-content\/uploads\/2021\/10\/image_processing20211028-13537-1yhumyy.jpeg\",\"articleSection\":[\"Not\\u00edcias\"],\"inLanguage\":\"pt-BR\",\"potentialAction\":[{\"@type\":\"CommentAction\",\"name\":\"Comment\",\"target\":[\"https:\/\/tribunadapraia.com.br\/?p=3115#respond\"]}]},{\"@type\":\"Person\",\"@id\":\"https:\/\/tribunadapraia.com.br\/#\/schema\/person\/326b0a9f3163b479142c64eba4928de0\",\"name\":\"tribunadapraia\",\"image\":{\"@type\":\"ImageObject\",\"@id\":\"https:\/\/tribunadapraia.com.br\/#personlogo\",\"inLanguage\":\"pt-BR\",\"url\":\"https:\/\/secure.gravatar.com\/avatar\/38b019c74762496076b7355024a0dad9?s=96&d=identicon&r=g\",\"contentUrl\":\"https:\/\/secure.gravatar.com\/avatar\/38b019c74762496076b7355024a0dad9?s=96&d=identicon&r=g\",\"caption\":\"tribunadapraia\"}}]}<\/script>\n<!-- \/ Yoast SEO plugin. -->","wps_subtitle":"","_links":{"self":[{"href":"https:\/\/tribunadapraia.com.br\/index.php?rest_route=\/wp\/v2\/posts\/3115"}],"collection":[{"href":"https:\/\/tribunadapraia.com.br\/index.php?rest_route=\/wp\/v2\/posts"}],"about":[{"href":"https:\/\/tribunadapraia.com.br\/index.php?rest_route=\/wp\/v2\/types\/post"}],"author":[{"embeddable":true,"href":"https:\/\/tribunadapraia.com.br\/index.php?rest_route=\/wp\/v2\/users\/1"}],"replies":[{"embeddable":true,"href":"https:\/\/tribunadapraia.com.br\/index.php?rest_route=%2Fwp%2Fv2%2Fcomments&post=3115"}],"version-history":[{"count":1,"href":"https:\/\/tribunadapraia.com.br\/index.php?rest_route=\/wp\/v2\/posts\/3115\/revisions"}],"predecessor-version":[{"id":3117,"href":"https:\/\/tribunadapraia.com.br\/index.php?rest_route=\/wp\/v2\/posts\/3115\/revisions\/3117"}],"wp:featuredmedia":[{"embeddable":true,"href":"https:\/\/tribunadapraia.com.br\/index.php?rest_route=\/wp\/v2\/media\/3116"}],"wp:attachment":[{"href":"https:\/\/tribunadapraia.com.br\/index.php?rest_route=%2Fwp%2Fv2%2Fmedia&parent=3115"}],"wp:term":[{"taxonomy":"category","embeddable":true,"href":"https:\/\/tribunadapraia.com.br\/index.php?rest_route=%2Fwp%2Fv2%2Fcategories&post=3115"},{"taxonomy":"post_tag","embeddable":true,"href":"https:\/\/tribunadapraia.com.br\/index.php?rest_route=%2Fwp%2Fv2%2Ftags&post=3115"}],"curies":[{"name":"wp","href":"https:\/\/api.w.org\/{rel}","templated":true}]}}