{"id":3111,"date":"2021-10-26T01:20:43","date_gmt":"2021-10-26T04:20:43","guid":{"rendered":"https:\/\/tribunadapraia.com.br\/?p=3111"},"modified":"2021-10-26T01:21:28","modified_gmt":"2021-10-26T04:21:28","slug":"juiz-ouvira-testemunhas-sobre-compra-de-votos-em-propria","status":"publish","type":"post","link":"https:\/\/tribunadapraia.com.br\/?p=3111","title":{"rendered":"Juiz ouvir\u00e1 testemunhas sobre compra de votos em Propri\u00e1"},"content":{"rendered":"<p>O juiz da Comarca de Propri\u00e1, Dr. Geilton Costa Cardoso da Silva, ouvir\u00e1 nesta ter\u00e7a-feira, 26 de outubro, seis testemunhas arroladas no processo que apura a poss\u00edvel compra de votos pela coliga\u00e7\u00e3o que elegeu o prefeito Valberto Oliveira (MDB), na \u00faltima elei\u00e7\u00e3o municipal.<\/p>\n<p>A defesa da coliga\u00e7\u00e3o de Valberto Oliveira tentou junto \u00e0 Justi\u00e7a Eleitoral adiar a data da audi\u00eancia, mas, o juiz Geilton Cardoso da Silva manteve a data, alterando apenas o in\u00edcio das oitivas que passou das 9h para as 13, desta ter\u00e7a-feira, 26 de outubro, no F\u00f3rum de Propri\u00e1.<\/p>\n<p>A Pol\u00edcia Federal ap\u00f3s ouvir as testemunhas arroladas no processo concluiu o inqu\u00e9rito, cujo relat\u00f3rio j\u00e1 est\u00e1 de posse do juiz eleitoral, Geilton Cardoso.<\/p>\n<p>Reina em Propri\u00e1 grande expectativa sobre a audi\u00eancia de instru\u00e7\u00e3o e julgamento, marcada para esta ter\u00e7a-feira 26\/10, que poder\u00e1 cassar o mandato do prefeito Valberto Oliveira.<\/p>\n<p>\u25a0 Mais audi\u00eancias<\/p>\n<p>O juiz Geilton Cardoso da Silva est\u00e1 dando curso aos processos que tramitam na sua Vara e ainda no decorrer desta semana casos similares de Telha e S\u00e3o Francisco ser\u00e3o apreciados pelo magistrado.<\/p>\n<p>Fonte: Portal RADAR Sergipe, em 25\/10\/2021<\/p>\n","protected":false},"excerpt":{"rendered":"<p>O juiz da Comarca de Propri\u00e1, Dr. Geilton Costa Cardoso da Silva, ouvir\u00e1 nesta ter\u00e7a-feira, 26 de outubro, seis testemunhas arroladas no processo que apura a poss\u00edvel compra de votos pela coliga\u00e7\u00e3o que elegeu o prefeito Valberto Oliveira (MDB), na \u00faltima elei\u00e7\u00e3o municipal. A defesa da coliga\u00e7\u00e3o de Valberto Oliveira tentou junto \u00e0 Justi\u00e7a Eleitoral adiar a data da audi\u00eancia, mas, o juiz Geilton Cardoso da Silva manteve a data,<\/p>\n","protected":false},"author":1,"featured_media":3112,"comment_status":"open","ping_status":"open","sticky":false,"template":"","format":"standard","meta":[],"categories":[18],"tags":[],"yoast_head":"<!-- This site is optimized with the Yoast SEO plugin v16.3 - https:\/\/yoast.com\/wordpress\/plugins\/seo\/ -->\n<title>Juiz ouvir\u00e1 testemunhas sobre compra de votos em Propri\u00e1 - TRIBUNA DA PRAIA<\/title>\n<meta name=\"robots\" content=\"index, follow, max-snippet:-1, max-image-preview:large, max-video-preview:-1\" \/>\n<link rel=\"canonical\" href=\"https:\/\/tribunadapraia.com.br\/?p=3111\" \/>\n<meta property=\"og:locale\" content=\"pt_BR\" \/>\n<meta property=\"og:type\" content=\"article\" \/>\n<meta property=\"og:title\" content=\"Juiz ouvir\u00e1 testemunhas sobre compra de votos em Propri\u00e1 - TRIBUNA DA PRAIA\" \/>\n<meta property=\"og:description\" content=\"O juiz da Comarca de Propri\u00e1, Dr. Geilton Costa Cardoso da Silva, ouvir\u00e1 nesta ter\u00e7a-feira, 26 de outubro, seis testemunhas arroladas no processo que apura a poss\u00edvel compra de votos pela coliga\u00e7\u00e3o que elegeu o prefeito Valberto Oliveira (MDB), na \u00faltima elei\u00e7\u00e3o municipal. A defesa da coliga\u00e7\u00e3o de Valberto Oliveira tentou junto \u00e0 Justi\u00e7a Eleitoral adiar a data da audi\u00eancia, mas, o juiz Geilton Cardoso da Silva manteve a data,\" \/>\n<meta property=\"og:url\" content=\"https:\/\/tribunadapraia.com.br\/?p=3111\" \/>\n<meta property=\"og:site_name\" content=\"TRIBUNA DA PRAIA\" \/>\n<meta property=\"article:publisher\" content=\"https:\/\/www.facebook.com\/tribunadapraiaonline\/\" \/>\n<meta property=\"article:published_time\" content=\"2021-10-26T04:20:43+00:00\" \/>\n<meta property=\"article:modified_time\" content=\"2021-10-26T04:21:28+00:00\" \/>\n<meta property=\"og:image\" content=\"https:\/\/tribunadapraia.com.br\/wp-content\/uploads\/2021\/10\/10248.jpg\" \/>\n\t<meta property=\"og:image:width\" content=\"285\" \/>\n\t<meta property=\"og:image:height\" content=\"182\" \/>\n<meta name=\"twitter:card\" content=\"summary_large_image\" \/>\n<meta name=\"twitter:creator\" content=\"@Claudomir21\" \/>\n<meta name=\"twitter:site\" content=\"@Claudomir21\" \/>\n<meta name=\"twitter:label1\" content=\"Est. tempo de leitura\">\n\t<meta name=\"twitter:data1\" content=\"1 minuto\">\n<script type=\"application\/ld+json\" class=\"yoast-schema-graph\">{\"@context\":\"https:\/\/schema.org\",\"@graph\":[{\"@type\":\"Organization\",\"@id\":\"https:\/\/tribunadapraia.com.br\/#organization\",\"name\":\"Tribuna da Praia\",\"url\":\"https:\/\/tribunadapraia.com.br\/\",\"sameAs\":[\"https:\/\/www.facebook.com\/tribunadapraiaonline\/\",\"https:\/\/www.instagram.com\/claudomirtavares\/\",\"https:\/\/www.youtube.com\/channel\/UCwQf80nxiMzCefAyjbp53Rw\",\"https:\/\/twitter.com\/Claudomir21\"],\"logo\":{\"@type\":\"ImageObject\",\"@id\":\"https:\/\/tribunadapraia.com.br\/#logo\",\"inLanguage\":\"pt-BR\",\"url\":\"https:\/\/tribunadapraia.com.br\/wp-content\/uploads\/2020\/02\/logo.png\",\"contentUrl\":\"https:\/\/tribunadapraia.com.br\/wp-content\/uploads\/2020\/02\/logo.png\",\"width\":501,\"height\":121,\"caption\":\"Tribuna da Praia\"},\"image\":{\"@id\":\"https:\/\/tribunadapraia.com.br\/#logo\"}},{\"@type\":\"WebSite\",\"@id\":\"https:\/\/tribunadapraia.com.br\/#website\",\"url\":\"https:\/\/tribunadapraia.com.br\/\",\"name\":\"TRIBUNA DA PRAIA\",\"description\":\"O 1\\u00ba jornal do interior de Sergipe na internet\",\"publisher\":{\"@id\":\"https:\/\/tribunadapraia.com.br\/#organization\"},\"potentialAction\":[{\"@type\":\"SearchAction\",\"target\":\"https:\/\/tribunadapraia.com.br\/?s={search_term_string}\",\"query-input\":\"required name=search_term_string\"}],\"inLanguage\":\"pt-BR\"},{\"@type\":\"ImageObject\",\"@id\":\"https:\/\/tribunadapraia.com.br\/?p=3111#primaryimage\",\"inLanguage\":\"pt-BR\",\"url\":\"https:\/\/tribunadapraia.com.br\/wp-content\/uploads\/2021\/10\/10248.jpg\",\"contentUrl\":\"https:\/\/tribunadapraia.com.br\/wp-content\/uploads\/2021\/10\/10248.jpg\",\"width\":285,\"height\":182},{\"@type\":\"WebPage\",\"@id\":\"https:\/\/tribunadapraia.com.br\/?p=3111#webpage\",\"url\":\"https:\/\/tribunadapraia.com.br\/?p=3111\",\"name\":\"Juiz ouvir\\u00e1 testemunhas sobre compra de votos em Propri\\u00e1 - TRIBUNA DA PRAIA\",\"isPartOf\":{\"@id\":\"https:\/\/tribunadapraia.com.br\/#website\"},\"primaryImageOfPage\":{\"@id\":\"https:\/\/tribunadapraia.com.br\/?p=3111#primaryimage\"},\"datePublished\":\"2021-10-26T04:20:43+00:00\",\"dateModified\":\"2021-10-26T04:21:28+00:00\",\"breadcrumb\":{\"@id\":\"https:\/\/tribunadapraia.com.br\/?p=3111#breadcrumb\"},\"inLanguage\":\"pt-BR\",\"potentialAction\":[{\"@type\":\"ReadAction\",\"target\":[\"https:\/\/tribunadapraia.com.br\/?p=3111\"]}]},{\"@type\":\"BreadcrumbList\",\"@id\":\"https:\/\/tribunadapraia.com.br\/?p=3111#breadcrumb\",\"itemListElement\":[{\"@type\":\"ListItem\",\"position\":1,\"item\":{\"@type\":\"WebPage\",\"@id\":\"https:\/\/tribunadapraia.com.br\/\",\"url\":\"https:\/\/tribunadapraia.com.br\/\",\"name\":\"In\\u00edcio\"}},{\"@type\":\"ListItem\",\"position\":2,\"item\":{\"@id\":\"https:\/\/tribunadapraia.com.br\/?p=3111#webpage\"}}]},{\"@type\":\"Article\",\"@id\":\"https:\/\/tribunadapraia.com.br\/?p=3111#article\",\"isPartOf\":{\"@id\":\"https:\/\/tribunadapraia.com.br\/?p=3111#webpage\"},\"author\":{\"@id\":\"https:\/\/tribunadapraia.com.br\/#\/schema\/person\/326b0a9f3163b479142c64eba4928de0\"},\"headline\":\"Juiz ouvir\\u00e1 testemunhas sobre compra de votos em Propri\\u00e1\",\"datePublished\":\"2021-10-26T04:20:43+00:00\",\"dateModified\":\"2021-10-26T04:21:28+00:00\",\"mainEntityOfPage\":{\"@id\":\"https:\/\/tribunadapraia.com.br\/?p=3111#webpage\"},\"wordCount\":206,\"commentCount\":0,\"publisher\":{\"@id\":\"https:\/\/tribunadapraia.com.br\/#organization\"},\"image\":{\"@id\":\"https:\/\/tribunadapraia.com.br\/?p=3111#primaryimage\"},\"thumbnailUrl\":\"https:\/\/tribunadapraia.com.br\/wp-content\/uploads\/2021\/10\/10248.jpg\",\"articleSection\":[\"Not\\u00edcias\"],\"inLanguage\":\"pt-BR\",\"potentialAction\":[{\"@type\":\"CommentAction\",\"name\":\"Comment\",\"target\":[\"https:\/\/tribunadapraia.com.br\/?p=3111#respond\"]}]},{\"@type\":\"Person\",\"@id\":\"https:\/\/tribunadapraia.com.br\/#\/schema\/person\/326b0a9f3163b479142c64eba4928de0\",\"name\":\"tribunadapraia\",\"image\":{\"@type\":\"ImageObject\",\"@id\":\"https:\/\/tribunadapraia.com.br\/#personlogo\",\"inLanguage\":\"pt-BR\",\"url\":\"https:\/\/secure.gravatar.com\/avatar\/38b019c74762496076b7355024a0dad9?s=96&d=identicon&r=g\",\"contentUrl\":\"https:\/\/secure.gravatar.com\/avatar\/38b019c74762496076b7355024a0dad9?s=96&d=identicon&r=g\",\"caption\":\"tribunadapraia\"}}]}<\/script>\n<!-- \/ Yoast SEO plugin. -->","wps_subtitle":"","_links":{"self":[{"href":"https:\/\/tribunadapraia.com.br\/index.php?rest_route=\/wp\/v2\/posts\/3111"}],"collection":[{"href":"https:\/\/tribunadapraia.com.br\/index.php?rest_route=\/wp\/v2\/posts"}],"about":[{"href":"https:\/\/tribunadapraia.com.br\/index.php?rest_route=\/wp\/v2\/types\/post"}],"author":[{"embeddable":true,"href":"https:\/\/tribunadapraia.com.br\/index.php?rest_route=\/wp\/v2\/users\/1"}],"replies":[{"embeddable":true,"href":"https:\/\/tribunadapraia.com.br\/index.php?rest_route=%2Fwp%2Fv2%2Fcomments&post=3111"}],"version-history":[{"count":1,"href":"https:\/\/tribunadapraia.com.br\/index.php?rest_route=\/wp\/v2\/posts\/3111\/revisions"}],"predecessor-version":[{"id":3113,"href":"https:\/\/tribunadapraia.com.br\/index.php?rest_route=\/wp\/v2\/posts\/3111\/revisions\/3113"}],"wp:featuredmedia":[{"embeddable":true,"href":"https:\/\/tribunadapraia.com.br\/index.php?rest_route=\/wp\/v2\/media\/3112"}],"wp:attachment":[{"href":"https:\/\/tribunadapraia.com.br\/index.php?rest_route=%2Fwp%2Fv2%2Fmedia&parent=3111"}],"wp:term":[{"taxonomy":"category","embeddable":true,"href":"https:\/\/tribunadapraia.com.br\/index.php?rest_route=%2Fwp%2Fv2%2Fcategories&post=3111"},{"taxonomy":"post_tag","embeddable":true,"href":"https:\/\/tribunadapraia.com.br\/index.php?rest_route=%2Fwp%2Fv2%2Ftags&post=3111"}],"curies":[{"name":"wp","href":"https:\/\/api.w.org\/{rel}","templated":true}]}}