{"id":3097,"date":"2021-10-22T09:46:28","date_gmt":"2021-10-22T12:46:28","guid":{"rendered":"https:\/\/tribunadapraia.com.br\/?p=3097"},"modified":"2021-10-22T09:46:28","modified_gmt":"2021-10-22T12:46:28","slug":"fg-solucoes-ambientais-pode-estar-deixando-propria","status":"publish","type":"post","link":"https:\/\/tribunadapraia.com.br\/?p=3097","title":{"rendered":"FG Solu\u00e7\u00f5es ambientais pode estar deixando Propri\u00e1"},"content":{"rendered":"<p>Contratada para executar servi\u00e7os essenciais de limpeza, podagem e coleta de res\u00edduos s\u00f3lidos, a empresa FG Solu\u00e7\u00f5es Ambuentais pode estar literalmente &#8220;arrumando \u00e0s malas&#8221; e deixar a cidade de Propri\u00e1, no Baixo S\u00e3o Francisco. O motivo seria o d\u00e9bito da Prefeitura Municipal junto a prestadora de servi\u00e7o instalada desde o m\u00eas de agosto passado; com boa avalia\u00e7\u00e3o da sociedade ribeirinha. A Prefeitura alega est\u00e1 cumprindo com suas obriga\u00e7\u00f5es contratuais. &#8220;A gest\u00e3o do prefeito Valberto Lima segue firme com o compromisso de manter Propri\u00e1 limpa, oferecendo cidadania, bem estar e conforto para os propriaenses&#8221;, afirma publica\u00e7\u00e3o de dom\u00ednio p\u00fablico dispon\u00edvel em publica\u00e7\u00e3o oficial. Enquanto isso, a FG Solu\u00e7\u00f5es Ambientais, instalada no Km 2,5 da BR 101, &#8220;j\u00e1 n\u00e3o consegue honrar seus compromisso com os trabalhadores, que paralisaram parcialmente suas atividades e temem n\u00e3o receber os proventos a que t\u00eam direito&#8221;, confidenciou a fonte que pediu reservas.<\/p>\n<p>por ClaudOmirnHerzog<\/p>\n","protected":false},"excerpt":{"rendered":"<p>Contratada para executar servi\u00e7os essenciais de limpeza, podagem e coleta de res\u00edduos s\u00f3lidos, a empresa FG Solu\u00e7\u00f5es Ambuentais pode estar literalmente &#8220;arrumando \u00e0s malas&#8221; e deixar a cidade de Propri\u00e1, no Baixo S\u00e3o Francisco. O motivo seria o d\u00e9bito da Prefeitura Municipal junto a prestadora de servi\u00e7o instalada desde o m\u00eas de agosto passado; com boa avalia\u00e7\u00e3o da sociedade ribeirinha. A Prefeitura alega est\u00e1 cumprindo com suas obriga\u00e7\u00f5es contratuais. &#8220;A<\/p>\n","protected":false},"author":3,"featured_media":3098,"comment_status":"open","ping_status":"open","sticky":false,"template":"","format":"standard","meta":[],"categories":[18],"tags":[],"yoast_head":"<!-- This site is optimized with the Yoast SEO plugin v16.3 - https:\/\/yoast.com\/wordpress\/plugins\/seo\/ -->\n<title>FG Solu\u00e7\u00f5es ambientais pode estar deixando Propri\u00e1 - TRIBUNA DA PRAIA<\/title>\n<meta name=\"robots\" content=\"index, follow, max-snippet:-1, max-image-preview:large, max-video-preview:-1\" \/>\n<link rel=\"canonical\" href=\"https:\/\/tribunadapraia.com.br\/?p=3097\" \/>\n<meta property=\"og:locale\" content=\"pt_BR\" \/>\n<meta property=\"og:type\" content=\"article\" \/>\n<meta property=\"og:title\" content=\"FG Solu\u00e7\u00f5es ambientais pode estar deixando Propri\u00e1 - TRIBUNA DA PRAIA\" \/>\n<meta property=\"og:description\" content=\"Contratada para executar servi\u00e7os essenciais de limpeza, podagem e coleta de res\u00edduos s\u00f3lidos, a empresa FG Solu\u00e7\u00f5es Ambuentais pode estar literalmente &#8220;arrumando \u00e0s malas&#8221; e deixar a cidade de Propri\u00e1, no Baixo S\u00e3o Francisco. O motivo seria o d\u00e9bito da Prefeitura Municipal junto a prestadora de servi\u00e7o instalada desde o m\u00eas de agosto passado; com boa avalia\u00e7\u00e3o da sociedade ribeirinha. A Prefeitura alega est\u00e1 cumprindo com suas obriga\u00e7\u00f5es contratuais. &#8220;A\" \/>\n<meta property=\"og:url\" content=\"https:\/\/tribunadapraia.com.br\/?p=3097\" \/>\n<meta property=\"og:site_name\" content=\"TRIBUNA DA PRAIA\" \/>\n<meta property=\"article:publisher\" content=\"https:\/\/www.facebook.com\/tribunadapraiaonline\/\" \/>\n<meta property=\"article:published_time\" content=\"2021-10-22T12:46:28+00:00\" \/>\n<meta property=\"og:image\" content=\"https:\/\/tribunadapraia.com.br\/wp-content\/uploads\/2021\/10\/IMG-20211022-WA0021.jpg\" \/>\n\t<meta property=\"og:image:width\" content=\"845\" \/>\n\t<meta property=\"og:image:height\" content=\"594\" \/>\n<meta name=\"twitter:card\" content=\"summary_large_image\" \/>\n<meta name=\"twitter:creator\" content=\"@Claudomir21\" \/>\n<meta name=\"twitter:site\" content=\"@Claudomir21\" \/>\n<meta name=\"twitter:label1\" content=\"Est. tempo de leitura\">\n\t<meta name=\"twitter:data1\" content=\"1 minuto\">\n<script type=\"application\/ld+json\" class=\"yoast-schema-graph\">{\"@context\":\"https:\/\/schema.org\",\"@graph\":[{\"@type\":\"Organization\",\"@id\":\"https:\/\/tribunadapraia.com.br\/#organization\",\"name\":\"Tribuna da Praia\",\"url\":\"https:\/\/tribunadapraia.com.br\/\",\"sameAs\":[\"https:\/\/www.facebook.com\/tribunadapraiaonline\/\",\"https:\/\/www.instagram.com\/claudomirtavares\/\",\"https:\/\/www.youtube.com\/channel\/UCwQf80nxiMzCefAyjbp53Rw\",\"https:\/\/twitter.com\/Claudomir21\"],\"logo\":{\"@type\":\"ImageObject\",\"@id\":\"https:\/\/tribunadapraia.com.br\/#logo\",\"inLanguage\":\"pt-BR\",\"url\":\"https:\/\/tribunadapraia.com.br\/wp-content\/uploads\/2020\/02\/logo.png\",\"contentUrl\":\"https:\/\/tribunadapraia.com.br\/wp-content\/uploads\/2020\/02\/logo.png\",\"width\":501,\"height\":121,\"caption\":\"Tribuna da Praia\"},\"image\":{\"@id\":\"https:\/\/tribunadapraia.com.br\/#logo\"}},{\"@type\":\"WebSite\",\"@id\":\"https:\/\/tribunadapraia.com.br\/#website\",\"url\":\"https:\/\/tribunadapraia.com.br\/\",\"name\":\"TRIBUNA DA PRAIA\",\"description\":\"O 1\\u00ba jornal do interior de Sergipe na internet\",\"publisher\":{\"@id\":\"https:\/\/tribunadapraia.com.br\/#organization\"},\"potentialAction\":[{\"@type\":\"SearchAction\",\"target\":\"https:\/\/tribunadapraia.com.br\/?s={search_term_string}\",\"query-input\":\"required name=search_term_string\"}],\"inLanguage\":\"pt-BR\"},{\"@type\":\"ImageObject\",\"@id\":\"https:\/\/tribunadapraia.com.br\/?p=3097#primaryimage\",\"inLanguage\":\"pt-BR\",\"url\":\"https:\/\/tribunadapraia.com.br\/wp-content\/uploads\/2021\/10\/IMG-20211022-WA0021.jpg\",\"contentUrl\":\"https:\/\/tribunadapraia.com.br\/wp-content\/uploads\/2021\/10\/IMG-20211022-WA0021.jpg\",\"width\":845,\"height\":594},{\"@type\":\"WebPage\",\"@id\":\"https:\/\/tribunadapraia.com.br\/?p=3097#webpage\",\"url\":\"https:\/\/tribunadapraia.com.br\/?p=3097\",\"name\":\"FG Solu\\u00e7\\u00f5es ambientais pode estar deixando Propri\\u00e1 - TRIBUNA DA PRAIA\",\"isPartOf\":{\"@id\":\"https:\/\/tribunadapraia.com.br\/#website\"},\"primaryImageOfPage\":{\"@id\":\"https:\/\/tribunadapraia.com.br\/?p=3097#primaryimage\"},\"datePublished\":\"2021-10-22T12:46:28+00:00\",\"dateModified\":\"2021-10-22T12:46:28+00:00\",\"breadcrumb\":{\"@id\":\"https:\/\/tribunadapraia.com.br\/?p=3097#breadcrumb\"},\"inLanguage\":\"pt-BR\",\"potentialAction\":[{\"@type\":\"ReadAction\",\"target\":[\"https:\/\/tribunadapraia.com.br\/?p=3097\"]}]},{\"@type\":\"BreadcrumbList\",\"@id\":\"https:\/\/tribunadapraia.com.br\/?p=3097#breadcrumb\",\"itemListElement\":[{\"@type\":\"ListItem\",\"position\":1,\"item\":{\"@type\":\"WebPage\",\"@id\":\"https:\/\/tribunadapraia.com.br\/\",\"url\":\"https:\/\/tribunadapraia.com.br\/\",\"name\":\"In\\u00edcio\"}},{\"@type\":\"ListItem\",\"position\":2,\"item\":{\"@id\":\"https:\/\/tribunadapraia.com.br\/?p=3097#webpage\"}}]},{\"@type\":\"Article\",\"@id\":\"https:\/\/tribunadapraia.com.br\/?p=3097#article\",\"isPartOf\":{\"@id\":\"https:\/\/tribunadapraia.com.br\/?p=3097#webpage\"},\"author\":{\"@id\":\"https:\/\/tribunadapraia.com.br\/#\/schema\/person\/099fbbf59acc5895c0d7d52b4fc46c97\"},\"headline\":\"FG Solu\\u00e7\\u00f5es ambientais pode estar deixando Propri\\u00e1\",\"datePublished\":\"2021-10-22T12:46:28+00:00\",\"dateModified\":\"2021-10-22T12:46:28+00:00\",\"mainEntityOfPage\":{\"@id\":\"https:\/\/tribunadapraia.com.br\/?p=3097#webpage\"},\"wordCount\":173,\"commentCount\":0,\"publisher\":{\"@id\":\"https:\/\/tribunadapraia.com.br\/#organization\"},\"image\":{\"@id\":\"https:\/\/tribunadapraia.com.br\/?p=3097#primaryimage\"},\"thumbnailUrl\":\"https:\/\/tribunadapraia.com.br\/wp-content\/uploads\/2021\/10\/IMG-20211022-WA0021.jpg\",\"articleSection\":[\"Not\\u00edcias\"],\"inLanguage\":\"pt-BR\",\"potentialAction\":[{\"@type\":\"CommentAction\",\"name\":\"Comment\",\"target\":[\"https:\/\/tribunadapraia.com.br\/?p=3097#respond\"]}]},{\"@type\":\"Person\",\"@id\":\"https:\/\/tribunadapraia.com.br\/#\/schema\/person\/099fbbf59acc5895c0d7d52b4fc46c97\",\"name\":\"Reda\\u00e7\\u00e3o\",\"image\":{\"@type\":\"ImageObject\",\"@id\":\"https:\/\/tribunadapraia.com.br\/#personlogo\",\"inLanguage\":\"pt-BR\",\"url\":\"https:\/\/secure.gravatar.com\/avatar\/91c8b91d2bfd7784eac5c3e055361f64?s=96&d=identicon&r=g\",\"contentUrl\":\"https:\/\/secure.gravatar.com\/avatar\/91c8b91d2bfd7784eac5c3e055361f64?s=96&d=identicon&r=g\",\"caption\":\"Reda\\u00e7\\u00e3o\"}}]}<\/script>\n<!-- \/ Yoast SEO plugin. -->","wps_subtitle":"","_links":{"self":[{"href":"https:\/\/tribunadapraia.com.br\/index.php?rest_route=\/wp\/v2\/posts\/3097"}],"collection":[{"href":"https:\/\/tribunadapraia.com.br\/index.php?rest_route=\/wp\/v2\/posts"}],"about":[{"href":"https:\/\/tribunadapraia.com.br\/index.php?rest_route=\/wp\/v2\/types\/post"}],"author":[{"embeddable":true,"href":"https:\/\/tribunadapraia.com.br\/index.php?rest_route=\/wp\/v2\/users\/3"}],"replies":[{"embeddable":true,"href":"https:\/\/tribunadapraia.com.br\/index.php?rest_route=%2Fwp%2Fv2%2Fcomments&post=3097"}],"version-history":[{"count":2,"href":"https:\/\/tribunadapraia.com.br\/index.php?rest_route=\/wp\/v2\/posts\/3097\/revisions"}],"predecessor-version":[{"id":3100,"href":"https:\/\/tribunadapraia.com.br\/index.php?rest_route=\/wp\/v2\/posts\/3097\/revisions\/3100"}],"wp:featuredmedia":[{"embeddable":true,"href":"https:\/\/tribunadapraia.com.br\/index.php?rest_route=\/wp\/v2\/media\/3098"}],"wp:attachment":[{"href":"https:\/\/tribunadapraia.com.br\/index.php?rest_route=%2Fwp%2Fv2%2Fmedia&parent=3097"}],"wp:term":[{"taxonomy":"category","embeddable":true,"href":"https:\/\/tribunadapraia.com.br\/index.php?rest_route=%2Fwp%2Fv2%2Fcategories&post=3097"},{"taxonomy":"post_tag","embeddable":true,"href":"https:\/\/tribunadapraia.com.br\/index.php?rest_route=%2Fwp%2Fv2%2Ftags&post=3097"}],"curies":[{"name":"wp","href":"https:\/\/api.w.org\/{rel}","templated":true}]}}