{"id":3094,"date":"2021-10-21T17:27:39","date_gmt":"2021-10-21T20:27:39","guid":{"rendered":"https:\/\/tribunadapraia.com.br\/?p=3094"},"modified":"2021-10-21T17:27:39","modified_gmt":"2021-10-21T20:27:39","slug":"justica-estadual-podera-exigir-a-realizacao-de-concurso-publico-em-propria","status":"publish","type":"post","link":"https:\/\/tribunadapraia.com.br\/?p=3094","title":{"rendered":"Justi\u00e7a Estadual poder\u00e1 exigir a realiza\u00e7\u00e3o de Concurso P\u00fablico em Propri\u00e1"},"content":{"rendered":"<p>Assim como ocorreu com os munic\u00edpios de Barra dos Coqueiros, Itabaiana e agora Lagarto, Justi\u00e7a Estadual poder\u00e1 exigir a realiza\u00e7\u00e3o de Concurso P\u00fablico em Propri\u00e1, no Baixo S\u00e3o Francisco. Munic\u00edpio possui 1375 servidores (a exemplo de 479 na Secretaria de Sa\u00fade e 112 na Secretaria de Assist\u00eancia Social), sendo mais da metade do contingente geral composto por contratados e comissionados recrutados exclusivamente por crit\u00e9rios pol\u00edticos e sem nenhum processo seletivo com o m\u00ednimo feche de transpar\u00eancia.<\/p>\n<p>\u25a0 Detalhes nesta sexta-feora (22) \u00e0s 11 da manh\u00e3 na R\u00e1dio Atalainha.<\/p>\n","protected":false},"excerpt":{"rendered":"<p>Assim como ocorreu com os munic\u00edpios de Barra dos Coqueiros, Itabaiana e agora Lagarto, Justi\u00e7a Estadual poder\u00e1 exigir a realiza\u00e7\u00e3o de Concurso P\u00fablico em Propri\u00e1, no Baixo S\u00e3o Francisco. Munic\u00edpio possui 1375 servidores (a exemplo de 479 na Secretaria de Sa\u00fade e 112 na Secretaria de Assist\u00eancia Social), sendo mais da metade do contingente geral composto por contratados e comissionados recrutados exclusivamente por crit\u00e9rios pol\u00edticos e sem nenhum processo seletivo<\/p>\n","protected":false},"author":3,"featured_media":3095,"comment_status":"open","ping_status":"open","sticky":false,"template":"","format":"standard","meta":[],"categories":[18],"tags":[],"yoast_head":"<!-- This site is optimized with the Yoast SEO plugin v16.3 - https:\/\/yoast.com\/wordpress\/plugins\/seo\/ -->\n<title>Justi\u00e7a Estadual poder\u00e1 exigir a realiza\u00e7\u00e3o de Concurso P\u00fablico em Propri\u00e1 - TRIBUNA DA PRAIA<\/title>\n<meta name=\"robots\" content=\"index, follow, max-snippet:-1, max-image-preview:large, max-video-preview:-1\" \/>\n<link rel=\"canonical\" href=\"https:\/\/tribunadapraia.com.br\/?p=3094\" \/>\n<meta property=\"og:locale\" content=\"pt_BR\" \/>\n<meta property=\"og:type\" content=\"article\" \/>\n<meta property=\"og:title\" content=\"Justi\u00e7a Estadual poder\u00e1 exigir a realiza\u00e7\u00e3o de Concurso P\u00fablico em Propri\u00e1 - TRIBUNA DA PRAIA\" \/>\n<meta property=\"og:description\" content=\"Assim como ocorreu com os munic\u00edpios de Barra dos Coqueiros, Itabaiana e agora Lagarto, Justi\u00e7a Estadual poder\u00e1 exigir a realiza\u00e7\u00e3o de Concurso P\u00fablico em Propri\u00e1, no Baixo S\u00e3o Francisco. Munic\u00edpio possui 1375 servidores (a exemplo de 479 na Secretaria de Sa\u00fade e 112 na Secretaria de Assist\u00eancia Social), sendo mais da metade do contingente geral composto por contratados e comissionados recrutados exclusivamente por crit\u00e9rios pol\u00edticos e sem nenhum processo seletivo\" \/>\n<meta property=\"og:url\" content=\"https:\/\/tribunadapraia.com.br\/?p=3094\" \/>\n<meta property=\"og:site_name\" content=\"TRIBUNA DA PRAIA\" \/>\n<meta property=\"article:publisher\" content=\"https:\/\/www.facebook.com\/tribunadapraiaonline\/\" \/>\n<meta property=\"article:published_time\" content=\"2021-10-21T20:27:39+00:00\" \/>\n<meta property=\"og:image\" content=\"https:\/\/tribunadapraia.com.br\/wp-content\/uploads\/2021\/10\/Nota9-Concurso-Publico.jpg\" \/>\n\t<meta property=\"og:image:width\" content=\"949\" \/>\n\t<meta property=\"og:image:height\" content=\"615\" \/>\n<meta name=\"twitter:card\" content=\"summary_large_image\" \/>\n<meta name=\"twitter:creator\" content=\"@Claudomir21\" \/>\n<meta name=\"twitter:site\" content=\"@Claudomir21\" \/>\n<meta name=\"twitter:label1\" content=\"Est. tempo de leitura\">\n\t<meta name=\"twitter:data1\" content=\"1 minuto\">\n<script type=\"application\/ld+json\" class=\"yoast-schema-graph\">{\"@context\":\"https:\/\/schema.org\",\"@graph\":[{\"@type\":\"Organization\",\"@id\":\"https:\/\/tribunadapraia.com.br\/#organization\",\"name\":\"Tribuna da Praia\",\"url\":\"https:\/\/tribunadapraia.com.br\/\",\"sameAs\":[\"https:\/\/www.facebook.com\/tribunadapraiaonline\/\",\"https:\/\/www.instagram.com\/claudomirtavares\/\",\"https:\/\/www.youtube.com\/channel\/UCwQf80nxiMzCefAyjbp53Rw\",\"https:\/\/twitter.com\/Claudomir21\"],\"logo\":{\"@type\":\"ImageObject\",\"@id\":\"https:\/\/tribunadapraia.com.br\/#logo\",\"inLanguage\":\"pt-BR\",\"url\":\"https:\/\/tribunadapraia.com.br\/wp-content\/uploads\/2020\/02\/logo.png\",\"contentUrl\":\"https:\/\/tribunadapraia.com.br\/wp-content\/uploads\/2020\/02\/logo.png\",\"width\":501,\"height\":121,\"caption\":\"Tribuna da Praia\"},\"image\":{\"@id\":\"https:\/\/tribunadapraia.com.br\/#logo\"}},{\"@type\":\"WebSite\",\"@id\":\"https:\/\/tribunadapraia.com.br\/#website\",\"url\":\"https:\/\/tribunadapraia.com.br\/\",\"name\":\"TRIBUNA DA PRAIA\",\"description\":\"O 1\\u00ba jornal do interior de Sergipe na internet\",\"publisher\":{\"@id\":\"https:\/\/tribunadapraia.com.br\/#organization\"},\"potentialAction\":[{\"@type\":\"SearchAction\",\"target\":\"https:\/\/tribunadapraia.com.br\/?s={search_term_string}\",\"query-input\":\"required name=search_term_string\"}],\"inLanguage\":\"pt-BR\"},{\"@type\":\"ImageObject\",\"@id\":\"https:\/\/tribunadapraia.com.br\/?p=3094#primaryimage\",\"inLanguage\":\"pt-BR\",\"url\":\"https:\/\/tribunadapraia.com.br\/wp-content\/uploads\/2021\/10\/Nota9-Concurso-Publico.jpg\",\"contentUrl\":\"https:\/\/tribunadapraia.com.br\/wp-content\/uploads\/2021\/10\/Nota9-Concurso-Publico.jpg\",\"width\":949,\"height\":615},{\"@type\":\"WebPage\",\"@id\":\"https:\/\/tribunadapraia.com.br\/?p=3094#webpage\",\"url\":\"https:\/\/tribunadapraia.com.br\/?p=3094\",\"name\":\"Justi\\u00e7a Estadual poder\\u00e1 exigir a realiza\\u00e7\\u00e3o de Concurso P\\u00fablico em Propri\\u00e1 - TRIBUNA DA PRAIA\",\"isPartOf\":{\"@id\":\"https:\/\/tribunadapraia.com.br\/#website\"},\"primaryImageOfPage\":{\"@id\":\"https:\/\/tribunadapraia.com.br\/?p=3094#primaryimage\"},\"datePublished\":\"2021-10-21T20:27:39+00:00\",\"dateModified\":\"2021-10-21T20:27:39+00:00\",\"breadcrumb\":{\"@id\":\"https:\/\/tribunadapraia.com.br\/?p=3094#breadcrumb\"},\"inLanguage\":\"pt-BR\",\"potentialAction\":[{\"@type\":\"ReadAction\",\"target\":[\"https:\/\/tribunadapraia.com.br\/?p=3094\"]}]},{\"@type\":\"BreadcrumbList\",\"@id\":\"https:\/\/tribunadapraia.com.br\/?p=3094#breadcrumb\",\"itemListElement\":[{\"@type\":\"ListItem\",\"position\":1,\"item\":{\"@type\":\"WebPage\",\"@id\":\"https:\/\/tribunadapraia.com.br\/\",\"url\":\"https:\/\/tribunadapraia.com.br\/\",\"name\":\"In\\u00edcio\"}},{\"@type\":\"ListItem\",\"position\":2,\"item\":{\"@id\":\"https:\/\/tribunadapraia.com.br\/?p=3094#webpage\"}}]},{\"@type\":\"Article\",\"@id\":\"https:\/\/tribunadapraia.com.br\/?p=3094#article\",\"isPartOf\":{\"@id\":\"https:\/\/tribunadapraia.com.br\/?p=3094#webpage\"},\"author\":{\"@id\":\"https:\/\/tribunadapraia.com.br\/#\/schema\/person\/099fbbf59acc5895c0d7d52b4fc46c97\"},\"headline\":\"Justi\\u00e7a Estadual poder\\u00e1 exigir a realiza\\u00e7\\u00e3o de Concurso P\\u00fablico em Propri\\u00e1\",\"datePublished\":\"2021-10-21T20:27:39+00:00\",\"dateModified\":\"2021-10-21T20:27:39+00:00\",\"mainEntityOfPage\":{\"@id\":\"https:\/\/tribunadapraia.com.br\/?p=3094#webpage\"},\"wordCount\":109,\"commentCount\":0,\"publisher\":{\"@id\":\"https:\/\/tribunadapraia.com.br\/#organization\"},\"image\":{\"@id\":\"https:\/\/tribunadapraia.com.br\/?p=3094#primaryimage\"},\"thumbnailUrl\":\"https:\/\/tribunadapraia.com.br\/wp-content\/uploads\/2021\/10\/Nota9-Concurso-Publico.jpg\",\"articleSection\":[\"Not\\u00edcias\"],\"inLanguage\":\"pt-BR\",\"potentialAction\":[{\"@type\":\"CommentAction\",\"name\":\"Comment\",\"target\":[\"https:\/\/tribunadapraia.com.br\/?p=3094#respond\"]}]},{\"@type\":\"Person\",\"@id\":\"https:\/\/tribunadapraia.com.br\/#\/schema\/person\/099fbbf59acc5895c0d7d52b4fc46c97\",\"name\":\"Reda\\u00e7\\u00e3o\",\"image\":{\"@type\":\"ImageObject\",\"@id\":\"https:\/\/tribunadapraia.com.br\/#personlogo\",\"inLanguage\":\"pt-BR\",\"url\":\"https:\/\/secure.gravatar.com\/avatar\/91c8b91d2bfd7784eac5c3e055361f64?s=96&d=identicon&r=g\",\"contentUrl\":\"https:\/\/secure.gravatar.com\/avatar\/91c8b91d2bfd7784eac5c3e055361f64?s=96&d=identicon&r=g\",\"caption\":\"Reda\\u00e7\\u00e3o\"}}]}<\/script>\n<!-- \/ Yoast SEO plugin. -->","wps_subtitle":"","_links":{"self":[{"href":"https:\/\/tribunadapraia.com.br\/index.php?rest_route=\/wp\/v2\/posts\/3094"}],"collection":[{"href":"https:\/\/tribunadapraia.com.br\/index.php?rest_route=\/wp\/v2\/posts"}],"about":[{"href":"https:\/\/tribunadapraia.com.br\/index.php?rest_route=\/wp\/v2\/types\/post"}],"author":[{"embeddable":true,"href":"https:\/\/tribunadapraia.com.br\/index.php?rest_route=\/wp\/v2\/users\/3"}],"replies":[{"embeddable":true,"href":"https:\/\/tribunadapraia.com.br\/index.php?rest_route=%2Fwp%2Fv2%2Fcomments&post=3094"}],"version-history":[{"count":1,"href":"https:\/\/tribunadapraia.com.br\/index.php?rest_route=\/wp\/v2\/posts\/3094\/revisions"}],"predecessor-version":[{"id":3096,"href":"https:\/\/tribunadapraia.com.br\/index.php?rest_route=\/wp\/v2\/posts\/3094\/revisions\/3096"}],"wp:featuredmedia":[{"embeddable":true,"href":"https:\/\/tribunadapraia.com.br\/index.php?rest_route=\/wp\/v2\/media\/3095"}],"wp:attachment":[{"href":"https:\/\/tribunadapraia.com.br\/index.php?rest_route=%2Fwp%2Fv2%2Fmedia&parent=3094"}],"wp:term":[{"taxonomy":"category","embeddable":true,"href":"https:\/\/tribunadapraia.com.br\/index.php?rest_route=%2Fwp%2Fv2%2Fcategories&post=3094"},{"taxonomy":"post_tag","embeddable":true,"href":"https:\/\/tribunadapraia.com.br\/index.php?rest_route=%2Fwp%2Fv2%2Ftags&post=3094"}],"curies":[{"name":"wp","href":"https:\/\/api.w.org\/{rel}","templated":true}]}}