{"id":3088,"date":"2021-10-17T07:58:19","date_gmt":"2021-10-17T10:58:19","guid":{"rendered":"https:\/\/tribunadapraia.com.br\/?p=3088"},"modified":"2021-10-17T22:03:57","modified_gmt":"2021-10-18T01:03:57","slug":"cronica-tempestade","status":"publish","type":"post","link":"https:\/\/tribunadapraia.com.br\/?p=3088","title":{"rendered":"Cr\u00f4nica: Tempestade"},"content":{"rendered":"<ul>\n<li>por Nicy Alves<\/li>\n<\/ul>\n<p>Sopra o vento&#8230;<br \/>\nOs coqueirais mostram um balet sinuoso. Torres imponentes captam a sinergia do frondoso e promissor JATOB\u00c1.<br \/>\nUm canto ecoa. Janelas soltas acompanham no abre e fecha a sinfonia em batidas fren\u00e9ticas.<br \/>\nA poeira sobe na estrada \u00e1rida de argila batida&#8230;Folhas de cajueiro caem e voam sobre os OLHOS D&#8217;\u00c1GUA.<br \/>\nAs mulheres correm para recolher as roupas secas que dan\u00e7am no varal&#8230;Tudo se completa e as cortinas se abrem.<br \/>\nA chuva cai e gotas descem das palhas dos coqueirais como em corredeiras.<br \/>\nAs crian\u00e7as olham o c\u00e9u e correm para receber a tempestade. Como um ritual fazem a dan\u00e7a da chuva em po\u00e7as de lama que se formam no PONTAL DA BARRA.<br \/>\nNa bica, o purr\u00e3o e sobre ele um pano de saco amarrado em sua boca, extremamente branco.<br \/>\nA fina areia das terras de CAPO\u00c3 destacam as mangabas, que reluzem como ouro sobre a terra molhada.<br \/>\nAs fortes ondas explodem sobre o quebra-mar da bela e frondosa ATALAIA NOVA.<br \/>\nE o c\u00e9u cinzento esconde tudo que h\u00e1 entre o rio e o mar, segredos sagrados que descem em corredeira abaixo at\u00e9 o CANAL DE S\u00c3O SEBASTI\u00c3O.<br \/>\nO mangue a\u00e7oita suas galhas e revela o que est\u00e1 por vir aos caranguejos, aratus e siris que curiosos, espreitavam \u00e0 beira do riacho forte e imponente como um TOURO&#8230;E anunciam:<br \/>\nA tempestade chegou!<\/p>\n<ul>\n<li>Nicy Alves escreve aos domingos na Tribuna da Praia<\/li>\n<\/ul>\n","protected":false},"excerpt":{"rendered":"<p>por Nicy Alves Sopra o vento&#8230; Os coqueirais mostram um balet sinuoso. Torres imponentes captam a sinergia do frondoso e promissor JATOB\u00c1. Um canto ecoa. Janelas soltas acompanham no abre e fecha a sinfonia em batidas fren\u00e9ticas. A poeira sobe na estrada \u00e1rida de argila batida&#8230;Folhas de cajueiro caem e voam sobre os OLHOS D&#8217;\u00c1GUA. As mulheres correm para recolher as roupas secas que dan\u00e7am no varal&#8230;Tudo se completa e<\/p>\n","protected":false},"author":1,"featured_media":3089,"comment_status":"open","ping_status":"open","sticky":false,"template":"","format":"standard","meta":[],"categories":[18],"tags":[],"yoast_head":"<!-- This site is optimized with the Yoast SEO plugin v16.3 - https:\/\/yoast.com\/wordpress\/plugins\/seo\/ -->\n<title>Cr\u00f4nica: Tempestade - TRIBUNA DA PRAIA<\/title>\n<meta name=\"robots\" content=\"index, follow, max-snippet:-1, max-image-preview:large, max-video-preview:-1\" \/>\n<link rel=\"canonical\" href=\"https:\/\/tribunadapraia.com.br\/?p=3088\" \/>\n<meta property=\"og:locale\" content=\"pt_BR\" \/>\n<meta property=\"og:type\" content=\"article\" \/>\n<meta property=\"og:title\" content=\"Cr\u00f4nica: Tempestade - TRIBUNA DA PRAIA\" \/>\n<meta property=\"og:description\" content=\"por Nicy Alves Sopra o vento&#8230; Os coqueirais mostram um balet sinuoso. Torres imponentes captam a sinergia do frondoso e promissor JATOB\u00c1. Um canto ecoa. Janelas soltas acompanham no abre e fecha a sinfonia em batidas fren\u00e9ticas. A poeira sobe na estrada \u00e1rida de argila batida&#8230;Folhas de cajueiro caem e voam sobre os OLHOS D&#8217;\u00c1GUA. As mulheres correm para recolher as roupas secas que dan\u00e7am no varal&#8230;Tudo se completa e\" \/>\n<meta property=\"og:url\" content=\"https:\/\/tribunadapraia.com.br\/?p=3088\" \/>\n<meta property=\"og:site_name\" content=\"TRIBUNA DA PRAIA\" \/>\n<meta property=\"article:publisher\" content=\"https:\/\/www.facebook.com\/tribunadapraiaonline\/\" \/>\n<meta property=\"article:published_time\" content=\"2021-10-17T10:58:19+00:00\" \/>\n<meta property=\"article:modified_time\" content=\"2021-10-18T01:03:57+00:00\" \/>\n<meta property=\"og:image\" content=\"https:\/\/tribunadapraia.com.br\/wp-content\/uploads\/2021\/10\/IMG-20211016-WA0029.jpg\" \/>\n\t<meta property=\"og:image:width\" content=\"520\" \/>\n\t<meta property=\"og:image:height\" content=\"290\" \/>\n<meta name=\"twitter:card\" content=\"summary_large_image\" \/>\n<meta name=\"twitter:creator\" content=\"@Claudomir21\" \/>\n<meta name=\"twitter:site\" content=\"@Claudomir21\" \/>\n<meta name=\"twitter:label1\" content=\"Est. tempo de leitura\">\n\t<meta name=\"twitter:data1\" content=\"2 minutos\">\n<script type=\"application\/ld+json\" class=\"yoast-schema-graph\">{\"@context\":\"https:\/\/schema.org\",\"@graph\":[{\"@type\":\"Organization\",\"@id\":\"https:\/\/tribunadapraia.com.br\/#organization\",\"name\":\"Tribuna da Praia\",\"url\":\"https:\/\/tribunadapraia.com.br\/\",\"sameAs\":[\"https:\/\/www.facebook.com\/tribunadapraiaonline\/\",\"https:\/\/www.instagram.com\/claudomirtavares\/\",\"https:\/\/www.youtube.com\/channel\/UCwQf80nxiMzCefAyjbp53Rw\",\"https:\/\/twitter.com\/Claudomir21\"],\"logo\":{\"@type\":\"ImageObject\",\"@id\":\"https:\/\/tribunadapraia.com.br\/#logo\",\"inLanguage\":\"pt-BR\",\"url\":\"https:\/\/tribunadapraia.com.br\/wp-content\/uploads\/2020\/02\/logo.png\",\"contentUrl\":\"https:\/\/tribunadapraia.com.br\/wp-content\/uploads\/2020\/02\/logo.png\",\"width\":501,\"height\":121,\"caption\":\"Tribuna da Praia\"},\"image\":{\"@id\":\"https:\/\/tribunadapraia.com.br\/#logo\"}},{\"@type\":\"WebSite\",\"@id\":\"https:\/\/tribunadapraia.com.br\/#website\",\"url\":\"https:\/\/tribunadapraia.com.br\/\",\"name\":\"TRIBUNA DA PRAIA\",\"description\":\"O 1\\u00ba jornal do interior de Sergipe na internet\",\"publisher\":{\"@id\":\"https:\/\/tribunadapraia.com.br\/#organization\"},\"potentialAction\":[{\"@type\":\"SearchAction\",\"target\":\"https:\/\/tribunadapraia.com.br\/?s={search_term_string}\",\"query-input\":\"required name=search_term_string\"}],\"inLanguage\":\"pt-BR\"},{\"@type\":\"ImageObject\",\"@id\":\"https:\/\/tribunadapraia.com.br\/?p=3088#primaryimage\",\"inLanguage\":\"pt-BR\",\"url\":\"https:\/\/tribunadapraia.com.br\/wp-content\/uploads\/2021\/10\/IMG-20211016-WA0029.jpg\",\"contentUrl\":\"https:\/\/tribunadapraia.com.br\/wp-content\/uploads\/2021\/10\/IMG-20211016-WA0029.jpg\",\"width\":520,\"height\":290},{\"@type\":\"WebPage\",\"@id\":\"https:\/\/tribunadapraia.com.br\/?p=3088#webpage\",\"url\":\"https:\/\/tribunadapraia.com.br\/?p=3088\",\"name\":\"Cr\\u00f4nica: Tempestade - TRIBUNA DA PRAIA\",\"isPartOf\":{\"@id\":\"https:\/\/tribunadapraia.com.br\/#website\"},\"primaryImageOfPage\":{\"@id\":\"https:\/\/tribunadapraia.com.br\/?p=3088#primaryimage\"},\"datePublished\":\"2021-10-17T10:58:19+00:00\",\"dateModified\":\"2021-10-18T01:03:57+00:00\",\"breadcrumb\":{\"@id\":\"https:\/\/tribunadapraia.com.br\/?p=3088#breadcrumb\"},\"inLanguage\":\"pt-BR\",\"potentialAction\":[{\"@type\":\"ReadAction\",\"target\":[\"https:\/\/tribunadapraia.com.br\/?p=3088\"]}]},{\"@type\":\"BreadcrumbList\",\"@id\":\"https:\/\/tribunadapraia.com.br\/?p=3088#breadcrumb\",\"itemListElement\":[{\"@type\":\"ListItem\",\"position\":1,\"item\":{\"@type\":\"WebPage\",\"@id\":\"https:\/\/tribunadapraia.com.br\/\",\"url\":\"https:\/\/tribunadapraia.com.br\/\",\"name\":\"In\\u00edcio\"}},{\"@type\":\"ListItem\",\"position\":2,\"item\":{\"@id\":\"https:\/\/tribunadapraia.com.br\/?p=3088#webpage\"}}]},{\"@type\":\"Article\",\"@id\":\"https:\/\/tribunadapraia.com.br\/?p=3088#article\",\"isPartOf\":{\"@id\":\"https:\/\/tribunadapraia.com.br\/?p=3088#webpage\"},\"author\":{\"@id\":\"https:\/\/tribunadapraia.com.br\/#\/schema\/person\/326b0a9f3163b479142c64eba4928de0\"},\"headline\":\"Cr\\u00f4nica: Tempestade\",\"datePublished\":\"2021-10-17T10:58:19+00:00\",\"dateModified\":\"2021-10-18T01:03:57+00:00\",\"mainEntityOfPage\":{\"@id\":\"https:\/\/tribunadapraia.com.br\/?p=3088#webpage\"},\"wordCount\":252,\"commentCount\":3,\"publisher\":{\"@id\":\"https:\/\/tribunadapraia.com.br\/#organization\"},\"image\":{\"@id\":\"https:\/\/tribunadapraia.com.br\/?p=3088#primaryimage\"},\"thumbnailUrl\":\"https:\/\/tribunadapraia.com.br\/wp-content\/uploads\/2021\/10\/IMG-20211016-WA0029.jpg\",\"articleSection\":[\"Not\\u00edcias\"],\"inLanguage\":\"pt-BR\",\"potentialAction\":[{\"@type\":\"CommentAction\",\"name\":\"Comment\",\"target\":[\"https:\/\/tribunadapraia.com.br\/?p=3088#respond\"]}]},{\"@type\":\"Person\",\"@id\":\"https:\/\/tribunadapraia.com.br\/#\/schema\/person\/326b0a9f3163b479142c64eba4928de0\",\"name\":\"tribunadapraia\",\"image\":{\"@type\":\"ImageObject\",\"@id\":\"https:\/\/tribunadapraia.com.br\/#personlogo\",\"inLanguage\":\"pt-BR\",\"url\":\"https:\/\/secure.gravatar.com\/avatar\/38b019c74762496076b7355024a0dad9?s=96&d=identicon&r=g\",\"contentUrl\":\"https:\/\/secure.gravatar.com\/avatar\/38b019c74762496076b7355024a0dad9?s=96&d=identicon&r=g\",\"caption\":\"tribunadapraia\"}}]}<\/script>\n<!-- \/ Yoast SEO plugin. -->","wps_subtitle":"","_links":{"self":[{"href":"https:\/\/tribunadapraia.com.br\/index.php?rest_route=\/wp\/v2\/posts\/3088"}],"collection":[{"href":"https:\/\/tribunadapraia.com.br\/index.php?rest_route=\/wp\/v2\/posts"}],"about":[{"href":"https:\/\/tribunadapraia.com.br\/index.php?rest_route=\/wp\/v2\/types\/post"}],"author":[{"embeddable":true,"href":"https:\/\/tribunadapraia.com.br\/index.php?rest_route=\/wp\/v2\/users\/1"}],"replies":[{"embeddable":true,"href":"https:\/\/tribunadapraia.com.br\/index.php?rest_route=%2Fwp%2Fv2%2Fcomments&post=3088"}],"version-history":[{"count":2,"href":"https:\/\/tribunadapraia.com.br\/index.php?rest_route=\/wp\/v2\/posts\/3088\/revisions"}],"predecessor-version":[{"id":3092,"href":"https:\/\/tribunadapraia.com.br\/index.php?rest_route=\/wp\/v2\/posts\/3088\/revisions\/3092"}],"wp:featuredmedia":[{"embeddable":true,"href":"https:\/\/tribunadapraia.com.br\/index.php?rest_route=\/wp\/v2\/media\/3089"}],"wp:attachment":[{"href":"https:\/\/tribunadapraia.com.br\/index.php?rest_route=%2Fwp%2Fv2%2Fmedia&parent=3088"}],"wp:term":[{"taxonomy":"category","embeddable":true,"href":"https:\/\/tribunadapraia.com.br\/index.php?rest_route=%2Fwp%2Fv2%2Fcategories&post=3088"},{"taxonomy":"post_tag","embeddable":true,"href":"https:\/\/tribunadapraia.com.br\/index.php?rest_route=%2Fwp%2Fv2%2Ftags&post=3088"}],"curies":[{"name":"wp","href":"https:\/\/api.w.org\/{rel}","templated":true}]}}