{"id":3083,"date":"2021-10-16T19:17:28","date_gmt":"2021-10-16T22:17:28","guid":{"rendered":"https:\/\/tribunadapraia.com.br\/?p=3083"},"modified":"2021-10-16T19:22:18","modified_gmt":"2021-10-16T22:22:18","slug":"eu-ja-sabia-o-pt-e-um-partido-social-liberal","status":"publish","type":"post","link":"https:\/\/tribunadapraia.com.br\/?p=3083","title":{"rendered":"Eu j\u00e1 sabia: o PT \u00e9 um partido social liberal"},"content":{"rendered":"<p>De olho no voto do centro, dos liberais e mirando a possibilidade real de vit\u00f3ria no 1\u00b0 turno, o ex-prefeito de S\u00e3o Paulo (SP) Fernando Haddad, afirmou esta semana que &#8220;o PT n\u00e3o \u00e9 um partido de esquerda&#8221;, confirmando o que respondeu o ent\u00e3o sindicalista Lula h\u00e1 quarenta anos quando inquirido sobre suas convic\u00e7\u00f5es pol\u00edticas e ideol\u00f3gicas: &#8220;- Eu sou torneiro mec\u00e2nico&#8221;, disse. Apesar de contar em seus quadros com for\u00e7as pol\u00edticas democr\u00e1ticas-populares e at\u00e9 se esquerda, o PT se consolidou desde 1991 como um partido social liberal.<\/p>\n<p>por ClaudOmir Herzog<\/p>\n","protected":false},"excerpt":{"rendered":"<p>De olho no voto do centro, dos liberais e mirando a possibilidade real de vit\u00f3ria no 1\u00b0 turno, o ex-prefeito de S\u00e3o Paulo (SP) Fernando Haddad, afirmou esta semana que &#8220;o PT n\u00e3o \u00e9 um partido de esquerda&#8221;, confirmando o que respondeu o ent\u00e3o sindicalista Lula h\u00e1 quarenta anos quando inquirido sobre suas convic\u00e7\u00f5es pol\u00edticas e ideol\u00f3gicas: &#8220;- Eu sou torneiro mec\u00e2nico&#8221;, disse. Apesar de contar em seus quadros com<\/p>\n","protected":false},"author":3,"featured_media":3084,"comment_status":"open","ping_status":"open","sticky":false,"template":"","format":"standard","meta":[],"categories":[18],"tags":[],"yoast_head":"<!-- This site is optimized with the Yoast SEO plugin v16.3 - https:\/\/yoast.com\/wordpress\/plugins\/seo\/ -->\n<title>Eu j\u00e1 sabia: o PT \u00e9 um partido social liberal - TRIBUNA DA PRAIA<\/title>\n<meta name=\"robots\" content=\"index, follow, max-snippet:-1, max-image-preview:large, max-video-preview:-1\" \/>\n<link rel=\"canonical\" href=\"https:\/\/tribunadapraia.com.br\/?p=3083\" \/>\n<meta property=\"og:locale\" content=\"pt_BR\" \/>\n<meta property=\"og:type\" content=\"article\" \/>\n<meta property=\"og:title\" content=\"Eu j\u00e1 sabia: o PT \u00e9 um partido social liberal - TRIBUNA DA PRAIA\" \/>\n<meta property=\"og:description\" content=\"De olho no voto do centro, dos liberais e mirando a possibilidade real de vit\u00f3ria no 1\u00b0 turno, o ex-prefeito de S\u00e3o Paulo (SP) Fernando Haddad, afirmou esta semana que &#8220;o PT n\u00e3o \u00e9 um partido de esquerda&#8221;, confirmando o que respondeu o ent\u00e3o sindicalista Lula h\u00e1 quarenta anos quando inquirido sobre suas convic\u00e7\u00f5es pol\u00edticas e ideol\u00f3gicas: &#8220;- Eu sou torneiro mec\u00e2nico&#8221;, disse. Apesar de contar em seus quadros com\" \/>\n<meta property=\"og:url\" content=\"https:\/\/tribunadapraia.com.br\/?p=3083\" \/>\n<meta property=\"og:site_name\" content=\"TRIBUNA DA PRAIA\" \/>\n<meta property=\"article:publisher\" content=\"https:\/\/www.facebook.com\/tribunadapraiaonline\/\" \/>\n<meta property=\"article:published_time\" content=\"2021-10-16T22:17:28+00:00\" \/>\n<meta property=\"article:modified_time\" content=\"2021-10-16T22:22:18+00:00\" \/>\n<meta property=\"og:image\" content=\"https:\/\/tribunadapraia.com.br\/wp-content\/uploads\/2021\/10\/FERNANDO-HADDAD-MASCARA-LULA-2018.jpg.jpg\" \/>\n\t<meta property=\"og:image:width\" content=\"960\" \/>\n\t<meta property=\"og:image:height\" content=\"894\" \/>\n<meta name=\"twitter:card\" content=\"summary_large_image\" \/>\n<meta name=\"twitter:creator\" content=\"@Claudomir21\" \/>\n<meta name=\"twitter:site\" content=\"@Claudomir21\" \/>\n<meta name=\"twitter:label1\" content=\"Est. tempo de leitura\">\n\t<meta name=\"twitter:data1\" content=\"1 minuto\">\n<script type=\"application\/ld+json\" class=\"yoast-schema-graph\">{\"@context\":\"https:\/\/schema.org\",\"@graph\":[{\"@type\":\"Organization\",\"@id\":\"https:\/\/tribunadapraia.com.br\/#organization\",\"name\":\"Tribuna da Praia\",\"url\":\"https:\/\/tribunadapraia.com.br\/\",\"sameAs\":[\"https:\/\/www.facebook.com\/tribunadapraiaonline\/\",\"https:\/\/www.instagram.com\/claudomirtavares\/\",\"https:\/\/www.youtube.com\/channel\/UCwQf80nxiMzCefAyjbp53Rw\",\"https:\/\/twitter.com\/Claudomir21\"],\"logo\":{\"@type\":\"ImageObject\",\"@id\":\"https:\/\/tribunadapraia.com.br\/#logo\",\"inLanguage\":\"pt-BR\",\"url\":\"https:\/\/tribunadapraia.com.br\/wp-content\/uploads\/2020\/02\/logo.png\",\"contentUrl\":\"https:\/\/tribunadapraia.com.br\/wp-content\/uploads\/2020\/02\/logo.png\",\"width\":501,\"height\":121,\"caption\":\"Tribuna da Praia\"},\"image\":{\"@id\":\"https:\/\/tribunadapraia.com.br\/#logo\"}},{\"@type\":\"WebSite\",\"@id\":\"https:\/\/tribunadapraia.com.br\/#website\",\"url\":\"https:\/\/tribunadapraia.com.br\/\",\"name\":\"TRIBUNA DA PRAIA\",\"description\":\"O 1\\u00ba jornal do interior de Sergipe na internet\",\"publisher\":{\"@id\":\"https:\/\/tribunadapraia.com.br\/#organization\"},\"potentialAction\":[{\"@type\":\"SearchAction\",\"target\":\"https:\/\/tribunadapraia.com.br\/?s={search_term_string}\",\"query-input\":\"required name=search_term_string\"}],\"inLanguage\":\"pt-BR\"},{\"@type\":\"ImageObject\",\"@id\":\"https:\/\/tribunadapraia.com.br\/?p=3083#primaryimage\",\"inLanguage\":\"pt-BR\",\"url\":\"https:\/\/tribunadapraia.com.br\/wp-content\/uploads\/2021\/10\/FERNANDO-HADDAD-MASCARA-LULA-2018.jpg.jpg\",\"contentUrl\":\"https:\/\/tribunadapraia.com.br\/wp-content\/uploads\/2021\/10\/FERNANDO-HADDAD-MASCARA-LULA-2018.jpg.jpg\",\"width\":960,\"height\":894,\"caption\":\"SP - ENCONTRO-NACIONAL-PT-SP - POL\\u00d5TICA - Fernando Haddad durante o Conven\\u00c1\\u201eo Nacional do Partido dos Trabalhadores (PT), na Casa de Portugal, em S\\u201eo Paulo (SP), neste s\\u00b7bado (04). Durante o evento, o ex presidente Luiz In\\u00b7cio Lula da Silva ser\\u00b7 confirmado como candidato do partido para as elei\\u00c1\\u0131es presidenciais. 04\/08\/2018 FOTO RICARDO STUCKERT\"},{\"@type\":\"WebPage\",\"@id\":\"https:\/\/tribunadapraia.com.br\/?p=3083#webpage\",\"url\":\"https:\/\/tribunadapraia.com.br\/?p=3083\",\"name\":\"Eu j\\u00e1 sabia: o PT \\u00e9 um partido social liberal - TRIBUNA DA PRAIA\",\"isPartOf\":{\"@id\":\"https:\/\/tribunadapraia.com.br\/#website\"},\"primaryImageOfPage\":{\"@id\":\"https:\/\/tribunadapraia.com.br\/?p=3083#primaryimage\"},\"datePublished\":\"2021-10-16T22:17:28+00:00\",\"dateModified\":\"2021-10-16T22:22:18+00:00\",\"breadcrumb\":{\"@id\":\"https:\/\/tribunadapraia.com.br\/?p=3083#breadcrumb\"},\"inLanguage\":\"pt-BR\",\"potentialAction\":[{\"@type\":\"ReadAction\",\"target\":[\"https:\/\/tribunadapraia.com.br\/?p=3083\"]}]},{\"@type\":\"BreadcrumbList\",\"@id\":\"https:\/\/tribunadapraia.com.br\/?p=3083#breadcrumb\",\"itemListElement\":[{\"@type\":\"ListItem\",\"position\":1,\"item\":{\"@type\":\"WebPage\",\"@id\":\"https:\/\/tribunadapraia.com.br\/\",\"url\":\"https:\/\/tribunadapraia.com.br\/\",\"name\":\"In\\u00edcio\"}},{\"@type\":\"ListItem\",\"position\":2,\"item\":{\"@id\":\"https:\/\/tribunadapraia.com.br\/?p=3083#webpage\"}}]},{\"@type\":\"Article\",\"@id\":\"https:\/\/tribunadapraia.com.br\/?p=3083#article\",\"isPartOf\":{\"@id\":\"https:\/\/tribunadapraia.com.br\/?p=3083#webpage\"},\"author\":{\"@id\":\"https:\/\/tribunadapraia.com.br\/#\/schema\/person\/099fbbf59acc5895c0d7d52b4fc46c97\"},\"headline\":\"Eu j\\u00e1 sabia: o PT \\u00e9 um partido social liberal\",\"datePublished\":\"2021-10-16T22:17:28+00:00\",\"dateModified\":\"2021-10-16T22:22:18+00:00\",\"mainEntityOfPage\":{\"@id\":\"https:\/\/tribunadapraia.com.br\/?p=3083#webpage\"},\"wordCount\":108,\"commentCount\":0,\"publisher\":{\"@id\":\"https:\/\/tribunadapraia.com.br\/#organization\"},\"image\":{\"@id\":\"https:\/\/tribunadapraia.com.br\/?p=3083#primaryimage\"},\"thumbnailUrl\":\"https:\/\/tribunadapraia.com.br\/wp-content\/uploads\/2021\/10\/FERNANDO-HADDAD-MASCARA-LULA-2018.jpg.jpg\",\"articleSection\":[\"Not\\u00edcias\"],\"inLanguage\":\"pt-BR\",\"potentialAction\":[{\"@type\":\"CommentAction\",\"name\":\"Comment\",\"target\":[\"https:\/\/tribunadapraia.com.br\/?p=3083#respond\"]}]},{\"@type\":\"Person\",\"@id\":\"https:\/\/tribunadapraia.com.br\/#\/schema\/person\/099fbbf59acc5895c0d7d52b4fc46c97\",\"name\":\"Reda\\u00e7\\u00e3o\",\"image\":{\"@type\":\"ImageObject\",\"@id\":\"https:\/\/tribunadapraia.com.br\/#personlogo\",\"inLanguage\":\"pt-BR\",\"url\":\"https:\/\/secure.gravatar.com\/avatar\/91c8b91d2bfd7784eac5c3e055361f64?s=96&d=identicon&r=g\",\"contentUrl\":\"https:\/\/secure.gravatar.com\/avatar\/91c8b91d2bfd7784eac5c3e055361f64?s=96&d=identicon&r=g\",\"caption\":\"Reda\\u00e7\\u00e3o\"}}]}<\/script>\n<!-- \/ Yoast SEO plugin. -->","wps_subtitle":"","_links":{"self":[{"href":"https:\/\/tribunadapraia.com.br\/index.php?rest_route=\/wp\/v2\/posts\/3083"}],"collection":[{"href":"https:\/\/tribunadapraia.com.br\/index.php?rest_route=\/wp\/v2\/posts"}],"about":[{"href":"https:\/\/tribunadapraia.com.br\/index.php?rest_route=\/wp\/v2\/types\/post"}],"author":[{"embeddable":true,"href":"https:\/\/tribunadapraia.com.br\/index.php?rest_route=\/wp\/v2\/users\/3"}],"replies":[{"embeddable":true,"href":"https:\/\/tribunadapraia.com.br\/index.php?rest_route=%2Fwp%2Fv2%2Fcomments&post=3083"}],"version-history":[{"count":2,"href":"https:\/\/tribunadapraia.com.br\/index.php?rest_route=\/wp\/v2\/posts\/3083\/revisions"}],"predecessor-version":[{"id":3086,"href":"https:\/\/tribunadapraia.com.br\/index.php?rest_route=\/wp\/v2\/posts\/3083\/revisions\/3086"}],"wp:featuredmedia":[{"embeddable":true,"href":"https:\/\/tribunadapraia.com.br\/index.php?rest_route=\/wp\/v2\/media\/3084"}],"wp:attachment":[{"href":"https:\/\/tribunadapraia.com.br\/index.php?rest_route=%2Fwp%2Fv2%2Fmedia&parent=3083"}],"wp:term":[{"taxonomy":"category","embeddable":true,"href":"https:\/\/tribunadapraia.com.br\/index.php?rest_route=%2Fwp%2Fv2%2Fcategories&post=3083"},{"taxonomy":"post_tag","embeddable":true,"href":"https:\/\/tribunadapraia.com.br\/index.php?rest_route=%2Fwp%2Fv2%2Ftags&post=3083"}],"curies":[{"name":"wp","href":"https:\/\/api.w.org\/{rel}","templated":true}]}}