{"id":3080,"date":"2021-10-10T08:56:24","date_gmt":"2021-10-10T11:56:24","guid":{"rendered":"https:\/\/tribunadapraia.com.br\/?p=3080"},"modified":"2021-10-10T21:57:31","modified_gmt":"2021-10-11T00:57:31","slug":"cronica-a-banda","status":"publish","type":"post","link":"https:\/\/tribunadapraia.com.br\/?p=3080","title":{"rendered":"Cr\u00f4nica: A BANDA"},"content":{"rendered":"<p>Entre boas risadas e causos reportados de sua inf\u00e2ncia, quando sa\u00edamos juntos, o caminho se tornava muito melho &#8230; (1)<\/p>\n<p>* por Nicy Alves<\/p>\n<p>Toda a minha inf\u00e2ncia foi marcada pelas reuni\u00f5es de fam\u00edlia nos finais de semana. Eram momentos em que os primos se encontravam e essas lembran\u00e7as jamais ser\u00e3o esquecidas.<\/p>\n<p>Apesar da fam\u00edlia grande, uma das irm\u00e3s de mam\u00e3e sempre marcava presen\u00e7a nos finais de semana. A tia Maria era parceira para todas as horas e aventuras.<\/p>\n<p>Conhecida por n\u00e3o ter papas na l\u00edngua, falava tudo que vinha \u00e0 cabe\u00e7a sem o menor pudor. A todo instante mam\u00e3e a repreendia e fazia quest\u00e3o de mencionar que havia crian\u00e7as por perto, que ela segurasse sua l\u00edngua.<\/p>\n<p>Entre boas risadas e causos reportados de sua inf\u00e2ncia, quando sa\u00edamos juntos, o caminho se tornava muito melhor e cheg\u00e1vamos muito mais r\u00e1pido ao nosso destino.<\/p>\n<p>Quando isso n\u00e3o acontecia, a visita \u00e0 casa de tia Maria nos finais de tarde era certeira. Era o ponto preferido de encontro entre os primos.<\/p>\n<p>Enquanto davam comida \u00e0s galinhas no quintal, mam\u00e3e conversava com tia Maria que, c\u00e1 entre n\u00f3s, sempre escarrava enquanto falava e a corrida desenfreada das galinhas para ver quem pegava primeiro tal iguaria fazia parte daquele momento.<br \/>\nMam\u00e3e sempre a xingava em voz baixa:<br \/>\n\u2013 Nojeira da peste, Maria! Quem come suas galinhas \u00e9 a gota, n\u00e3o eu.<\/p>\n<p>Tia Maria, que n\u00e3o era de ficar calada, retrucava:<\/p>\n<p>\u2013 \u00c9, mas os ovos voc\u00ea bem que gosta de comer com um cuscuzinho n\u00e9, cachorra? (xingamento carinhoso entre as duas)<\/p>\n<p>E assim, dentro da casa se ouviam boas gargalhadas entre tosses e pigarros de minha tia (ela fumava demasiadamente).<\/p>\n<p>Enquanto isso, os primos colocavam todo o assunto em dia e, com certeza, grandes projetos eram elaborados.<\/p>\n<p>Numa dessas tardes, est\u00e1vamos reunidos na cozinha o meu irm\u00e3o Fernando, meus primos Vilma e Jackson (ambos filhos de tia Maria), minhas outras primas Paulinha e Netinha e eu. Papo vai e papo vem, resolvemos fomentar os talentos embutidos em cada um de n\u00f3s. Lan\u00e7amos a ideia de criar uma banda musical e, \u00e9 claro, eu seria a vocalista. Achava-me a mais talentosa entre todos, mod\u00e9stia \u00e0 parte.<\/p>\n<p>Fernando seria o baterista e os demais escolheriam os outros instrumentos. Depois de muitas sugest\u00f5es, escolhemos o nome da banda: Garotos Dourados! Nome que, com certeza, brilharia por onde passasse.<\/p>\n<p>Mas&#8230; Onde \u00edamos encontrar os instrumentos para dar vida \u00e0 banda?<\/p>\n<p>Olhei ao nosso redor e, instantaneamente, o olho bateu nas tampas e panelas de tia Maria que ficavam penduradas no gancho no canto da cozinha (ela fazia quest\u00e3o de deix\u00e1-las brilhando!).<\/p>\n<p>Com certeza era um tipo de status da \u00e9poca porque era dif\u00edcil n\u00e3o encontrar nas casas. Suspensas ou de ch\u00e3o, as &#8220;baterias&#8221;, como eram chamadas, marcavam presen\u00e7a em todas as cozinhas.<\/p>\n<p>As baquetas eram as colheres de pau que, entre um ensaio e outro, perdiam parte de sua composi\u00e7\u00e3o.<\/p>\n<p>Como n\u00e3o existia banda sem m\u00fasica, Fernando, ou melhor, Nando, colocou em pauta a necessidade de criarmos nossas pr\u00f3prias letras musicais . Este seria o diferencial da nossa banda. E foi com a miss\u00e3o de criar a m\u00fasica que alavancaria a banda no mundo musical que fomos cada um para suas casas. Lembro-me de que ficava horas e horas rabiscando a tal letra e como o tino de cria\u00e7\u00e3o n\u00e3o chegava, rasgava a p\u00e1gina do caderno, amassava e jogava na parede at\u00e9 que os gritos de mam\u00e3e me ordenasse fazer a atividade da escola.<\/p>\n<p>Ao folhear o livro, uma imagem me chamou a aten\u00e7\u00e3o \u2013 um circo bem colorido e um palha\u00e7o no picadeiro. Logo abaixo, letras que se tornavam versos, diziam:\u201cFa\u00e7o versos pro palha\u00e7o que na vida j\u00e1 foi tudo. Foi soldado, carpinteiro, seresteiro e vagabundo.\u201d<\/p>\n<p>Pronto! As l\u00e2mpadas se acenderam. Era tudo o que eu procurava. A m\u00fasica que ia estourar j\u00e1 veio pronta! Imediatamente comecei a reescrev\u00ea-la no caderno, afinal de contas, tudo tinha de parecer talento natural.<\/p>\n<p>No final do dia seguinte, no hor\u00e1rio marcado, l\u00e1 estava eu de canudo na m\u00e3o, toda imponente. Tinha a certeza de que dentre todas as m\u00fasicas apresentadas, a minha seria a escolhida.<\/p>\n<p>N\u00e3o deu outra&#8230; Quando meu irm\u00e3o pegou as folhas de caderno e come\u00e7ou a ler a letra da m\u00fasica, olhou para mim com o semblante de felicidade.<\/p>\n<p>\u2013 Poxa, Didice! Era disso que eu estava falando! Caramba, isso \u00e9 que \u00e9 uma m\u00fasica! \u2013 ele respondeu utilizando um apelido carinhoso pelo qual me chama at\u00e9 hoje.<\/p>\n<p>Pav\u00e3o era pouco para minha vaidade. Com um sorriso sarc\u00e1stico no rosto, endossei as palavras do meu irm\u00e3o.<\/p>\n<p>\u2013 Pois \u00e9, n\u00e9? Quebrei a cabe\u00e7a o final de semana inteiro, mas t\u00e1 a\u00ed. Espero que fa\u00e7a sucesso! Minha parte eu fiz.<\/p>\n<p>Nesse momento, com o olhar esbravejante de Vilma, Jackson, Paulinha e Netinha, o meu irm\u00e3o n\u00e3o se conteve e perguntou:<\/p>\n<p>\u2013 Minha irm\u00e3, me diga uma coisa: como voc\u00ea fez essa letra t\u00e3o linda?<\/p>\n<p>N\u00e3o hesitei e prontamente respondi. Sabia que essa pergunta surgiria mais cedo ou mais tarde.<\/p>\n<p>\u2013 Ah, meu irm\u00e3o, eu sonhei!<\/p>\n<p>\u2013 Mas que sonho fant\u00e1stico! Parab\u00e9ns, minha irm\u00e3!<\/p>\n<p>Agradeci e come\u00e7amos a ensaiar.<br \/>\nDias se passaram, as f\u00e9rias acabaram e o retorno \u00e0s aulas seria na semana seguinte. Os ensaios ficaram para os fins de semana.<\/p>\n<p>Quando tudo parecia perfeito e a letra da m\u00fasica estava na ponta da l\u00edngua de todos os membros, algo surpreendente e tr\u00e1gico aconteceu. O &#8220;dito cujo do livro&#8221; que foi minha fonte de inspira\u00e7\u00e3o, parou nas m\u00e3os do meu irm\u00e3o justamente na casa de tia Maria (at\u00e9 hoje n\u00e3o entendi a manobra do destino).<\/p>\n<p>Entre uma folheada e outra, do nada, a ilustra\u00e7\u00e3o que eu tinha sugerido para a capa do \u201cLP\u201d surgiu bem na frente dos olhos do meu irm\u00e3o em meio \u00e0 reuni\u00e3o da banda. Lembro-me at\u00e9 hoje do olhar dele que me fuzilou petrificante.<\/p>\n<p>Fingindo n\u00e3o saber o que estava acontecendo, perguntei:<\/p>\n<p>\u2013 O que foi, meu irm\u00e3o? O que est\u00e1 acontecendo? Por que voc\u00ea est\u00e1 assim? Ap\u00f3s alguns segundos que, para mim, transformaram-se em horas, ele respondeu:<\/p>\n<p>\u2013 Venha olhar isso aqui, Didice! Leia para todo mundo ouvir!<\/p>\n<p>E com uma gagueira que surgiu do nada comecei a ler:<\/p>\n<p>\u2013 Va-vai co-come\u00e7ar&#8230;<\/p>\n<p>\u2013 Didice, voc\u00ea me enganou! Falou que tinha escrito essa m\u00fasica e mangou da minha cara, rapaz! \u2013 ele esbravejou em l\u00e1grimas.<\/p>\n<p>Eu fiquei paralisada, n\u00e3o sabia o que fazer ou falar. Os meus primos ca\u00edram na gargalhada e eu n\u00e3o tive outra alternativa sen\u00e3o cair na gargalhada tamb\u00e9m. Meu irm\u00e3o, &#8220;tadinho&#8221;, desapontado com a arte copiada de sua irm\u00e3, resolveu acabar COM A BANDA ANTES MESMO DO PRIMEIRO SUCESSO.<\/p>\n<p>* Nicy Alves escreve aos domingos na Tribuna da Praua<\/p>\n<p>(1) Esses e outros textos voc\u00ea encontrar\u00e1 na p\u00e1gina \u2013 https:\/\/m.facebook.com\/poetanicyalves\/<\/p>\n","protected":false},"excerpt":{"rendered":"<p>Entre boas risadas e causos reportados de sua inf\u00e2ncia, quando sa\u00edamos juntos, o caminho se tornava muito melho &#8230; (1) * por Nicy Alves Toda a minha inf\u00e2ncia foi marcada pelas reuni\u00f5es de fam\u00edlia nos finais de semana. Eram momentos em que os primos se encontravam e essas lembran\u00e7as jamais ser\u00e3o esquecidas. Apesar da fam\u00edlia grande, uma das irm\u00e3s de mam\u00e3e sempre marcava presen\u00e7a nos finais de semana. A tia<\/p>\n","protected":false},"author":1,"featured_media":3081,"comment_status":"open","ping_status":"open","sticky":false,"template":"","format":"standard","meta":[],"categories":[18],"tags":[],"yoast_head":"<!-- This site is optimized with the Yoast SEO plugin v16.3 - https:\/\/yoast.com\/wordpress\/plugins\/seo\/ -->\n<title>Cr\u00f4nica: A BANDA - TRIBUNA DA PRAIA<\/title>\n<meta name=\"robots\" content=\"index, follow, max-snippet:-1, max-image-preview:large, max-video-preview:-1\" \/>\n<link rel=\"canonical\" href=\"https:\/\/tribunadapraia.com.br\/?p=3080\" \/>\n<meta property=\"og:locale\" content=\"pt_BR\" \/>\n<meta property=\"og:type\" content=\"article\" \/>\n<meta property=\"og:title\" content=\"Cr\u00f4nica: A BANDA - TRIBUNA DA PRAIA\" \/>\n<meta property=\"og:description\" content=\"Entre boas risadas e causos reportados de sua inf\u00e2ncia, quando sa\u00edamos juntos, o caminho se tornava muito melho &#8230; (1) * por Nicy Alves Toda a minha inf\u00e2ncia foi marcada pelas reuni\u00f5es de fam\u00edlia nos finais de semana. Eram momentos em que os primos se encontravam e essas lembran\u00e7as jamais ser\u00e3o esquecidas. Apesar da fam\u00edlia grande, uma das irm\u00e3s de mam\u00e3e sempre marcava presen\u00e7a nos finais de semana. A tia\" \/>\n<meta property=\"og:url\" content=\"https:\/\/tribunadapraia.com.br\/?p=3080\" \/>\n<meta property=\"og:site_name\" content=\"TRIBUNA DA PRAIA\" \/>\n<meta property=\"article:publisher\" content=\"https:\/\/www.facebook.com\/tribunadapraiaonline\/\" \/>\n<meta property=\"article:published_time\" content=\"2021-10-10T11:56:24+00:00\" \/>\n<meta property=\"article:modified_time\" content=\"2021-10-11T00:57:31+00:00\" \/>\n<meta property=\"og:image\" content=\"https:\/\/tribunadapraia.com.br\/wp-content\/uploads\/2021\/10\/IMG-20211009-WA0134.jpg\" \/>\n\t<meta property=\"og:image:width\" content=\"490\" \/>\n\t<meta property=\"og:image:height\" content=\"752\" \/>\n<meta name=\"twitter:card\" content=\"summary_large_image\" \/>\n<meta name=\"twitter:creator\" content=\"@Claudomir21\" \/>\n<meta name=\"twitter:site\" content=\"@Claudomir21\" \/>\n<meta name=\"twitter:label1\" content=\"Est. tempo de leitura\">\n\t<meta name=\"twitter:data1\" content=\"5 minutos\">\n<script type=\"application\/ld+json\" class=\"yoast-schema-graph\">{\"@context\":\"https:\/\/schema.org\",\"@graph\":[{\"@type\":\"Organization\",\"@id\":\"https:\/\/tribunadapraia.com.br\/#organization\",\"name\":\"Tribuna da Praia\",\"url\":\"https:\/\/tribunadapraia.com.br\/\",\"sameAs\":[\"https:\/\/www.facebook.com\/tribunadapraiaonline\/\",\"https:\/\/www.instagram.com\/claudomirtavares\/\",\"https:\/\/www.youtube.com\/channel\/UCwQf80nxiMzCefAyjbp53Rw\",\"https:\/\/twitter.com\/Claudomir21\"],\"logo\":{\"@type\":\"ImageObject\",\"@id\":\"https:\/\/tribunadapraia.com.br\/#logo\",\"inLanguage\":\"pt-BR\",\"url\":\"https:\/\/tribunadapraia.com.br\/wp-content\/uploads\/2020\/02\/logo.png\",\"contentUrl\":\"https:\/\/tribunadapraia.com.br\/wp-content\/uploads\/2020\/02\/logo.png\",\"width\":501,\"height\":121,\"caption\":\"Tribuna da Praia\"},\"image\":{\"@id\":\"https:\/\/tribunadapraia.com.br\/#logo\"}},{\"@type\":\"WebSite\",\"@id\":\"https:\/\/tribunadapraia.com.br\/#website\",\"url\":\"https:\/\/tribunadapraia.com.br\/\",\"name\":\"TRIBUNA DA PRAIA\",\"description\":\"O 1\\u00ba jornal do interior de Sergipe na internet\",\"publisher\":{\"@id\":\"https:\/\/tribunadapraia.com.br\/#organization\"},\"potentialAction\":[{\"@type\":\"SearchAction\",\"target\":\"https:\/\/tribunadapraia.com.br\/?s={search_term_string}\",\"query-input\":\"required name=search_term_string\"}],\"inLanguage\":\"pt-BR\"},{\"@type\":\"ImageObject\",\"@id\":\"https:\/\/tribunadapraia.com.br\/?p=3080#primaryimage\",\"inLanguage\":\"pt-BR\",\"url\":\"https:\/\/tribunadapraia.com.br\/wp-content\/uploads\/2021\/10\/IMG-20211009-WA0134.jpg\",\"contentUrl\":\"https:\/\/tribunadapraia.com.br\/wp-content\/uploads\/2021\/10\/IMG-20211009-WA0134.jpg\",\"width\":490,\"height\":752},{\"@type\":\"WebPage\",\"@id\":\"https:\/\/tribunadapraia.com.br\/?p=3080#webpage\",\"url\":\"https:\/\/tribunadapraia.com.br\/?p=3080\",\"name\":\"Cr\\u00f4nica: A BANDA - TRIBUNA DA PRAIA\",\"isPartOf\":{\"@id\":\"https:\/\/tribunadapraia.com.br\/#website\"},\"primaryImageOfPage\":{\"@id\":\"https:\/\/tribunadapraia.com.br\/?p=3080#primaryimage\"},\"datePublished\":\"2021-10-10T11:56:24+00:00\",\"dateModified\":\"2021-10-11T00:57:31+00:00\",\"breadcrumb\":{\"@id\":\"https:\/\/tribunadapraia.com.br\/?p=3080#breadcrumb\"},\"inLanguage\":\"pt-BR\",\"potentialAction\":[{\"@type\":\"ReadAction\",\"target\":[\"https:\/\/tribunadapraia.com.br\/?p=3080\"]}]},{\"@type\":\"BreadcrumbList\",\"@id\":\"https:\/\/tribunadapraia.com.br\/?p=3080#breadcrumb\",\"itemListElement\":[{\"@type\":\"ListItem\",\"position\":1,\"item\":{\"@type\":\"WebPage\",\"@id\":\"https:\/\/tribunadapraia.com.br\/\",\"url\":\"https:\/\/tribunadapraia.com.br\/\",\"name\":\"In\\u00edcio\"}},{\"@type\":\"ListItem\",\"position\":2,\"item\":{\"@id\":\"https:\/\/tribunadapraia.com.br\/?p=3080#webpage\"}}]},{\"@type\":\"Article\",\"@id\":\"https:\/\/tribunadapraia.com.br\/?p=3080#article\",\"isPartOf\":{\"@id\":\"https:\/\/tribunadapraia.com.br\/?p=3080#webpage\"},\"author\":{\"@id\":\"https:\/\/tribunadapraia.com.br\/#\/schema\/person\/326b0a9f3163b479142c64eba4928de0\"},\"headline\":\"Cr\\u00f4nica: A BANDA\",\"datePublished\":\"2021-10-10T11:56:24+00:00\",\"dateModified\":\"2021-10-11T00:57:31+00:00\",\"mainEntityOfPage\":{\"@id\":\"https:\/\/tribunadapraia.com.br\/?p=3080#webpage\"},\"wordCount\":1199,\"commentCount\":1,\"publisher\":{\"@id\":\"https:\/\/tribunadapraia.com.br\/#organization\"},\"image\":{\"@id\":\"https:\/\/tribunadapraia.com.br\/?p=3080#primaryimage\"},\"thumbnailUrl\":\"https:\/\/tribunadapraia.com.br\/wp-content\/uploads\/2021\/10\/IMG-20211009-WA0134.jpg\",\"articleSection\":[\"Not\\u00edcias\"],\"inLanguage\":\"pt-BR\",\"potentialAction\":[{\"@type\":\"CommentAction\",\"name\":\"Comment\",\"target\":[\"https:\/\/tribunadapraia.com.br\/?p=3080#respond\"]}]},{\"@type\":\"Person\",\"@id\":\"https:\/\/tribunadapraia.com.br\/#\/schema\/person\/326b0a9f3163b479142c64eba4928de0\",\"name\":\"tribunadapraia\",\"image\":{\"@type\":\"ImageObject\",\"@id\":\"https:\/\/tribunadapraia.com.br\/#personlogo\",\"inLanguage\":\"pt-BR\",\"url\":\"https:\/\/secure.gravatar.com\/avatar\/38b019c74762496076b7355024a0dad9?s=96&d=identicon&r=g\",\"contentUrl\":\"https:\/\/secure.gravatar.com\/avatar\/38b019c74762496076b7355024a0dad9?s=96&d=identicon&r=g\",\"caption\":\"tribunadapraia\"}}]}<\/script>\n<!-- \/ Yoast SEO plugin. -->","wps_subtitle":"","_links":{"self":[{"href":"https:\/\/tribunadapraia.com.br\/index.php?rest_route=\/wp\/v2\/posts\/3080"}],"collection":[{"href":"https:\/\/tribunadapraia.com.br\/index.php?rest_route=\/wp\/v2\/posts"}],"about":[{"href":"https:\/\/tribunadapraia.com.br\/index.php?rest_route=\/wp\/v2\/types\/post"}],"author":[{"embeddable":true,"href":"https:\/\/tribunadapraia.com.br\/index.php?rest_route=\/wp\/v2\/users\/1"}],"replies":[{"embeddable":true,"href":"https:\/\/tribunadapraia.com.br\/index.php?rest_route=%2Fwp%2Fv2%2Fcomments&post=3080"}],"version-history":[{"count":1,"href":"https:\/\/tribunadapraia.com.br\/index.php?rest_route=\/wp\/v2\/posts\/3080\/revisions"}],"predecessor-version":[{"id":3082,"href":"https:\/\/tribunadapraia.com.br\/index.php?rest_route=\/wp\/v2\/posts\/3080\/revisions\/3082"}],"wp:featuredmedia":[{"embeddable":true,"href":"https:\/\/tribunadapraia.com.br\/index.php?rest_route=\/wp\/v2\/media\/3081"}],"wp:attachment":[{"href":"https:\/\/tribunadapraia.com.br\/index.php?rest_route=%2Fwp%2Fv2%2Fmedia&parent=3080"}],"wp:term":[{"taxonomy":"category","embeddable":true,"href":"https:\/\/tribunadapraia.com.br\/index.php?rest_route=%2Fwp%2Fv2%2Fcategories&post=3080"},{"taxonomy":"post_tag","embeddable":true,"href":"https:\/\/tribunadapraia.com.br\/index.php?rest_route=%2Fwp%2Fv2%2Ftags&post=3080"}],"curies":[{"name":"wp","href":"https:\/\/api.w.org\/{rel}","templated":true}]}}