{"id":3071,"date":"2021-10-06T10:48:13","date_gmt":"2021-10-06T13:48:13","guid":{"rendered":"https:\/\/tribunadapraia.com.br\/?p=3071"},"modified":"2021-10-06T10:48:58","modified_gmt":"2021-10-06T13:48:58","slug":"1o-dia-da-conferencia-municipal-de-educacao-reuniu-mais-de-150-pessoas","status":"publish","type":"post","link":"https:\/\/tribunadapraia.com.br\/?p=3071","title":{"rendered":"1\u00ba DIA DA CONFER\u00caNCIA MUNICIPAL DE EDUCA\u00c7\u00c3O REUNIU MAIS DE 150 PESSOAS"},"content":{"rendered":"<p>A abertura da 1\u00aa Confer\u00eancia Municipal de Educa\u00e7\u00e3o aconteceu nesta ter\u00e7a-feira, 5, na Quadra de Esportes da Escola Municipal Jo\u00e3o Cruz. A Prefeitura de Barra dos Coqueiros, atrav\u00e9s da Secretaria Municipal de Educa\u00e7\u00e3o, do F\u00f3rum Municipal de Educa\u00e7\u00e3o e junto ao Conselho Municipal de Educa\u00e7\u00e3o, mobilizou diversos segmentos da sociedade para avaliar e monitorar o Plano Municipal de Educa\u00e7\u00e3o (PME) a fim de efetiv\u00e1-lo, e consequentemente, assegurar os direitos constitucionais de acesso \u00e0 educa\u00e7\u00e3o com qualidade e equidade aos alunos do munic\u00edpio.<\/p>\n<p>O primeiro dia de evento contou com apresenta\u00e7\u00e3o cultural do grupo Samba de Coco; com a palestra \u201cPlano Municipal de Educa\u00e7\u00e3o: monitoramento, avalia\u00e7\u00e3o e proposi\u00e7\u00f5es de a\u00e7\u00f5es e estrat\u00e9gias para sua consolida\u00e7\u00e3o\u201d, conduzida pela palestrante e respons\u00e1vel pelo processo de elabora\u00e7\u00e3o dos Planos Municipais de Educa\u00e7\u00e3o de todos os munic\u00edpios sergipanos, Valdilene Alves Sobral; al\u00e9m da leitura do regimento interno da Confer\u00eancia. J\u00e1 no segundo dia de evento, que acontecer\u00e1 nesta quarta-feira, 6, os trabalhos ser\u00e3o realizados a partir das discuss\u00f5es das 16 metas do PME, por um total de seis grupos.<\/p>\n<p>\u201cA realiza\u00e7\u00e3o da 1\u00ba Confer\u00eancia Municipal de Avalia\u00e7\u00e3o e Monitoramento do Plano Municipal de Educa\u00e7\u00e3o \u00e9 importante porque abre espa\u00e7o para que tenhamos a participa\u00e7\u00e3o dos mais diversos segmentos da sociedade aqui de Barra dos Coqueiros, voc\u00ea tem pais, estudantes, t\u00eam professores, sociedade civil organizada, tem \u00f3rg\u00e3os governamentais, tudo isso \u00e9 uma forma de voc\u00ea construir a\u00e7\u00f5es voltadas para o interesse da sociedade. Realizar essa Confer\u00eancia \u00e9 um grande feito porque as estrat\u00e9gias j\u00e1 est\u00e3o colocadas no Plano, mas as a\u00e7\u00f5es para efetivar o cumprimento dessas estrat\u00e9gias ela v\u00eam a partir da Confer\u00eancia\u201d, disse o secret\u00e1rio municipal de Educa\u00e7\u00e3o, Jos\u00e9 Marques.<\/p>\n<p>Ainda de acordo com o secret\u00e1rio, a perspectiva p\u00f3s Confer\u00eancia \u00e9 que \u201ca gente possa efetiv\u00e1-las e assim tenhamos uma educa\u00e7\u00e3o de qualidade para oferecer \u00e0 popula\u00e7\u00e3o\u201d, completou.<\/p>\n<p>A mesa de abertura dos trabalhos foi composta pelo prefeito de Barra dos Coqueiros, Alberto Macedo; pelo secret\u00e1rio municipal de Educa\u00e7\u00e3o, Jos\u00e9 Marques; pela secret\u00e1ria municipal de Governo, Taline Matias; pelo presidente da C\u00e2mara de Vereadores, Fernando Freitas; pela representante do secret\u00e1rio estadual de Educa\u00e7\u00e3o, Jociela Barbosa Morais; pela presidente do Conselho Municipal de Educa\u00e7\u00e3o, Josefa Luzineide de Oliveira; pela coordenadora do F\u00f3rum Municipal de Educa\u00e7\u00e3o, S\u00f4nia Maria da Silva; e pela representante do segmento de pais, Sheyla Cristina.<\/p>\n<p>A Confer\u00eancia respeitou todos os protocolos sanit\u00e1rios de preven\u00e7\u00e3o \u00e0 Covid-19.<\/p>\n<p>por SECOM\/Barra dos Coqueiros<\/p>\n","protected":false},"excerpt":{"rendered":"<p>A abertura da 1\u00aa Confer\u00eancia Municipal de Educa\u00e7\u00e3o aconteceu nesta ter\u00e7a-feira, 5, na Quadra de Esportes da Escola Municipal Jo\u00e3o Cruz. A Prefeitura de Barra dos Coqueiros, atrav\u00e9s da Secretaria Municipal de Educa\u00e7\u00e3o, do F\u00f3rum Municipal de Educa\u00e7\u00e3o e junto ao Conselho Municipal de Educa\u00e7\u00e3o, mobilizou diversos segmentos da sociedade para avaliar e monitorar o Plano Municipal de Educa\u00e7\u00e3o (PME) a fim de efetiv\u00e1-lo, e consequentemente, assegurar os direitos constitucionais<\/p>\n","protected":false},"author":1,"featured_media":3072,"comment_status":"open","ping_status":"open","sticky":false,"template":"","format":"standard","meta":[],"categories":[18],"tags":[],"yoast_head":"<!-- This site is optimized with the Yoast SEO plugin v16.3 - https:\/\/yoast.com\/wordpress\/plugins\/seo\/ -->\n<title>1\u00ba DIA DA CONFER\u00caNCIA MUNICIPAL DE EDUCA\u00c7\u00c3O REUNIU MAIS DE 150 PESSOAS - TRIBUNA DA PRAIA<\/title>\n<meta name=\"robots\" content=\"index, follow, max-snippet:-1, max-image-preview:large, max-video-preview:-1\" \/>\n<link rel=\"canonical\" href=\"https:\/\/tribunadapraia.com.br\/?p=3071\" \/>\n<meta property=\"og:locale\" content=\"pt_BR\" \/>\n<meta property=\"og:type\" content=\"article\" \/>\n<meta property=\"og:title\" content=\"1\u00ba DIA DA CONFER\u00caNCIA MUNICIPAL DE EDUCA\u00c7\u00c3O REUNIU MAIS DE 150 PESSOAS - TRIBUNA DA PRAIA\" \/>\n<meta property=\"og:description\" content=\"A abertura da 1\u00aa Confer\u00eancia Municipal de Educa\u00e7\u00e3o aconteceu nesta ter\u00e7a-feira, 5, na Quadra de Esportes da Escola Municipal Jo\u00e3o Cruz. A Prefeitura de Barra dos Coqueiros, atrav\u00e9s da Secretaria Municipal de Educa\u00e7\u00e3o, do F\u00f3rum Municipal de Educa\u00e7\u00e3o e junto ao Conselho Municipal de Educa\u00e7\u00e3o, mobilizou diversos segmentos da sociedade para avaliar e monitorar o Plano Municipal de Educa\u00e7\u00e3o (PME) a fim de efetiv\u00e1-lo, e consequentemente, assegurar os direitos constitucionais\" \/>\n<meta property=\"og:url\" content=\"https:\/\/tribunadapraia.com.br\/?p=3071\" \/>\n<meta property=\"og:site_name\" content=\"TRIBUNA DA PRAIA\" \/>\n<meta property=\"article:publisher\" content=\"https:\/\/www.facebook.com\/tribunadapraiaonline\/\" \/>\n<meta property=\"article:published_time\" content=\"2021-10-06T13:48:13+00:00\" \/>\n<meta property=\"article:modified_time\" content=\"2021-10-06T13:48:58+00:00\" \/>\n<meta property=\"og:image\" content=\"https:\/\/tribunadapraia.com.br\/wp-content\/uploads\/2021\/10\/FB_IMG_1633522021919.jpg\" \/>\n\t<meta property=\"og:image:width\" content=\"960\" \/>\n\t<meta property=\"og:image:height\" content=\"960\" \/>\n<meta name=\"twitter:card\" content=\"summary_large_image\" \/>\n<meta name=\"twitter:creator\" content=\"@Claudomir21\" \/>\n<meta name=\"twitter:site\" content=\"@Claudomir21\" \/>\n<meta name=\"twitter:label1\" content=\"Est. tempo de leitura\">\n\t<meta name=\"twitter:data1\" content=\"2 minutos\">\n<script type=\"application\/ld+json\" class=\"yoast-schema-graph\">{\"@context\":\"https:\/\/schema.org\",\"@graph\":[{\"@type\":\"Organization\",\"@id\":\"https:\/\/tribunadapraia.com.br\/#organization\",\"name\":\"Tribuna da Praia\",\"url\":\"https:\/\/tribunadapraia.com.br\/\",\"sameAs\":[\"https:\/\/www.facebook.com\/tribunadapraiaonline\/\",\"https:\/\/www.instagram.com\/claudomirtavares\/\",\"https:\/\/www.youtube.com\/channel\/UCwQf80nxiMzCefAyjbp53Rw\",\"https:\/\/twitter.com\/Claudomir21\"],\"logo\":{\"@type\":\"ImageObject\",\"@id\":\"https:\/\/tribunadapraia.com.br\/#logo\",\"inLanguage\":\"pt-BR\",\"url\":\"https:\/\/tribunadapraia.com.br\/wp-content\/uploads\/2020\/02\/logo.png\",\"contentUrl\":\"https:\/\/tribunadapraia.com.br\/wp-content\/uploads\/2020\/02\/logo.png\",\"width\":501,\"height\":121,\"caption\":\"Tribuna da Praia\"},\"image\":{\"@id\":\"https:\/\/tribunadapraia.com.br\/#logo\"}},{\"@type\":\"WebSite\",\"@id\":\"https:\/\/tribunadapraia.com.br\/#website\",\"url\":\"https:\/\/tribunadapraia.com.br\/\",\"name\":\"TRIBUNA DA PRAIA\",\"description\":\"O 1\\u00ba jornal do interior de Sergipe na internet\",\"publisher\":{\"@id\":\"https:\/\/tribunadapraia.com.br\/#organization\"},\"potentialAction\":[{\"@type\":\"SearchAction\",\"target\":\"https:\/\/tribunadapraia.com.br\/?s={search_term_string}\",\"query-input\":\"required name=search_term_string\"}],\"inLanguage\":\"pt-BR\"},{\"@type\":\"ImageObject\",\"@id\":\"https:\/\/tribunadapraia.com.br\/?p=3071#primaryimage\",\"inLanguage\":\"pt-BR\",\"url\":\"https:\/\/tribunadapraia.com.br\/wp-content\/uploads\/2021\/10\/FB_IMG_1633522021919.jpg\",\"contentUrl\":\"https:\/\/tribunadapraia.com.br\/wp-content\/uploads\/2021\/10\/FB_IMG_1633522021919.jpg\",\"width\":960,\"height\":960},{\"@type\":\"WebPage\",\"@id\":\"https:\/\/tribunadapraia.com.br\/?p=3071#webpage\",\"url\":\"https:\/\/tribunadapraia.com.br\/?p=3071\",\"name\":\"1\\u00ba DIA DA CONFER\\u00caNCIA MUNICIPAL DE EDUCA\\u00c7\\u00c3O REUNIU MAIS DE 150 PESSOAS - TRIBUNA DA PRAIA\",\"isPartOf\":{\"@id\":\"https:\/\/tribunadapraia.com.br\/#website\"},\"primaryImageOfPage\":{\"@id\":\"https:\/\/tribunadapraia.com.br\/?p=3071#primaryimage\"},\"datePublished\":\"2021-10-06T13:48:13+00:00\",\"dateModified\":\"2021-10-06T13:48:58+00:00\",\"breadcrumb\":{\"@id\":\"https:\/\/tribunadapraia.com.br\/?p=3071#breadcrumb\"},\"inLanguage\":\"pt-BR\",\"potentialAction\":[{\"@type\":\"ReadAction\",\"target\":[\"https:\/\/tribunadapraia.com.br\/?p=3071\"]}]},{\"@type\":\"BreadcrumbList\",\"@id\":\"https:\/\/tribunadapraia.com.br\/?p=3071#breadcrumb\",\"itemListElement\":[{\"@type\":\"ListItem\",\"position\":1,\"item\":{\"@type\":\"WebPage\",\"@id\":\"https:\/\/tribunadapraia.com.br\/\",\"url\":\"https:\/\/tribunadapraia.com.br\/\",\"name\":\"In\\u00edcio\"}},{\"@type\":\"ListItem\",\"position\":2,\"item\":{\"@id\":\"https:\/\/tribunadapraia.com.br\/?p=3071#webpage\"}}]},{\"@type\":\"Article\",\"@id\":\"https:\/\/tribunadapraia.com.br\/?p=3071#article\",\"isPartOf\":{\"@id\":\"https:\/\/tribunadapraia.com.br\/?p=3071#webpage\"},\"author\":{\"@id\":\"https:\/\/tribunadapraia.com.br\/#\/schema\/person\/326b0a9f3163b479142c64eba4928de0\"},\"headline\":\"1\\u00ba DIA DA CONFER\\u00caNCIA MUNICIPAL DE EDUCA\\u00c7\\u00c3O REUNIU MAIS DE 150 PESSOAS\",\"datePublished\":\"2021-10-06T13:48:13+00:00\",\"dateModified\":\"2021-10-06T13:48:58+00:00\",\"mainEntityOfPage\":{\"@id\":\"https:\/\/tribunadapraia.com.br\/?p=3071#webpage\"},\"wordCount\":463,\"commentCount\":0,\"publisher\":{\"@id\":\"https:\/\/tribunadapraia.com.br\/#organization\"},\"image\":{\"@id\":\"https:\/\/tribunadapraia.com.br\/?p=3071#primaryimage\"},\"thumbnailUrl\":\"https:\/\/tribunadapraia.com.br\/wp-content\/uploads\/2021\/10\/FB_IMG_1633522021919.jpg\",\"articleSection\":[\"Not\\u00edcias\"],\"inLanguage\":\"pt-BR\",\"potentialAction\":[{\"@type\":\"CommentAction\",\"name\":\"Comment\",\"target\":[\"https:\/\/tribunadapraia.com.br\/?p=3071#respond\"]}]},{\"@type\":\"Person\",\"@id\":\"https:\/\/tribunadapraia.com.br\/#\/schema\/person\/326b0a9f3163b479142c64eba4928de0\",\"name\":\"tribunadapraia\",\"image\":{\"@type\":\"ImageObject\",\"@id\":\"https:\/\/tribunadapraia.com.br\/#personlogo\",\"inLanguage\":\"pt-BR\",\"url\":\"https:\/\/secure.gravatar.com\/avatar\/38b019c74762496076b7355024a0dad9?s=96&d=identicon&r=g\",\"contentUrl\":\"https:\/\/secure.gravatar.com\/avatar\/38b019c74762496076b7355024a0dad9?s=96&d=identicon&r=g\",\"caption\":\"tribunadapraia\"}}]}<\/script>\n<!-- \/ Yoast SEO plugin. -->","wps_subtitle":"","_links":{"self":[{"href":"https:\/\/tribunadapraia.com.br\/index.php?rest_route=\/wp\/v2\/posts\/3071"}],"collection":[{"href":"https:\/\/tribunadapraia.com.br\/index.php?rest_route=\/wp\/v2\/posts"}],"about":[{"href":"https:\/\/tribunadapraia.com.br\/index.php?rest_route=\/wp\/v2\/types\/post"}],"author":[{"embeddable":true,"href":"https:\/\/tribunadapraia.com.br\/index.php?rest_route=\/wp\/v2\/users\/1"}],"replies":[{"embeddable":true,"href":"https:\/\/tribunadapraia.com.br\/index.php?rest_route=%2Fwp%2Fv2%2Fcomments&post=3071"}],"version-history":[{"count":1,"href":"https:\/\/tribunadapraia.com.br\/index.php?rest_route=\/wp\/v2\/posts\/3071\/revisions"}],"predecessor-version":[{"id":3073,"href":"https:\/\/tribunadapraia.com.br\/index.php?rest_route=\/wp\/v2\/posts\/3071\/revisions\/3073"}],"wp:featuredmedia":[{"embeddable":true,"href":"https:\/\/tribunadapraia.com.br\/index.php?rest_route=\/wp\/v2\/media\/3072"}],"wp:attachment":[{"href":"https:\/\/tribunadapraia.com.br\/index.php?rest_route=%2Fwp%2Fv2%2Fmedia&parent=3071"}],"wp:term":[{"taxonomy":"category","embeddable":true,"href":"https:\/\/tribunadapraia.com.br\/index.php?rest_route=%2Fwp%2Fv2%2Fcategories&post=3071"},{"taxonomy":"post_tag","embeddable":true,"href":"https:\/\/tribunadapraia.com.br\/index.php?rest_route=%2Fwp%2Fv2%2Ftags&post=3071"}],"curies":[{"name":"wp","href":"https:\/\/api.w.org\/{rel}","templated":true}]}}