{"id":3066,"date":"2021-10-05T20:57:21","date_gmt":"2021-10-05T23:57:21","guid":{"rendered":"https:\/\/tribunadapraia.com.br\/?p=3066"},"modified":"2021-10-05T20:58:20","modified_gmt":"2021-10-05T23:58:20","slug":"tributo-a-ingrid-leticia","status":"publish","type":"post","link":"https:\/\/tribunadapraia.com.br\/?p=3066","title":{"rendered":"Tributo a \u00cdngrid Let\u00edcia!"},"content":{"rendered":"<ul>\n<li>\u00f6\u00f6por Ivanildo Souza<\/li>\n<\/ul>\n<p>Fa\u00e7o um singelo tributo,<br \/>\nSentindo forte emo\u00e7\u00e3o,<br \/>\nCom o meu peito de luto,<br \/>\nE com dor no cora\u00e7\u00e3o,<br \/>\nPor uma mo\u00e7a que foi,<br \/>\nHonrada na Regi\u00e3o.<\/p>\n<p>Pirambu era seu torr\u00e3o,<br \/>\n\u00cdngrid era o nome seu,<br \/>\nGostava de cavalgadas,<br \/>\nPra esse esporte viveu,<br \/>\nMas numa fatalidade,<br \/>\n\u00cdngrid Let\u00edcia morreu.<\/p>\n<p>Esse fato aconteceu,<br \/>\nEm dois mil e vinte e um,<br \/>\nNo dia tr\u00eas de Outubro,<br \/>\nEm um domingo comum,<br \/>\nQuando voltava pra casa,<br \/>\nSem pensar mal nenhum.<\/p>\n<p>Em um momento algum,<br \/>\nLet\u00edcia imaginava,<br \/>\nQue depois da divers\u00e3o,<br \/>\nO perigo perto estava,<br \/>\nE a morte t\u00e3o cruel,<br \/>\nNo caminho lhe esperava.<\/p>\n<p>Antes, Let\u00edcia brincava,<br \/>\nEm uma linda cavalgada,<br \/>\nNa cidade de Japaratuba,<br \/>\nEla tava muito encantada,<br \/>\nArrodeada de amigos,<br \/>\nSe sentindo muito amada.<\/p>\n<p>Brincou e cantou toada,<br \/>\nPor ser fiel ao esporte,<br \/>\nAo lado de gente boa,<br \/>\nQue dava muito suporte,<br \/>\nPor ser vaqueira testada,<br \/>\nEla se sentia muito forte.<\/p>\n<p>Agente de endemias forte,<br \/>\nConclu\u00eda a sua di\u00e1ria,<br \/>\nHonrava o seu trabalho,<br \/>\nMulher extraordin\u00e1ria,<br \/>\nE por ser ligada a fam\u00edlia,<br \/>\nN\u00e3o tinha a vida contr\u00e1ria.<\/p>\n<p>As vezes era il\u00e1ria,<br \/>\nBrincava com tudo mundo,<br \/>\nLet\u00edcia era simpatia,<br \/>\nUm amor puro e fecundo,<br \/>\nMas a morte acabou,<br \/>\nTudo isso em um segundo.<\/p>\n<p>Num sentimento profundo,<br \/>\nAs Amazonas da Miss\u00e3o,<br \/>\nAcompanharam chorando,<br \/>\nO seu corpo num caix\u00e3o,<br \/>\nE o seu cavalo na frente,<br \/>\nFoi de cortar o cora\u00e7\u00e3o.<\/p>\n<p>Seu amor, sua paix\u00e3o,<br \/>\nAcompanhava chorando,<br \/>\nE os seus pais abalados,<br \/>\nTristes e se lamentando,<br \/>\nOs parentes e amigos,<br \/>\nN\u00e3o tavam acreditando.<\/p>\n<p>Com meus olhos chorando,<br \/>\nEu fiz essa homenagem,<br \/>\nCom a certeza que \u00cdngrid,<br \/>\nCumpriu aqui a passagem,<br \/>\nDeixando o seu legado,<br \/>\nComo mulher de coragem.<\/p>\n<p>E pra sua \u00faltima viagem,<br \/>\nPartiu nessa triste hora,<br \/>\nEu tenho toda certeza,<br \/>\nQue ela t\u00e1 no C\u00e9u agora,<br \/>\nAo lado de Jesus Cristo,<br \/>\nE da M\u00e3e Nossa Senhora.<\/p>\n<p>Deus consola quem chora,<br \/>\nE conforta cada irm\u00e3o,<br \/>\n\u00c0 todos meus sentimentos,<br \/>\nDe todo o meu cora\u00e7\u00e3o,<br \/>\nDescanse em paz, amiga,<br \/>\nFiel Amazona da Miss\u00e3o.<\/p>\n<ul>\n<li>Ivanildo Souza, o Poeta Afamado. Japoat\u00e3\/SE (reside em Japaratuba)<\/li>\n<\/ul>\n","protected":false},"excerpt":{"rendered":"<p>\u00f6\u00f6por Ivanildo Souza Fa\u00e7o um singelo tributo, Sentindo forte emo\u00e7\u00e3o, Com o meu peito de luto, E com dor no cora\u00e7\u00e3o, Por uma mo\u00e7a que foi, Honrada na Regi\u00e3o. Pirambu era seu torr\u00e3o, \u00cdngrid era o nome seu, Gostava de cavalgadas, Pra esse esporte viveu, Mas numa fatalidade, \u00cdngrid Let\u00edcia morreu. Esse fato aconteceu, Em dois mil e vinte e um, No dia tr\u00eas de Outubro, Em um domingo comum,<\/p>\n","protected":false},"author":1,"featured_media":3067,"comment_status":"open","ping_status":"open","sticky":false,"template":"","format":"standard","meta":[],"categories":[18],"tags":[],"yoast_head":"<!-- This site is optimized with the Yoast SEO plugin v16.3 - https:\/\/yoast.com\/wordpress\/plugins\/seo\/ -->\n<title>Tributo a \u00cdngrid Let\u00edcia! - TRIBUNA DA PRAIA<\/title>\n<meta name=\"robots\" content=\"index, follow, max-snippet:-1, max-image-preview:large, max-video-preview:-1\" \/>\n<link rel=\"canonical\" href=\"https:\/\/tribunadapraia.com.br\/?p=3066\" \/>\n<meta property=\"og:locale\" content=\"pt_BR\" \/>\n<meta property=\"og:type\" content=\"article\" \/>\n<meta property=\"og:title\" content=\"Tributo a \u00cdngrid Let\u00edcia! - TRIBUNA DA PRAIA\" \/>\n<meta property=\"og:description\" content=\"\u00f6\u00f6por Ivanildo Souza Fa\u00e7o um singelo tributo, Sentindo forte emo\u00e7\u00e3o, Com o meu peito de luto, E com dor no cora\u00e7\u00e3o, Por uma mo\u00e7a que foi, Honrada na Regi\u00e3o. Pirambu era seu torr\u00e3o, \u00cdngrid era o nome seu, Gostava de cavalgadas, Pra esse esporte viveu, Mas numa fatalidade, \u00cdngrid Let\u00edcia morreu. Esse fato aconteceu, Em dois mil e vinte e um, No dia tr\u00eas de Outubro, Em um domingo comum,\" \/>\n<meta property=\"og:url\" content=\"https:\/\/tribunadapraia.com.br\/?p=3066\" \/>\n<meta property=\"og:site_name\" content=\"TRIBUNA DA PRAIA\" \/>\n<meta property=\"article:publisher\" content=\"https:\/\/www.facebook.com\/tribunadapraiaonline\/\" \/>\n<meta property=\"article:published_time\" content=\"2021-10-05T23:57:21+00:00\" \/>\n<meta property=\"article:modified_time\" content=\"2021-10-05T23:58:20+00:00\" \/>\n<meta property=\"og:image\" content=\"https:\/\/tribunadapraia.com.br\/wp-content\/uploads\/2021\/10\/IMG-20211005-WA0171.jpg\" \/>\n\t<meta property=\"og:image:width\" content=\"738\" \/>\n\t<meta property=\"og:image:height\" content=\"886\" \/>\n<meta name=\"twitter:card\" content=\"summary_large_image\" \/>\n<meta name=\"twitter:creator\" content=\"@Claudomir21\" \/>\n<meta name=\"twitter:site\" content=\"@Claudomir21\" \/>\n<meta name=\"twitter:label1\" content=\"Est. tempo de leitura\">\n\t<meta name=\"twitter:data1\" content=\"2 minutos\">\n<script type=\"application\/ld+json\" class=\"yoast-schema-graph\">{\"@context\":\"https:\/\/schema.org\",\"@graph\":[{\"@type\":\"Organization\",\"@id\":\"https:\/\/tribunadapraia.com.br\/#organization\",\"name\":\"Tribuna da Praia\",\"url\":\"https:\/\/tribunadapraia.com.br\/\",\"sameAs\":[\"https:\/\/www.facebook.com\/tribunadapraiaonline\/\",\"https:\/\/www.instagram.com\/claudomirtavares\/\",\"https:\/\/www.youtube.com\/channel\/UCwQf80nxiMzCefAyjbp53Rw\",\"https:\/\/twitter.com\/Claudomir21\"],\"logo\":{\"@type\":\"ImageObject\",\"@id\":\"https:\/\/tribunadapraia.com.br\/#logo\",\"inLanguage\":\"pt-BR\",\"url\":\"https:\/\/tribunadapraia.com.br\/wp-content\/uploads\/2020\/02\/logo.png\",\"contentUrl\":\"https:\/\/tribunadapraia.com.br\/wp-content\/uploads\/2020\/02\/logo.png\",\"width\":501,\"height\":121,\"caption\":\"Tribuna da Praia\"},\"image\":{\"@id\":\"https:\/\/tribunadapraia.com.br\/#logo\"}},{\"@type\":\"WebSite\",\"@id\":\"https:\/\/tribunadapraia.com.br\/#website\",\"url\":\"https:\/\/tribunadapraia.com.br\/\",\"name\":\"TRIBUNA DA PRAIA\",\"description\":\"O 1\\u00ba jornal do interior de Sergipe na internet\",\"publisher\":{\"@id\":\"https:\/\/tribunadapraia.com.br\/#organization\"},\"potentialAction\":[{\"@type\":\"SearchAction\",\"target\":\"https:\/\/tribunadapraia.com.br\/?s={search_term_string}\",\"query-input\":\"required name=search_term_string\"}],\"inLanguage\":\"pt-BR\"},{\"@type\":\"ImageObject\",\"@id\":\"https:\/\/tribunadapraia.com.br\/?p=3066#primaryimage\",\"inLanguage\":\"pt-BR\",\"url\":\"https:\/\/tribunadapraia.com.br\/wp-content\/uploads\/2021\/10\/IMG-20211005-WA0171.jpg\",\"contentUrl\":\"https:\/\/tribunadapraia.com.br\/wp-content\/uploads\/2021\/10\/IMG-20211005-WA0171.jpg\",\"width\":738,\"height\":886},{\"@type\":\"WebPage\",\"@id\":\"https:\/\/tribunadapraia.com.br\/?p=3066#webpage\",\"url\":\"https:\/\/tribunadapraia.com.br\/?p=3066\",\"name\":\"Tributo a \\u00cdngrid Let\\u00edcia! - TRIBUNA DA PRAIA\",\"isPartOf\":{\"@id\":\"https:\/\/tribunadapraia.com.br\/#website\"},\"primaryImageOfPage\":{\"@id\":\"https:\/\/tribunadapraia.com.br\/?p=3066#primaryimage\"},\"datePublished\":\"2021-10-05T23:57:21+00:00\",\"dateModified\":\"2021-10-05T23:58:20+00:00\",\"breadcrumb\":{\"@id\":\"https:\/\/tribunadapraia.com.br\/?p=3066#breadcrumb\"},\"inLanguage\":\"pt-BR\",\"potentialAction\":[{\"@type\":\"ReadAction\",\"target\":[\"https:\/\/tribunadapraia.com.br\/?p=3066\"]}]},{\"@type\":\"BreadcrumbList\",\"@id\":\"https:\/\/tribunadapraia.com.br\/?p=3066#breadcrumb\",\"itemListElement\":[{\"@type\":\"ListItem\",\"position\":1,\"item\":{\"@type\":\"WebPage\",\"@id\":\"https:\/\/tribunadapraia.com.br\/\",\"url\":\"https:\/\/tribunadapraia.com.br\/\",\"name\":\"In\\u00edcio\"}},{\"@type\":\"ListItem\",\"position\":2,\"item\":{\"@id\":\"https:\/\/tribunadapraia.com.br\/?p=3066#webpage\"}}]},{\"@type\":\"Article\",\"@id\":\"https:\/\/tribunadapraia.com.br\/?p=3066#article\",\"isPartOf\":{\"@id\":\"https:\/\/tribunadapraia.com.br\/?p=3066#webpage\"},\"author\":{\"@id\":\"https:\/\/tribunadapraia.com.br\/#\/schema\/person\/326b0a9f3163b479142c64eba4928de0\"},\"headline\":\"Tributo a \\u00cdngrid Let\\u00edcia!\",\"datePublished\":\"2021-10-05T23:57:21+00:00\",\"dateModified\":\"2021-10-05T23:58:20+00:00\",\"mainEntityOfPage\":{\"@id\":\"https:\/\/tribunadapraia.com.br\/?p=3066#webpage\"},\"wordCount\":370,\"commentCount\":0,\"publisher\":{\"@id\":\"https:\/\/tribunadapraia.com.br\/#organization\"},\"image\":{\"@id\":\"https:\/\/tribunadapraia.com.br\/?p=3066#primaryimage\"},\"thumbnailUrl\":\"https:\/\/tribunadapraia.com.br\/wp-content\/uploads\/2021\/10\/IMG-20211005-WA0171.jpg\",\"articleSection\":[\"Not\\u00edcias\"],\"inLanguage\":\"pt-BR\",\"potentialAction\":[{\"@type\":\"CommentAction\",\"name\":\"Comment\",\"target\":[\"https:\/\/tribunadapraia.com.br\/?p=3066#respond\"]}]},{\"@type\":\"Person\",\"@id\":\"https:\/\/tribunadapraia.com.br\/#\/schema\/person\/326b0a9f3163b479142c64eba4928de0\",\"name\":\"tribunadapraia\",\"image\":{\"@type\":\"ImageObject\",\"@id\":\"https:\/\/tribunadapraia.com.br\/#personlogo\",\"inLanguage\":\"pt-BR\",\"url\":\"https:\/\/secure.gravatar.com\/avatar\/38b019c74762496076b7355024a0dad9?s=96&d=identicon&r=g\",\"contentUrl\":\"https:\/\/secure.gravatar.com\/avatar\/38b019c74762496076b7355024a0dad9?s=96&d=identicon&r=g\",\"caption\":\"tribunadapraia\"}}]}<\/script>\n<!-- \/ Yoast SEO plugin. -->","wps_subtitle":"","_links":{"self":[{"href":"https:\/\/tribunadapraia.com.br\/index.php?rest_route=\/wp\/v2\/posts\/3066"}],"collection":[{"href":"https:\/\/tribunadapraia.com.br\/index.php?rest_route=\/wp\/v2\/posts"}],"about":[{"href":"https:\/\/tribunadapraia.com.br\/index.php?rest_route=\/wp\/v2\/types\/post"}],"author":[{"embeddable":true,"href":"https:\/\/tribunadapraia.com.br\/index.php?rest_route=\/wp\/v2\/users\/1"}],"replies":[{"embeddable":true,"href":"https:\/\/tribunadapraia.com.br\/index.php?rest_route=%2Fwp%2Fv2%2Fcomments&post=3066"}],"version-history":[{"count":1,"href":"https:\/\/tribunadapraia.com.br\/index.php?rest_route=\/wp\/v2\/posts\/3066\/revisions"}],"predecessor-version":[{"id":3068,"href":"https:\/\/tribunadapraia.com.br\/index.php?rest_route=\/wp\/v2\/posts\/3066\/revisions\/3068"}],"wp:featuredmedia":[{"embeddable":true,"href":"https:\/\/tribunadapraia.com.br\/index.php?rest_route=\/wp\/v2\/media\/3067"}],"wp:attachment":[{"href":"https:\/\/tribunadapraia.com.br\/index.php?rest_route=%2Fwp%2Fv2%2Fmedia&parent=3066"}],"wp:term":[{"taxonomy":"category","embeddable":true,"href":"https:\/\/tribunadapraia.com.br\/index.php?rest_route=%2Fwp%2Fv2%2Fcategories&post=3066"},{"taxonomy":"post_tag","embeddable":true,"href":"https:\/\/tribunadapraia.com.br\/index.php?rest_route=%2Fwp%2Fv2%2Ftags&post=3066"}],"curies":[{"name":"wp","href":"https:\/\/api.w.org\/{rel}","templated":true}]}}