{"id":3064,"date":"2021-10-04T10:30:06","date_gmt":"2021-10-04T13:30:06","guid":{"rendered":"https:\/\/tribunadapraia.com.br\/?p=3064"},"modified":"2021-10-04T10:30:57","modified_gmt":"2021-10-04T13:30:57","slug":"sete-vidas-julgamento-de-andre-moura-podera-ser-anulado-permitindo-sua-candidatura-em-2022-a-defesa-vai-opor-embargos-infringentes-e-de-nulidade","status":"publish","type":"post","link":"https:\/\/tribunadapraia.com.br\/?p=3064","title":{"rendered":"SETE VIDAS: Julgamento de Andr\u00e9 Moura poder\u00e1 ser anulado, permitindo sua candidatura em 2022 &#8211; A defesa vai opor embargos infringentes e de nulidade"},"content":{"rendered":"<p style=\"text-align: center;\">O julgamento das tr\u00eas a\u00e7\u00f5es penais contra o ex-deputado, Andr\u00e9 Moura, no Supremo Tribunal Federal poder\u00e1 ser anulado porque 4 ministros n\u00e3o votaram na dosimetria da pena e o STF n\u00e3o obedeceu o princ\u00edpio universal de, em caso de empate, como na AP 969, (5 X 5) favorecer o r\u00e9u, e o que \u00e9 mais grave, deixou a vota\u00e7\u00e3o em aberto para o novo membro da Corte desempatar.<\/p>\n<p>O STF vai marcar uma nova sess\u00e3o para debater essas duas quest\u00f5es apresentadas hoje pelo ministro Ricardo Lewandowiski. Ap\u00f3s o presidente do Supremo, Luiz Fux abrir os trabalhos, o revisor das 3 a\u00e7\u00f5es penais de Andr\u00e9 pediu \u201cpela ordem\u201d para questionar as duas anomalias jur\u00eddicas no julgamento: A aplica\u00e7\u00e3o da pena sem os votos dos ministros a favor da absolvi\u00e7\u00e3o do ex-deputado, \u00e9 n\u00e3o beneficiou o r\u00e9u com o empate no placar da AP 969. A vota\u00e7\u00e3o ser\u00e1 retomada com a chegada do novo membro da Corte.<\/p>\n<p>O ministro Lewandowiski ainda identificou um exagero na aplica\u00e7\u00e3o da pena numa a\u00e7\u00e3o penal em que \u00e9 imputado ao r\u00e9u, o crime de forma\u00e7\u00e3o de quadrilha (art.288 CPB). Como os fatos narrados na pe\u00e7a inicial ocorreram h\u00e1 mais de 10 anos, o crime j\u00e1 est\u00e1 prescrito e a pena geral deveria ter sido reduzida.<\/p>\n<p>A defesa de Andr\u00e9 Moura vai opor embargos infringentes e de nulidade arguindo que o princ\u00edpio do in dubio pro r\u00e9u (na d\u00favida a favor do r\u00e9u) foi suprimido no julgamento. \u00c9 prov\u00e1vel que a manifesta\u00e7\u00e3o do ministro Lewandowiski sobre a exclus\u00e3o de 4 ministros na vota\u00e7\u00e3o da dosimetria da pena seja anexada aos autos do processo para embasar o pedido de anula\u00e7\u00e3o do julgamento.<\/p>\n<p>A trapalhada do STF vai obrigar a Corte a discutir as duas quest\u00f5es e aguardar a chegada do novo membro do Supremo. Com isso, se o julgamento da AP 973 e da AP 974 foi conclu\u00eddo com os votos de 10 ministros, a AP 969 n\u00e3o poderia ser retomada para o desempate. Tecnicamente o novo ministro do STF dever\u00e1 votar nas 3 a\u00e7\u00f5es, o que significa dizer que Lewandowski est\u00e1 certo em pedir novas sustenta\u00e7\u00f5es orais em todas as a\u00e7\u00f5es penais.<\/p>\n<p>Com informa\u00e7\u00f5es do Em Sergipe<\/p>\n","protected":false},"excerpt":{"rendered":"<p>O julgamento das tr\u00eas a\u00e7\u00f5es penais contra o ex-deputado, Andr\u00e9 Moura, no Supremo Tribunal Federal poder\u00e1 ser anulado porque 4 ministros n\u00e3o votaram na dosimetria da pena e o STF n\u00e3o obedeceu o princ\u00edpio universal de, em caso de empate, como na AP 969, (5 X 5) favorecer o r\u00e9u, e o que \u00e9 mais grave, deixou a vota\u00e7\u00e3o em aberto para o novo membro da Corte desempatar. O STF<\/p>\n","protected":false},"author":1,"featured_media":3046,"comment_status":"open","ping_status":"open","sticky":false,"template":"","format":"standard","meta":[],"categories":[18],"tags":[],"yoast_head":"<!-- This site is optimized with the Yoast SEO plugin v16.3 - https:\/\/yoast.com\/wordpress\/plugins\/seo\/ -->\n<title>SETE VIDAS: Julgamento de Andr\u00e9 Moura poder\u00e1 ser anulado, permitindo sua candidatura em 2022 - A defesa vai opor embargos infringentes e de nulidade - TRIBUNA DA PRAIA<\/title>\n<meta name=\"robots\" content=\"index, follow, max-snippet:-1, max-image-preview:large, max-video-preview:-1\" \/>\n<link rel=\"canonical\" href=\"https:\/\/tribunadapraia.com.br\/?p=3064\" \/>\n<meta property=\"og:locale\" content=\"pt_BR\" \/>\n<meta property=\"og:type\" content=\"article\" \/>\n<meta property=\"og:title\" content=\"SETE VIDAS: Julgamento de Andr\u00e9 Moura poder\u00e1 ser anulado, permitindo sua candidatura em 2022 - A defesa vai opor embargos infringentes e de nulidade - TRIBUNA DA PRAIA\" \/>\n<meta property=\"og:description\" content=\"O julgamento das tr\u00eas a\u00e7\u00f5es penais contra o ex-deputado, Andr\u00e9 Moura, no Supremo Tribunal Federal poder\u00e1 ser anulado porque 4 ministros n\u00e3o votaram na dosimetria da pena e o STF n\u00e3o obedeceu o princ\u00edpio universal de, em caso de empate, como na AP 969, (5 X 5) favorecer o r\u00e9u, e o que \u00e9 mais grave, deixou a vota\u00e7\u00e3o em aberto para o novo membro da Corte desempatar. O STF\" \/>\n<meta property=\"og:url\" content=\"https:\/\/tribunadapraia.com.br\/?p=3064\" \/>\n<meta property=\"og:site_name\" content=\"TRIBUNA DA PRAIA\" \/>\n<meta property=\"article:publisher\" content=\"https:\/\/www.facebook.com\/tribunadapraiaonline\/\" \/>\n<meta property=\"article:published_time\" content=\"2021-10-04T13:30:06+00:00\" \/>\n<meta property=\"article:modified_time\" content=\"2021-10-04T13:30:57+00:00\" \/>\n<meta property=\"og:image\" content=\"https:\/\/tribunadapraia.com.br\/wp-content\/uploads\/2021\/09\/andre-moura-psc.jpg\" \/>\n\t<meta property=\"og:image:width\" content=\"680\" \/>\n\t<meta property=\"og:image:height\" content=\"680\" \/>\n<meta name=\"twitter:card\" content=\"summary_large_image\" \/>\n<meta name=\"twitter:creator\" content=\"@Claudomir21\" \/>\n<meta name=\"twitter:site\" content=\"@Claudomir21\" \/>\n<meta name=\"twitter:label1\" content=\"Est. tempo de leitura\">\n\t<meta name=\"twitter:data1\" content=\"2 minutos\">\n<script type=\"application\/ld+json\" class=\"yoast-schema-graph\">{\"@context\":\"https:\/\/schema.org\",\"@graph\":[{\"@type\":\"Organization\",\"@id\":\"https:\/\/tribunadapraia.com.br\/#organization\",\"name\":\"Tribuna da Praia\",\"url\":\"https:\/\/tribunadapraia.com.br\/\",\"sameAs\":[\"https:\/\/www.facebook.com\/tribunadapraiaonline\/\",\"https:\/\/www.instagram.com\/claudomirtavares\/\",\"https:\/\/www.youtube.com\/channel\/UCwQf80nxiMzCefAyjbp53Rw\",\"https:\/\/twitter.com\/Claudomir21\"],\"logo\":{\"@type\":\"ImageObject\",\"@id\":\"https:\/\/tribunadapraia.com.br\/#logo\",\"inLanguage\":\"pt-BR\",\"url\":\"https:\/\/tribunadapraia.com.br\/wp-content\/uploads\/2020\/02\/logo.png\",\"contentUrl\":\"https:\/\/tribunadapraia.com.br\/wp-content\/uploads\/2020\/02\/logo.png\",\"width\":501,\"height\":121,\"caption\":\"Tribuna da Praia\"},\"image\":{\"@id\":\"https:\/\/tribunadapraia.com.br\/#logo\"}},{\"@type\":\"WebSite\",\"@id\":\"https:\/\/tribunadapraia.com.br\/#website\",\"url\":\"https:\/\/tribunadapraia.com.br\/\",\"name\":\"TRIBUNA DA PRAIA\",\"description\":\"O 1\\u00ba jornal do interior de Sergipe na internet\",\"publisher\":{\"@id\":\"https:\/\/tribunadapraia.com.br\/#organization\"},\"potentialAction\":[{\"@type\":\"SearchAction\",\"target\":\"https:\/\/tribunadapraia.com.br\/?s={search_term_string}\",\"query-input\":\"required name=search_term_string\"}],\"inLanguage\":\"pt-BR\"},{\"@type\":\"ImageObject\",\"@id\":\"https:\/\/tribunadapraia.com.br\/?p=3064#primaryimage\",\"inLanguage\":\"pt-BR\",\"url\":\"https:\/\/tribunadapraia.com.br\/wp-content\/uploads\/2021\/09\/andre-moura-psc.jpg\",\"contentUrl\":\"https:\/\/tribunadapraia.com.br\/wp-content\/uploads\/2021\/09\/andre-moura-psc.jpg\",\"width\":680,\"height\":680},{\"@type\":\"WebPage\",\"@id\":\"https:\/\/tribunadapraia.com.br\/?p=3064#webpage\",\"url\":\"https:\/\/tribunadapraia.com.br\/?p=3064\",\"name\":\"SETE VIDAS: Julgamento de Andr\\u00e9 Moura poder\\u00e1 ser anulado, permitindo sua candidatura em 2022 - A defesa vai opor embargos infringentes e de nulidade - TRIBUNA DA PRAIA\",\"isPartOf\":{\"@id\":\"https:\/\/tribunadapraia.com.br\/#website\"},\"primaryImageOfPage\":{\"@id\":\"https:\/\/tribunadapraia.com.br\/?p=3064#primaryimage\"},\"datePublished\":\"2021-10-04T13:30:06+00:00\",\"dateModified\":\"2021-10-04T13:30:57+00:00\",\"breadcrumb\":{\"@id\":\"https:\/\/tribunadapraia.com.br\/?p=3064#breadcrumb\"},\"inLanguage\":\"pt-BR\",\"potentialAction\":[{\"@type\":\"ReadAction\",\"target\":[\"https:\/\/tribunadapraia.com.br\/?p=3064\"]}]},{\"@type\":\"BreadcrumbList\",\"@id\":\"https:\/\/tribunadapraia.com.br\/?p=3064#breadcrumb\",\"itemListElement\":[{\"@type\":\"ListItem\",\"position\":1,\"item\":{\"@type\":\"WebPage\",\"@id\":\"https:\/\/tribunadapraia.com.br\/\",\"url\":\"https:\/\/tribunadapraia.com.br\/\",\"name\":\"In\\u00edcio\"}},{\"@type\":\"ListItem\",\"position\":2,\"item\":{\"@id\":\"https:\/\/tribunadapraia.com.br\/?p=3064#webpage\"}}]},{\"@type\":\"Article\",\"@id\":\"https:\/\/tribunadapraia.com.br\/?p=3064#article\",\"isPartOf\":{\"@id\":\"https:\/\/tribunadapraia.com.br\/?p=3064#webpage\"},\"author\":{\"@id\":\"https:\/\/tribunadapraia.com.br\/#\/schema\/person\/326b0a9f3163b479142c64eba4928de0\"},\"headline\":\"SETE VIDAS: Julgamento de Andr\\u00e9 Moura poder\\u00e1 ser anulado, permitindo sua candidatura em 2022 &#8211; A defesa vai opor embargos infringentes e de nulidade\",\"datePublished\":\"2021-10-04T13:30:06+00:00\",\"dateModified\":\"2021-10-04T13:30:57+00:00\",\"mainEntityOfPage\":{\"@id\":\"https:\/\/tribunadapraia.com.br\/?p=3064#webpage\"},\"wordCount\":404,\"commentCount\":0,\"publisher\":{\"@id\":\"https:\/\/tribunadapraia.com.br\/#organization\"},\"image\":{\"@id\":\"https:\/\/tribunadapraia.com.br\/?p=3064#primaryimage\"},\"thumbnailUrl\":\"https:\/\/tribunadapraia.com.br\/wp-content\/uploads\/2021\/09\/andre-moura-psc.jpg\",\"articleSection\":[\"Not\\u00edcias\"],\"inLanguage\":\"pt-BR\",\"potentialAction\":[{\"@type\":\"CommentAction\",\"name\":\"Comment\",\"target\":[\"https:\/\/tribunadapraia.com.br\/?p=3064#respond\"]}]},{\"@type\":\"Person\",\"@id\":\"https:\/\/tribunadapraia.com.br\/#\/schema\/person\/326b0a9f3163b479142c64eba4928de0\",\"name\":\"tribunadapraia\",\"image\":{\"@type\":\"ImageObject\",\"@id\":\"https:\/\/tribunadapraia.com.br\/#personlogo\",\"inLanguage\":\"pt-BR\",\"url\":\"https:\/\/secure.gravatar.com\/avatar\/38b019c74762496076b7355024a0dad9?s=96&d=identicon&r=g\",\"contentUrl\":\"https:\/\/secure.gravatar.com\/avatar\/38b019c74762496076b7355024a0dad9?s=96&d=identicon&r=g\",\"caption\":\"tribunadapraia\"}}]}<\/script>\n<!-- \/ Yoast SEO plugin. -->","wps_subtitle":"","_links":{"self":[{"href":"https:\/\/tribunadapraia.com.br\/index.php?rest_route=\/wp\/v2\/posts\/3064"}],"collection":[{"href":"https:\/\/tribunadapraia.com.br\/index.php?rest_route=\/wp\/v2\/posts"}],"about":[{"href":"https:\/\/tribunadapraia.com.br\/index.php?rest_route=\/wp\/v2\/types\/post"}],"author":[{"embeddable":true,"href":"https:\/\/tribunadapraia.com.br\/index.php?rest_route=\/wp\/v2\/users\/1"}],"replies":[{"embeddable":true,"href":"https:\/\/tribunadapraia.com.br\/index.php?rest_route=%2Fwp%2Fv2%2Fcomments&post=3064"}],"version-history":[{"count":1,"href":"https:\/\/tribunadapraia.com.br\/index.php?rest_route=\/wp\/v2\/posts\/3064\/revisions"}],"predecessor-version":[{"id":3065,"href":"https:\/\/tribunadapraia.com.br\/index.php?rest_route=\/wp\/v2\/posts\/3064\/revisions\/3065"}],"wp:featuredmedia":[{"embeddable":true,"href":"https:\/\/tribunadapraia.com.br\/index.php?rest_route=\/wp\/v2\/media\/3046"}],"wp:attachment":[{"href":"https:\/\/tribunadapraia.com.br\/index.php?rest_route=%2Fwp%2Fv2%2Fmedia&parent=3064"}],"wp:term":[{"taxonomy":"category","embeddable":true,"href":"https:\/\/tribunadapraia.com.br\/index.php?rest_route=%2Fwp%2Fv2%2Fcategories&post=3064"},{"taxonomy":"post_tag","embeddable":true,"href":"https:\/\/tribunadapraia.com.br\/index.php?rest_route=%2Fwp%2Fv2%2Ftags&post=3064"}],"curies":[{"name":"wp","href":"https:\/\/api.w.org\/{rel}","templated":true}]}}