{"id":3061,"date":"2021-10-03T12:45:07","date_gmt":"2021-10-03T15:45:07","guid":{"rendered":"https:\/\/tribunadapraia.com.br\/?p=3061"},"modified":"2021-10-03T12:46:21","modified_gmt":"2021-10-03T15:46:21","slug":"cronica-o-roubo-do-doce-de-banana-peguei-o-cabo-da-colher-de-pau-e-com-muito-cuidado-consegui-abrir-o","status":"publish","type":"post","link":"https:\/\/tribunadapraia.com.br\/?p=3061","title":{"rendered":"Cr\u00f4nica: O ROUBO DO DOCE DE BANANA &#8211; Peguei o cabo da colher de pau e, com muito cuidado, consegui abrir o &#8230;"},"content":{"rendered":"<p>Nada se comparava aos olhares tenebrosos daqueles que torciam para que a dieta desse certo.<\/p>\n<p>* por Nicy Alves<\/p>\n<p>A hist\u00f3ria come\u00e7a h\u00e1 alguns anos, quando tive de iniciar uma dieta e emagrecer a todo custo \u2013 o projeto ainda n\u00e3o deu certo (risos).<\/p>\n<p>Tudo era muito dif\u00edcil. Sucumbir aos deliciosos p\u00e3es, bolachas, lasanhas&#8230; Enfim, coisas que n\u00e3o sei quem inventou: Deus ou o diabo.<\/p>\n<p>Nada se comparava aos olhares tenebrosos daqueles que torciam para que a dieta desse certo. Bem, aqui vamos n\u00f3s.<\/p>\n<p>Numa linda tarde de s\u00e1bado, era de costume ir \u00e0 casa de mam\u00e3e\u2013lugar simples, mas confesso que na mesa e geladeira comida gostosa n\u00e3o faltava. Mam\u00e3e e papai tinham talento pr\u00f3prio para cada preparo, por\u00e9m papai ficava bem longe dos enormes caldeir\u00f5es de doce que dona Lenaide, com suas m\u00e3os m\u00e1gicas, preparava.<\/p>\n<p>Os doces eram cozidos num fog\u00e3o \u00e0 lenha constru\u00eddo por papai no fundo do quintal, mas mam\u00e3e n\u00e3o permitia que ele degustasse, n\u00e3o por maldade \u2013 ele sofria de diabetes. Logo ele que amava doces.<\/p>\n<p>Assim que cheguei ao port\u00e3o da casa, o danado do aroma veio me receber. Era de ir ao c\u00e9u e voltar. Imaginei logo: &#8220;o bicho hoje vai pegar&#8221;.<\/p>\n<p>Entrei, pedi a ben\u00e7\u00e3o (coisa sagrada at\u00e9 hoje) \u00e0 mam\u00e3e que estava pr\u00f3ximo \u00e0 m\u00e1quina de costura. Nesse momento, minha mente n\u00e3o conseguiu dominar meus p\u00e9s e, num instante, j\u00e1 estava no quintal.<\/p>\n<p>Peguei o cabo da colher de pau e, com muito cuidado, consegui abrir o enorme caldeir\u00e3o e ver uma linda espuma rosada: era sinal de que o doce estava quase no ponto. Mas ao tentar recolocar a tampa de onde nunca deveria ter tirado, a danada da colher escorregou e, pronto, o alerta de que tinha gato em cima do fog\u00e3o bateu e mam\u00e3e parecia uma mulher encantada \u2013 antes mesmo de um piscar de olhos, ela j\u00e1 estava em cima de mim.<\/p>\n<p>\u2013Tire os olhos da\u00ed, voc\u00ea n\u00e3o vai nem beliscar. J\u00e1 esqueceu que t\u00e1 de dieta?<\/p>\n<p>Um sentimento de tristeza me arrebatou. Ela pegou a enorme colher, deu uma mexida bem delicada no doce e, percebendo que acabara de ficar pronto, chamou papai e pediu pra retirar o caldeir\u00e3o do fog\u00e3o de lenha e colocar em cima do fog\u00e3o a g\u00e1s para esfriar.<\/p>\n<p>Ap\u00f3s o t\u00e9rmino da tarefa, mam\u00e3e convidou a todos pra sentarem-se \u00e0 porta do vizinho de frente porque j\u00e1 havia sombra no local. O calor estava me matando, mas confesso que fui a contragosto.<\/p>\n<p>Papai resolveu deitar-se no quarto e ligar o ventilador, como era de costume. Por\u00e9m, essa atitude foi minimamente estrat\u00e9gica.<\/p>\n<p>Ap\u00f3s um bom tempo na fresca (mas o pensamento no doce), resolvi dar in\u00edcio ao meu plano. Levantei rapidamente, dizendo que estava apertada pra ir ao banheiro e corri em dire\u00e7\u00e3o ao port\u00e3o.<\/p>\n<p>Chegando \u00e0 cozinha, o aroma continuava. O caldeir\u00e3o estava envolvido num pano extremamente branco. Com muito cuidado, um olho no caldeir\u00e3o e outro no corredor, caprichei nas colheradas. Enchi meu copo at\u00e9 onde pude. Peguei uma colher e resolvi me esconder no fundo do quintal, na barraca do fog\u00e3o \u00e0 lenha. Mas ao chegar ao meu esconderijo, percebi que n\u00e3o tinha sido eu a \u00fanica pessoa que resolveu roubar o doce de banana. Esbarrei-me com papai, que n\u00e3o dava descanso na colher. O susto foi t\u00e3o grande de n\u00f3s dois que nosso doce quase parou no teto. N\u00e3o deu outra e ca\u00edmos na gargalhada, o que acabou trazendo todos para dentro de casa e, assim, DESCOBRIRAM O NOSSO T\u00c3O PRECIOSO SEGREDO.<\/p>\n<p>* Nucy Alves escreve aos domingos na Tribuna da Praia<\/p>\n<p>(1) Esses e outros textos voc\u00ea encontrar\u00e1 na p\u00e1gina &#8211; https:\/\/m.facebook.com\/poetanicyalves\/<\/p>\n","protected":false},"excerpt":{"rendered":"<p>Nada se comparava aos olhares tenebrosos daqueles que torciam para que a dieta desse certo. * por Nicy Alves A hist\u00f3ria come\u00e7a h\u00e1 alguns anos, quando tive de iniciar uma dieta e emagrecer a todo custo \u2013 o projeto ainda n\u00e3o deu certo (risos). Tudo era muito dif\u00edcil. Sucumbir aos deliciosos p\u00e3es, bolachas, lasanhas&#8230; Enfim, coisas que n\u00e3o sei quem inventou: Deus ou o diabo. Nada se comparava aos olhares<\/p>\n","protected":false},"author":1,"featured_media":3062,"comment_status":"open","ping_status":"open","sticky":false,"template":"","format":"standard","meta":[],"categories":[18],"tags":[],"yoast_head":"<!-- This site is optimized with the Yoast SEO plugin v16.3 - https:\/\/yoast.com\/wordpress\/plugins\/seo\/ -->\n<title>Cr\u00f4nica: O ROUBO DO DOCE DE BANANA - Peguei o cabo da colher de pau e, com muito cuidado, consegui abrir o ... - TRIBUNA DA PRAIA<\/title>\n<meta name=\"robots\" content=\"index, follow, max-snippet:-1, max-image-preview:large, max-video-preview:-1\" \/>\n<link rel=\"canonical\" href=\"https:\/\/tribunadapraia.com.br\/?p=3061\" \/>\n<meta property=\"og:locale\" content=\"pt_BR\" \/>\n<meta property=\"og:type\" content=\"article\" \/>\n<meta property=\"og:title\" content=\"Cr\u00f4nica: O ROUBO DO DOCE DE BANANA - Peguei o cabo da colher de pau e, com muito cuidado, consegui abrir o ... - TRIBUNA DA PRAIA\" \/>\n<meta property=\"og:description\" content=\"Nada se comparava aos olhares tenebrosos daqueles que torciam para que a dieta desse certo. * por Nicy Alves A hist\u00f3ria come\u00e7a h\u00e1 alguns anos, quando tive de iniciar uma dieta e emagrecer a todo custo \u2013 o projeto ainda n\u00e3o deu certo (risos). Tudo era muito dif\u00edcil. Sucumbir aos deliciosos p\u00e3es, bolachas, lasanhas&#8230; Enfim, coisas que n\u00e3o sei quem inventou: Deus ou o diabo. Nada se comparava aos olhares\" \/>\n<meta property=\"og:url\" content=\"https:\/\/tribunadapraia.com.br\/?p=3061\" \/>\n<meta property=\"og:site_name\" content=\"TRIBUNA DA PRAIA\" \/>\n<meta property=\"article:publisher\" content=\"https:\/\/www.facebook.com\/tribunadapraiaonline\/\" \/>\n<meta property=\"article:published_time\" content=\"2021-10-03T15:45:07+00:00\" \/>\n<meta property=\"article:modified_time\" content=\"2021-10-03T15:46:21+00:00\" \/>\n<meta property=\"og:image\" content=\"https:\/\/tribunadapraia.com.br\/wp-content\/uploads\/2021\/10\/Doce-de-Banana-Light-1.jpg\" \/>\n\t<meta property=\"og:image:width\" content=\"1094\" \/>\n\t<meta property=\"og:image:height\" content=\"1066\" \/>\n<meta name=\"twitter:card\" content=\"summary_large_image\" \/>\n<meta name=\"twitter:creator\" content=\"@Claudomir21\" \/>\n<meta name=\"twitter:site\" content=\"@Claudomir21\" \/>\n<meta name=\"twitter:label1\" content=\"Est. tempo de leitura\">\n\t<meta name=\"twitter:data1\" content=\"3 minutos\">\n<script type=\"application\/ld+json\" class=\"yoast-schema-graph\">{\"@context\":\"https:\/\/schema.org\",\"@graph\":[{\"@type\":\"Organization\",\"@id\":\"https:\/\/tribunadapraia.com.br\/#organization\",\"name\":\"Tribuna da Praia\",\"url\":\"https:\/\/tribunadapraia.com.br\/\",\"sameAs\":[\"https:\/\/www.facebook.com\/tribunadapraiaonline\/\",\"https:\/\/www.instagram.com\/claudomirtavares\/\",\"https:\/\/www.youtube.com\/channel\/UCwQf80nxiMzCefAyjbp53Rw\",\"https:\/\/twitter.com\/Claudomir21\"],\"logo\":{\"@type\":\"ImageObject\",\"@id\":\"https:\/\/tribunadapraia.com.br\/#logo\",\"inLanguage\":\"pt-BR\",\"url\":\"https:\/\/tribunadapraia.com.br\/wp-content\/uploads\/2020\/02\/logo.png\",\"contentUrl\":\"https:\/\/tribunadapraia.com.br\/wp-content\/uploads\/2020\/02\/logo.png\",\"width\":501,\"height\":121,\"caption\":\"Tribuna da Praia\"},\"image\":{\"@id\":\"https:\/\/tribunadapraia.com.br\/#logo\"}},{\"@type\":\"WebSite\",\"@id\":\"https:\/\/tribunadapraia.com.br\/#website\",\"url\":\"https:\/\/tribunadapraia.com.br\/\",\"name\":\"TRIBUNA DA PRAIA\",\"description\":\"O 1\\u00ba jornal do interior de Sergipe na internet\",\"publisher\":{\"@id\":\"https:\/\/tribunadapraia.com.br\/#organization\"},\"potentialAction\":[{\"@type\":\"SearchAction\",\"target\":\"https:\/\/tribunadapraia.com.br\/?s={search_term_string}\",\"query-input\":\"required name=search_term_string\"}],\"inLanguage\":\"pt-BR\"},{\"@type\":\"ImageObject\",\"@id\":\"https:\/\/tribunadapraia.com.br\/?p=3061#primaryimage\",\"inLanguage\":\"pt-BR\",\"url\":\"https:\/\/tribunadapraia.com.br\/wp-content\/uploads\/2021\/10\/Doce-de-Banana-Light-1.jpg\",\"contentUrl\":\"https:\/\/tribunadapraia.com.br\/wp-content\/uploads\/2021\/10\/Doce-de-Banana-Light-1.jpg\",\"width\":1094,\"height\":1066},{\"@type\":\"WebPage\",\"@id\":\"https:\/\/tribunadapraia.com.br\/?p=3061#webpage\",\"url\":\"https:\/\/tribunadapraia.com.br\/?p=3061\",\"name\":\"Cr\\u00f4nica: O ROUBO DO DOCE DE BANANA - Peguei o cabo da colher de pau e, com muito cuidado, consegui abrir o ... - TRIBUNA DA PRAIA\",\"isPartOf\":{\"@id\":\"https:\/\/tribunadapraia.com.br\/#website\"},\"primaryImageOfPage\":{\"@id\":\"https:\/\/tribunadapraia.com.br\/?p=3061#primaryimage\"},\"datePublished\":\"2021-10-03T15:45:07+00:00\",\"dateModified\":\"2021-10-03T15:46:21+00:00\",\"breadcrumb\":{\"@id\":\"https:\/\/tribunadapraia.com.br\/?p=3061#breadcrumb\"},\"inLanguage\":\"pt-BR\",\"potentialAction\":[{\"@type\":\"ReadAction\",\"target\":[\"https:\/\/tribunadapraia.com.br\/?p=3061\"]}]},{\"@type\":\"BreadcrumbList\",\"@id\":\"https:\/\/tribunadapraia.com.br\/?p=3061#breadcrumb\",\"itemListElement\":[{\"@type\":\"ListItem\",\"position\":1,\"item\":{\"@type\":\"WebPage\",\"@id\":\"https:\/\/tribunadapraia.com.br\/\",\"url\":\"https:\/\/tribunadapraia.com.br\/\",\"name\":\"In\\u00edcio\"}},{\"@type\":\"ListItem\",\"position\":2,\"item\":{\"@id\":\"https:\/\/tribunadapraia.com.br\/?p=3061#webpage\"}}]},{\"@type\":\"Article\",\"@id\":\"https:\/\/tribunadapraia.com.br\/?p=3061#article\",\"isPartOf\":{\"@id\":\"https:\/\/tribunadapraia.com.br\/?p=3061#webpage\"},\"author\":{\"@id\":\"https:\/\/tribunadapraia.com.br\/#\/schema\/person\/326b0a9f3163b479142c64eba4928de0\"},\"headline\":\"Cr\\u00f4nica: O ROUBO DO DOCE DE BANANA &#8211; Peguei o cabo da colher de pau e, com muito cuidado, consegui abrir o &#8230;\",\"datePublished\":\"2021-10-03T15:45:07+00:00\",\"dateModified\":\"2021-10-03T15:46:21+00:00\",\"mainEntityOfPage\":{\"@id\":\"https:\/\/tribunadapraia.com.br\/?p=3061#webpage\"},\"wordCount\":677,\"commentCount\":0,\"publisher\":{\"@id\":\"https:\/\/tribunadapraia.com.br\/#organization\"},\"image\":{\"@id\":\"https:\/\/tribunadapraia.com.br\/?p=3061#primaryimage\"},\"thumbnailUrl\":\"https:\/\/tribunadapraia.com.br\/wp-content\/uploads\/2021\/10\/Doce-de-Banana-Light-1.jpg\",\"articleSection\":[\"Not\\u00edcias\"],\"inLanguage\":\"pt-BR\",\"potentialAction\":[{\"@type\":\"CommentAction\",\"name\":\"Comment\",\"target\":[\"https:\/\/tribunadapraia.com.br\/?p=3061#respond\"]}]},{\"@type\":\"Person\",\"@id\":\"https:\/\/tribunadapraia.com.br\/#\/schema\/person\/326b0a9f3163b479142c64eba4928de0\",\"name\":\"tribunadapraia\",\"image\":{\"@type\":\"ImageObject\",\"@id\":\"https:\/\/tribunadapraia.com.br\/#personlogo\",\"inLanguage\":\"pt-BR\",\"url\":\"https:\/\/secure.gravatar.com\/avatar\/38b019c74762496076b7355024a0dad9?s=96&d=identicon&r=g\",\"contentUrl\":\"https:\/\/secure.gravatar.com\/avatar\/38b019c74762496076b7355024a0dad9?s=96&d=identicon&r=g\",\"caption\":\"tribunadapraia\"}}]}<\/script>\n<!-- \/ Yoast SEO plugin. -->","wps_subtitle":"","_links":{"self":[{"href":"https:\/\/tribunadapraia.com.br\/index.php?rest_route=\/wp\/v2\/posts\/3061"}],"collection":[{"href":"https:\/\/tribunadapraia.com.br\/index.php?rest_route=\/wp\/v2\/posts"}],"about":[{"href":"https:\/\/tribunadapraia.com.br\/index.php?rest_route=\/wp\/v2\/types\/post"}],"author":[{"embeddable":true,"href":"https:\/\/tribunadapraia.com.br\/index.php?rest_route=\/wp\/v2\/users\/1"}],"replies":[{"embeddable":true,"href":"https:\/\/tribunadapraia.com.br\/index.php?rest_route=%2Fwp%2Fv2%2Fcomments&post=3061"}],"version-history":[{"count":1,"href":"https:\/\/tribunadapraia.com.br\/index.php?rest_route=\/wp\/v2\/posts\/3061\/revisions"}],"predecessor-version":[{"id":3063,"href":"https:\/\/tribunadapraia.com.br\/index.php?rest_route=\/wp\/v2\/posts\/3061\/revisions\/3063"}],"wp:featuredmedia":[{"embeddable":true,"href":"https:\/\/tribunadapraia.com.br\/index.php?rest_route=\/wp\/v2\/media\/3062"}],"wp:attachment":[{"href":"https:\/\/tribunadapraia.com.br\/index.php?rest_route=%2Fwp%2Fv2%2Fmedia&parent=3061"}],"wp:term":[{"taxonomy":"category","embeddable":true,"href":"https:\/\/tribunadapraia.com.br\/index.php?rest_route=%2Fwp%2Fv2%2Fcategories&post=3061"},{"taxonomy":"post_tag","embeddable":true,"href":"https:\/\/tribunadapraia.com.br\/index.php?rest_route=%2Fwp%2Fv2%2Ftags&post=3061"}],"curies":[{"name":"wp","href":"https:\/\/api.w.org\/{rel}","templated":true}]}}