{"id":3054,"date":"2021-09-27T10:11:33","date_gmt":"2021-09-27T13:11:33","guid":{"rendered":"https:\/\/tribunadapraia.com.br\/?p=3054"},"modified":"2021-09-27T10:11:33","modified_gmt":"2021-09-27T13:11:33","slug":"cronica-uma-historia-quase-i-real-sem-fim","status":"publish","type":"post","link":"https:\/\/tribunadapraia.com.br\/?p=3054","title":{"rendered":"Cr\u00f4nica: Uma hist\u00f3ria (quase) i-Real &#8230; sem fim"},"content":{"rendered":"<p>por ClaudOmir Herzog<\/p>\n<p>1. Pr\u00f3logo<\/p>\n<p>Em um reino t\u00e3o, t\u00e3o, t\u00e3o &#8230; distante que parece at\u00e9 t\u00e3o, t\u00e3o, t\u00e3o, &#8230; perto de n\u00f3s, ali\u00e1s, que vivemos ou o conhecemos. Ou que o surrealismo, quem sabe o in-imagin\u00e1vel nos remete a uma condi\u00e7\u00e3o real, mas qualquer semelhan\u00e7a com hist\u00f3rias ou pessoas contempor\u00e2neas, ter\u00e1 sido mera coincid\u00eancia. No tempo pode ter ocorrido no s\u00e9culo XVII ou em nosso s\u00e9culo XXI. No espa\u00e7o, pode est\u00e1 situado na Europa Ocidental ou na Am\u00e9rica do Sul, mas se prefere, na minha, na sua, em nossa cidade. \u00c9 a hist\u00f3ria de um Rei que recrutou parte de sua fam\u00edlia (rainha, pr\u00edncipe, entre outros) para com ele ou por ele administrar ou gerenciar o reino e por consequ\u00eancia a vida dos s\u00fabitos, dos desvalidos plebeus.<\/p>\n<p>Continua &#8230;<\/p>\n","protected":false},"excerpt":{"rendered":"<p>por ClaudOmir Herzog 1. Pr\u00f3logo Em um reino t\u00e3o, t\u00e3o, t\u00e3o &#8230; distante que parece at\u00e9 t\u00e3o, t\u00e3o, t\u00e3o, &#8230; perto de n\u00f3s, ali\u00e1s, que vivemos ou o conhecemos. Ou que o surrealismo, quem sabe o in-imagin\u00e1vel nos remete a uma condi\u00e7\u00e3o real, mas qualquer semelhan\u00e7a com hist\u00f3rias ou pessoas contempor\u00e2neas, ter\u00e1 sido mera coincid\u00eancia. No tempo pode ter ocorrido no s\u00e9culo XVII ou em nosso s\u00e9culo XXI. No espa\u00e7o,<\/p>\n","protected":false},"author":3,"featured_media":3055,"comment_status":"open","ping_status":"open","sticky":false,"template":"","format":"standard","meta":[],"categories":[18],"tags":[],"yoast_head":"<!-- This site is optimized with the Yoast SEO plugin v16.3 - https:\/\/yoast.com\/wordpress\/plugins\/seo\/ -->\n<title>Cr\u00f4nica: Uma hist\u00f3ria (quase) i-Real ... sem fim - TRIBUNA DA PRAIA<\/title>\n<meta name=\"robots\" content=\"index, follow, max-snippet:-1, max-image-preview:large, max-video-preview:-1\" \/>\n<link rel=\"canonical\" href=\"https:\/\/tribunadapraia.com.br\/?p=3054\" \/>\n<meta property=\"og:locale\" content=\"pt_BR\" \/>\n<meta property=\"og:type\" content=\"article\" \/>\n<meta property=\"og:title\" content=\"Cr\u00f4nica: Uma hist\u00f3ria (quase) i-Real ... sem fim - TRIBUNA DA PRAIA\" \/>\n<meta property=\"og:description\" content=\"por ClaudOmir Herzog 1. Pr\u00f3logo Em um reino t\u00e3o, t\u00e3o, t\u00e3o &#8230; distante que parece at\u00e9 t\u00e3o, t\u00e3o, t\u00e3o, &#8230; perto de n\u00f3s, ali\u00e1s, que vivemos ou o conhecemos. Ou que o surrealismo, quem sabe o in-imagin\u00e1vel nos remete a uma condi\u00e7\u00e3o real, mas qualquer semelhan\u00e7a com hist\u00f3rias ou pessoas contempor\u00e2neas, ter\u00e1 sido mera coincid\u00eancia. No tempo pode ter ocorrido no s\u00e9culo XVII ou em nosso s\u00e9culo XXI. No espa\u00e7o,\" \/>\n<meta property=\"og:url\" content=\"https:\/\/tribunadapraia.com.br\/?p=3054\" \/>\n<meta property=\"og:site_name\" content=\"TRIBUNA DA PRAIA\" \/>\n<meta property=\"article:publisher\" content=\"https:\/\/www.facebook.com\/tribunadapraiaonline\/\" \/>\n<meta property=\"article:published_time\" content=\"2021-09-27T13:11:33+00:00\" \/>\n<meta property=\"og:image\" content=\"https:\/\/tribunadapraia.com.br\/wp-content\/uploads\/2021\/09\/castelo-enrolados.jpg\" \/>\n\t<meta property=\"og:image:width\" content=\"1920\" \/>\n\t<meta property=\"og:image:height\" content=\"1080\" \/>\n<meta name=\"twitter:card\" content=\"summary_large_image\" \/>\n<meta name=\"twitter:creator\" content=\"@Claudomir21\" \/>\n<meta name=\"twitter:site\" content=\"@Claudomir21\" \/>\n<meta name=\"twitter:label1\" content=\"Est. tempo de leitura\">\n\t<meta name=\"twitter:data1\" content=\"1 minuto\">\n<script type=\"application\/ld+json\" class=\"yoast-schema-graph\">{\"@context\":\"https:\/\/schema.org\",\"@graph\":[{\"@type\":\"Organization\",\"@id\":\"https:\/\/tribunadapraia.com.br\/#organization\",\"name\":\"Tribuna da Praia\",\"url\":\"https:\/\/tribunadapraia.com.br\/\",\"sameAs\":[\"https:\/\/www.facebook.com\/tribunadapraiaonline\/\",\"https:\/\/www.instagram.com\/claudomirtavares\/\",\"https:\/\/www.youtube.com\/channel\/UCwQf80nxiMzCefAyjbp53Rw\",\"https:\/\/twitter.com\/Claudomir21\"],\"logo\":{\"@type\":\"ImageObject\",\"@id\":\"https:\/\/tribunadapraia.com.br\/#logo\",\"inLanguage\":\"pt-BR\",\"url\":\"https:\/\/tribunadapraia.com.br\/wp-content\/uploads\/2020\/02\/logo.png\",\"contentUrl\":\"https:\/\/tribunadapraia.com.br\/wp-content\/uploads\/2020\/02\/logo.png\",\"width\":501,\"height\":121,\"caption\":\"Tribuna da Praia\"},\"image\":{\"@id\":\"https:\/\/tribunadapraia.com.br\/#logo\"}},{\"@type\":\"WebSite\",\"@id\":\"https:\/\/tribunadapraia.com.br\/#website\",\"url\":\"https:\/\/tribunadapraia.com.br\/\",\"name\":\"TRIBUNA DA PRAIA\",\"description\":\"O 1\\u00ba jornal do interior de Sergipe na internet\",\"publisher\":{\"@id\":\"https:\/\/tribunadapraia.com.br\/#organization\"},\"potentialAction\":[{\"@type\":\"SearchAction\",\"target\":\"https:\/\/tribunadapraia.com.br\/?s={search_term_string}\",\"query-input\":\"required name=search_term_string\"}],\"inLanguage\":\"pt-BR\"},{\"@type\":\"ImageObject\",\"@id\":\"https:\/\/tribunadapraia.com.br\/?p=3054#primaryimage\",\"inLanguage\":\"pt-BR\",\"url\":\"https:\/\/tribunadapraia.com.br\/wp-content\/uploads\/2021\/09\/castelo-enrolados.jpg\",\"contentUrl\":\"https:\/\/tribunadapraia.com.br\/wp-content\/uploads\/2021\/09\/castelo-enrolados.jpg\",\"width\":1920,\"height\":1080},{\"@type\":\"WebPage\",\"@id\":\"https:\/\/tribunadapraia.com.br\/?p=3054#webpage\",\"url\":\"https:\/\/tribunadapraia.com.br\/?p=3054\",\"name\":\"Cr\\u00f4nica: Uma hist\\u00f3ria (quase) i-Real ... sem fim - TRIBUNA DA PRAIA\",\"isPartOf\":{\"@id\":\"https:\/\/tribunadapraia.com.br\/#website\"},\"primaryImageOfPage\":{\"@id\":\"https:\/\/tribunadapraia.com.br\/?p=3054#primaryimage\"},\"datePublished\":\"2021-09-27T13:11:33+00:00\",\"dateModified\":\"2021-09-27T13:11:33+00:00\",\"breadcrumb\":{\"@id\":\"https:\/\/tribunadapraia.com.br\/?p=3054#breadcrumb\"},\"inLanguage\":\"pt-BR\",\"potentialAction\":[{\"@type\":\"ReadAction\",\"target\":[\"https:\/\/tribunadapraia.com.br\/?p=3054\"]}]},{\"@type\":\"BreadcrumbList\",\"@id\":\"https:\/\/tribunadapraia.com.br\/?p=3054#breadcrumb\",\"itemListElement\":[{\"@type\":\"ListItem\",\"position\":1,\"item\":{\"@type\":\"WebPage\",\"@id\":\"https:\/\/tribunadapraia.com.br\/\",\"url\":\"https:\/\/tribunadapraia.com.br\/\",\"name\":\"In\\u00edcio\"}},{\"@type\":\"ListItem\",\"position\":2,\"item\":{\"@id\":\"https:\/\/tribunadapraia.com.br\/?p=3054#webpage\"}}]},{\"@type\":\"Article\",\"@id\":\"https:\/\/tribunadapraia.com.br\/?p=3054#article\",\"isPartOf\":{\"@id\":\"https:\/\/tribunadapraia.com.br\/?p=3054#webpage\"},\"author\":{\"@id\":\"https:\/\/tribunadapraia.com.br\/#\/schema\/person\/099fbbf59acc5895c0d7d52b4fc46c97\"},\"headline\":\"Cr\\u00f4nica: Uma hist\\u00f3ria (quase) i-Real &#8230; sem fim\",\"datePublished\":\"2021-09-27T13:11:33+00:00\",\"dateModified\":\"2021-09-27T13:11:33+00:00\",\"mainEntityOfPage\":{\"@id\":\"https:\/\/tribunadapraia.com.br\/?p=3054#webpage\"},\"wordCount\":158,\"commentCount\":0,\"publisher\":{\"@id\":\"https:\/\/tribunadapraia.com.br\/#organization\"},\"image\":{\"@id\":\"https:\/\/tribunadapraia.com.br\/?p=3054#primaryimage\"},\"thumbnailUrl\":\"https:\/\/tribunadapraia.com.br\/wp-content\/uploads\/2021\/09\/castelo-enrolados.jpg\",\"articleSection\":[\"Not\\u00edcias\"],\"inLanguage\":\"pt-BR\",\"potentialAction\":[{\"@type\":\"CommentAction\",\"name\":\"Comment\",\"target\":[\"https:\/\/tribunadapraia.com.br\/?p=3054#respond\"]}]},{\"@type\":\"Person\",\"@id\":\"https:\/\/tribunadapraia.com.br\/#\/schema\/person\/099fbbf59acc5895c0d7d52b4fc46c97\",\"name\":\"Reda\\u00e7\\u00e3o\",\"image\":{\"@type\":\"ImageObject\",\"@id\":\"https:\/\/tribunadapraia.com.br\/#personlogo\",\"inLanguage\":\"pt-BR\",\"url\":\"https:\/\/secure.gravatar.com\/avatar\/91c8b91d2bfd7784eac5c3e055361f64?s=96&d=identicon&r=g\",\"contentUrl\":\"https:\/\/secure.gravatar.com\/avatar\/91c8b91d2bfd7784eac5c3e055361f64?s=96&d=identicon&r=g\",\"caption\":\"Reda\\u00e7\\u00e3o\"}}]}<\/script>\n<!-- \/ Yoast SEO plugin. -->","wps_subtitle":"","_links":{"self":[{"href":"https:\/\/tribunadapraia.com.br\/index.php?rest_route=\/wp\/v2\/posts\/3054"}],"collection":[{"href":"https:\/\/tribunadapraia.com.br\/index.php?rest_route=\/wp\/v2\/posts"}],"about":[{"href":"https:\/\/tribunadapraia.com.br\/index.php?rest_route=\/wp\/v2\/types\/post"}],"author":[{"embeddable":true,"href":"https:\/\/tribunadapraia.com.br\/index.php?rest_route=\/wp\/v2\/users\/3"}],"replies":[{"embeddable":true,"href":"https:\/\/tribunadapraia.com.br\/index.php?rest_route=%2Fwp%2Fv2%2Fcomments&post=3054"}],"version-history":[{"count":1,"href":"https:\/\/tribunadapraia.com.br\/index.php?rest_route=\/wp\/v2\/posts\/3054\/revisions"}],"predecessor-version":[{"id":3056,"href":"https:\/\/tribunadapraia.com.br\/index.php?rest_route=\/wp\/v2\/posts\/3054\/revisions\/3056"}],"wp:featuredmedia":[{"embeddable":true,"href":"https:\/\/tribunadapraia.com.br\/index.php?rest_route=\/wp\/v2\/media\/3055"}],"wp:attachment":[{"href":"https:\/\/tribunadapraia.com.br\/index.php?rest_route=%2Fwp%2Fv2%2Fmedia&parent=3054"}],"wp:term":[{"taxonomy":"category","embeddable":true,"href":"https:\/\/tribunadapraia.com.br\/index.php?rest_route=%2Fwp%2Fv2%2Fcategories&post=3054"},{"taxonomy":"post_tag","embeddable":true,"href":"https:\/\/tribunadapraia.com.br\/index.php?rest_route=%2Fwp%2Fv2%2Ftags&post=3054"}],"curies":[{"name":"wp","href":"https:\/\/api.w.org\/{rel}","templated":true}]}}