{"id":3048,"date":"2021-09-26T13:07:55","date_gmt":"2021-09-26T16:07:55","guid":{"rendered":"https:\/\/tribunadapraia.com.br\/?p=3048"},"modified":"2021-09-26T18:38:38","modified_gmt":"2021-09-26T21:38:38","slug":"3048","status":"publish","type":"post","link":"https:\/\/tribunadapraia.com.br\/?p=3048","title":{"rendered":"Cr\u00f4mica: UM OVNI NA PRAIA DA COSTA &#8211; &#8230; o mar levantavam v\u00f4o como uma sinfonia &#8230;"},"content":{"rendered":"<p>Euforia e medo ainda se faziam presentes em n\u00f3s quando os pescadores chegaram (1)<\/p>\n<ul>\n<li>por Nicy Alves<\/li>\n<\/ul>\n<p>A noite estava gelada, o vento soprava forte e as ondas do mar levantavam v\u00f4o como uma sinfonia orquestrada.<\/p>\n<p>Como mor\u00e1vamos na praia, o jantar era servido cedo, no final da tarde. Os homens tinham combinado uma pescaria ao anoitecer. Segundo eles, a lua favorecia essa empreitada e, possivelmente, prometia um farto caf\u00e9-da-manh\u00e3 com peixes e camar\u00f5es fritos, acompanhados de um delicioso cuscuz de milho. Da varanda do pequeno sobradinho, montado com sobra de madeira, eu, minha irm\u00e3 J\u00falia, meus sobrinhos e meus filhos mant\u00ednhamos o olhar fixo nos pescadores, que seguiam em dire\u00e7\u00e3o um ponto estrat\u00e9gico. Era ali, \u00e0 beira mar, pr\u00f3ximo a um hotel, que as redes eram lan\u00e7adas e arrastadas com maestria.<\/p>\n<p>Ali, sentados, fic\u00e1vamos na expectativa da finaliza\u00e7\u00e3o do primeiro lance. Ap\u00f3s algumas horas, dali de onde est\u00e1vamos, percebemos movimentos t\u00edpicos de retirada de rede. De longe, v\u00edamos somente alguns pontos que a lua iluminava. Com a curiosidade pr\u00f3pria do ser humano, caminhamos para ver, de perto, aquela rede sair da \u00e1gua cheia de peixes e camar\u00f5es saltitando na areia. Infelizmente o lance n\u00e3o foi bem assim; apenas peixinhos pequenos.<\/p>\n<p>Fomos orientados a voltar para nosso abrigo, pois come\u00e7ou a chuviscar de repente e provavelmente ficaria mais forte. \u00c0 medida que nos distanci\u00e1vamos dos pescadores, a chuva diminu\u00eda como se fosse levada pelo vento. E nessa hora resolvi contemplar a lua e as estrelas, que bordavam o c\u00e9u com uma beleza de encher os olhos. A poucos metros da casa, surgiu repentinamente um ponto luminoso de brilho forte que mudava de posi\u00e7\u00e3o e tamanho rapidamente.<\/p>\n<p>Apressamos os passos, naquela areia fofa da praia, segurando as m\u00e3os uns dos outros, assustados, sem saber exatamente o que era. Aquela enorme &#8220;coisa&#8221; pairava sobre os coqueiros tremulandos suas palhas por causa do vento forte. Era como se um helic\u00f3ptero fosse pousar sobre nossas cabe\u00e7as, de t\u00e3o perto que estava. O medo tomava conta de n\u00f3s. Minha irm\u00e3 desesperada come\u00e7ou a chorar e eu, tamb\u00e9m nervosa, tentava controlar a situa\u00e7\u00e3o para n\u00e3o criar p\u00e2nico nas crian\u00e7as que n\u00e3o entendiam nada.<br \/>\nTent\u00e1vamos correr, entretanto aquele Objeto Voador N\u00e3o Identificado tinha o poder de deixar-nos paralisados, na areia, como se os p\u00e9s n\u00e3o tocassem nela. O OVNI era enorme com c\u00edrculos luminosos coloridos que giravam em sentidos contr\u00e1rios, numa frequ\u00eancia impressionante. N\u00e3o sei quanto tempo durou tudo isso. Lembro apenas que sumiu em dire\u00e7\u00e3o \u00e0s estrelas da mesma forma que surgiu, rapidamente.<br \/>\nFicamos ainda alguns minutos ajoelhados na areia, boquiabertos, olhos arregalados, tentando recuperar o f\u00f4lego. Entramos em casa, fechamos portas e janelas com trancas e travessas que havia por perto. Olhamo-nos sem entender nada.<\/p>\n<p>Euforia e medo ainda se faziam presentes em n\u00f3s quando os pescadores chegaram. Contamos a situa\u00e7\u00e3o pela qual t\u00ednhamos passado, por\u00e9m fizeram pouco caso de nossa hist\u00f3ria. A preocupa\u00e7\u00e3o deles agora era separar o resultado da pescaria, lavar as redes e degustar a garrafa de aguardente com os pequenos cajus que levavam pra passar o frio na beira da praia.<\/p>\n<p>Restou-me apenas registrar e perpetuar, para meus netos, nesse livro, um momento \u00fanico e desesperador. At\u00e9 hoje creio que foi milagre dos c\u00e9us um de n\u00f3s n\u00e3o ter sido abduzidos.<\/p>\n<p>De uma coisa tenho certeza: n\u00e3o estamos sozinhos nessa IMENSID\u00c3O C\u00d3SMICA.<\/p>\n<ul>\n<li>Nicy Alves escreve aos domingos na Tribuna da Praia.<\/li>\n<\/ul>\n<p>(1) Esses e outros textos voc\u00ea encontrar\u00e1 na p\u00e1g.<br \/>\nhttps:\/\/m.facebook.com\/poetanicyalves\/<\/p>\n","protected":false},"excerpt":{"rendered":"<p>Euforia e medo ainda se faziam presentes em n\u00f3s quando os pescadores chegaram (1) por Nicy Alves A noite estava gelada, o vento soprava forte e as ondas do mar levantavam v\u00f4o como uma sinfonia orquestrada. Como mor\u00e1vamos na praia, o jantar era servido cedo, no final da tarde. Os homens tinham combinado uma pescaria ao anoitecer. Segundo eles, a lua favorecia essa empreitada e, possivelmente, prometia um farto caf\u00e9-da-manh\u00e3<\/p>\n","protected":false},"author":1,"featured_media":3049,"comment_status":"open","ping_status":"open","sticky":false,"template":"","format":"standard","meta":[],"categories":[20],"tags":[],"yoast_head":"<!-- This site is optimized with the Yoast SEO plugin v16.3 - https:\/\/yoast.com\/wordpress\/plugins\/seo\/ -->\n<title>Cr\u00f4mica: UM OVNI NA PRAIA DA COSTA - ... o mar levantavam v\u00f4o como uma sinfonia ... - TRIBUNA DA PRAIA<\/title>\n<meta name=\"robots\" content=\"index, follow, max-snippet:-1, max-image-preview:large, max-video-preview:-1\" \/>\n<link rel=\"canonical\" href=\"https:\/\/tribunadapraia.com.br\/?p=3048\" \/>\n<meta property=\"og:locale\" content=\"pt_BR\" \/>\n<meta property=\"og:type\" content=\"article\" \/>\n<meta property=\"og:title\" content=\"Cr\u00f4mica: UM OVNI NA PRAIA DA COSTA - ... o mar levantavam v\u00f4o como uma sinfonia ... - TRIBUNA DA PRAIA\" \/>\n<meta property=\"og:description\" content=\"Euforia e medo ainda se faziam presentes em n\u00f3s quando os pescadores chegaram (1) por Nicy Alves A noite estava gelada, o vento soprava forte e as ondas do mar levantavam v\u00f4o como uma sinfonia orquestrada. Como mor\u00e1vamos na praia, o jantar era servido cedo, no final da tarde. Os homens tinham combinado uma pescaria ao anoitecer. Segundo eles, a lua favorecia essa empreitada e, possivelmente, prometia um farto caf\u00e9-da-manh\u00e3\" \/>\n<meta property=\"og:url\" content=\"https:\/\/tribunadapraia.com.br\/?p=3048\" \/>\n<meta property=\"og:site_name\" content=\"TRIBUNA DA PRAIA\" \/>\n<meta property=\"article:publisher\" content=\"https:\/\/www.facebook.com\/tribunadapraiaonline\/\" \/>\n<meta property=\"article:published_time\" content=\"2021-09-26T16:07:55+00:00\" \/>\n<meta property=\"article:modified_time\" content=\"2021-09-26T21:38:38+00:00\" \/>\n<meta property=\"og:image\" content=\"https:\/\/tribunadapraia.com.br\/wp-content\/uploads\/2021\/09\/IMG-20210926-WA0025.jpg\" \/>\n\t<meta property=\"og:image:width\" content=\"504\" \/>\n\t<meta property=\"og:image:height\" content=\"278\" \/>\n<meta name=\"twitter:card\" content=\"summary_large_image\" \/>\n<meta name=\"twitter:creator\" content=\"@Claudomir21\" \/>\n<meta name=\"twitter:site\" content=\"@Claudomir21\" \/>\n<meta name=\"twitter:label1\" content=\"Est. tempo de leitura\">\n\t<meta name=\"twitter:data1\" content=\"3 minutos\">\n<script type=\"application\/ld+json\" class=\"yoast-schema-graph\">{\"@context\":\"https:\/\/schema.org\",\"@graph\":[{\"@type\":\"Organization\",\"@id\":\"https:\/\/tribunadapraia.com.br\/#organization\",\"name\":\"Tribuna da Praia\",\"url\":\"https:\/\/tribunadapraia.com.br\/\",\"sameAs\":[\"https:\/\/www.facebook.com\/tribunadapraiaonline\/\",\"https:\/\/www.instagram.com\/claudomirtavares\/\",\"https:\/\/www.youtube.com\/channel\/UCwQf80nxiMzCefAyjbp53Rw\",\"https:\/\/twitter.com\/Claudomir21\"],\"logo\":{\"@type\":\"ImageObject\",\"@id\":\"https:\/\/tribunadapraia.com.br\/#logo\",\"inLanguage\":\"pt-BR\",\"url\":\"https:\/\/tribunadapraia.com.br\/wp-content\/uploads\/2020\/02\/logo.png\",\"contentUrl\":\"https:\/\/tribunadapraia.com.br\/wp-content\/uploads\/2020\/02\/logo.png\",\"width\":501,\"height\":121,\"caption\":\"Tribuna da Praia\"},\"image\":{\"@id\":\"https:\/\/tribunadapraia.com.br\/#logo\"}},{\"@type\":\"WebSite\",\"@id\":\"https:\/\/tribunadapraia.com.br\/#website\",\"url\":\"https:\/\/tribunadapraia.com.br\/\",\"name\":\"TRIBUNA DA PRAIA\",\"description\":\"O 1\\u00ba jornal do interior de Sergipe na internet\",\"publisher\":{\"@id\":\"https:\/\/tribunadapraia.com.br\/#organization\"},\"potentialAction\":[{\"@type\":\"SearchAction\",\"target\":\"https:\/\/tribunadapraia.com.br\/?s={search_term_string}\",\"query-input\":\"required name=search_term_string\"}],\"inLanguage\":\"pt-BR\"},{\"@type\":\"ImageObject\",\"@id\":\"https:\/\/tribunadapraia.com.br\/?p=3048#primaryimage\",\"inLanguage\":\"pt-BR\",\"url\":\"https:\/\/tribunadapraia.com.br\/wp-content\/uploads\/2021\/09\/IMG-20210926-WA0025.jpg\",\"contentUrl\":\"https:\/\/tribunadapraia.com.br\/wp-content\/uploads\/2021\/09\/IMG-20210926-WA0025.jpg\",\"width\":504,\"height\":278},{\"@type\":\"WebPage\",\"@id\":\"https:\/\/tribunadapraia.com.br\/?p=3048#webpage\",\"url\":\"https:\/\/tribunadapraia.com.br\/?p=3048\",\"name\":\"Cr\\u00f4mica: UM OVNI NA PRAIA DA COSTA - ... o mar levantavam v\\u00f4o como uma sinfonia ... - TRIBUNA DA PRAIA\",\"isPartOf\":{\"@id\":\"https:\/\/tribunadapraia.com.br\/#website\"},\"primaryImageOfPage\":{\"@id\":\"https:\/\/tribunadapraia.com.br\/?p=3048#primaryimage\"},\"datePublished\":\"2021-09-26T16:07:55+00:00\",\"dateModified\":\"2021-09-26T21:38:38+00:00\",\"breadcrumb\":{\"@id\":\"https:\/\/tribunadapraia.com.br\/?p=3048#breadcrumb\"},\"inLanguage\":\"pt-BR\",\"potentialAction\":[{\"@type\":\"ReadAction\",\"target\":[\"https:\/\/tribunadapraia.com.br\/?p=3048\"]}]},{\"@type\":\"BreadcrumbList\",\"@id\":\"https:\/\/tribunadapraia.com.br\/?p=3048#breadcrumb\",\"itemListElement\":[{\"@type\":\"ListItem\",\"position\":1,\"item\":{\"@type\":\"WebPage\",\"@id\":\"https:\/\/tribunadapraia.com.br\/\",\"url\":\"https:\/\/tribunadapraia.com.br\/\",\"name\":\"In\\u00edcio\"}},{\"@type\":\"ListItem\",\"position\":2,\"item\":{\"@id\":\"https:\/\/tribunadapraia.com.br\/?p=3048#webpage\"}}]},{\"@type\":\"Article\",\"@id\":\"https:\/\/tribunadapraia.com.br\/?p=3048#article\",\"isPartOf\":{\"@id\":\"https:\/\/tribunadapraia.com.br\/?p=3048#webpage\"},\"author\":{\"@id\":\"https:\/\/tribunadapraia.com.br\/#\/schema\/person\/326b0a9f3163b479142c64eba4928de0\"},\"headline\":\"Cr\\u00f4mica: UM OVNI NA PRAIA DA COSTA &#8211; &#8230; o mar levantavam v\\u00f4o como uma sinfonia &#8230;\",\"datePublished\":\"2021-09-26T16:07:55+00:00\",\"dateModified\":\"2021-09-26T21:38:38+00:00\",\"mainEntityOfPage\":{\"@id\":\"https:\/\/tribunadapraia.com.br\/?p=3048#webpage\"},\"wordCount\":647,\"commentCount\":0,\"publisher\":{\"@id\":\"https:\/\/tribunadapraia.com.br\/#organization\"},\"image\":{\"@id\":\"https:\/\/tribunadapraia.com.br\/?p=3048#primaryimage\"},\"thumbnailUrl\":\"https:\/\/tribunadapraia.com.br\/wp-content\/uploads\/2021\/09\/IMG-20210926-WA0025.jpg\",\"articleSection\":[\"Nossa Hist\\u00f3ria\"],\"inLanguage\":\"pt-BR\",\"potentialAction\":[{\"@type\":\"CommentAction\",\"name\":\"Comment\",\"target\":[\"https:\/\/tribunadapraia.com.br\/?p=3048#respond\"]}]},{\"@type\":\"Person\",\"@id\":\"https:\/\/tribunadapraia.com.br\/#\/schema\/person\/326b0a9f3163b479142c64eba4928de0\",\"name\":\"tribunadapraia\",\"image\":{\"@type\":\"ImageObject\",\"@id\":\"https:\/\/tribunadapraia.com.br\/#personlogo\",\"inLanguage\":\"pt-BR\",\"url\":\"https:\/\/secure.gravatar.com\/avatar\/38b019c74762496076b7355024a0dad9?s=96&d=identicon&r=g\",\"contentUrl\":\"https:\/\/secure.gravatar.com\/avatar\/38b019c74762496076b7355024a0dad9?s=96&d=identicon&r=g\",\"caption\":\"tribunadapraia\"}}]}<\/script>\n<!-- \/ Yoast SEO plugin. -->","wps_subtitle":"","_links":{"self":[{"href":"https:\/\/tribunadapraia.com.br\/index.php?rest_route=\/wp\/v2\/posts\/3048"}],"collection":[{"href":"https:\/\/tribunadapraia.com.br\/index.php?rest_route=\/wp\/v2\/posts"}],"about":[{"href":"https:\/\/tribunadapraia.com.br\/index.php?rest_route=\/wp\/v2\/types\/post"}],"author":[{"embeddable":true,"href":"https:\/\/tribunadapraia.com.br\/index.php?rest_route=\/wp\/v2\/users\/1"}],"replies":[{"embeddable":true,"href":"https:\/\/tribunadapraia.com.br\/index.php?rest_route=%2Fwp%2Fv2%2Fcomments&post=3048"}],"version-history":[{"count":4,"href":"https:\/\/tribunadapraia.com.br\/index.php?rest_route=\/wp\/v2\/posts\/3048\/revisions"}],"predecessor-version":[{"id":3053,"href":"https:\/\/tribunadapraia.com.br\/index.php?rest_route=\/wp\/v2\/posts\/3048\/revisions\/3053"}],"wp:featuredmedia":[{"embeddable":true,"href":"https:\/\/tribunadapraia.com.br\/index.php?rest_route=\/wp\/v2\/media\/3049"}],"wp:attachment":[{"href":"https:\/\/tribunadapraia.com.br\/index.php?rest_route=%2Fwp%2Fv2%2Fmedia&parent=3048"}],"wp:term":[{"taxonomy":"category","embeddable":true,"href":"https:\/\/tribunadapraia.com.br\/index.php?rest_route=%2Fwp%2Fv2%2Fcategories&post=3048"},{"taxonomy":"post_tag","embeddable":true,"href":"https:\/\/tribunadapraia.com.br\/index.php?rest_route=%2Fwp%2Fv2%2Ftags&post=3048"}],"curies":[{"name":"wp","href":"https:\/\/api.w.org\/{rel}","templated":true}]}}