{"id":3045,"date":"2021-09-24T10:13:56","date_gmt":"2021-09-24T13:13:56","guid":{"rendered":"https:\/\/tribunadapraia.com.br\/?p=3045"},"modified":"2021-09-24T10:14:51","modified_gmt":"2021-09-24T13:14:51","slug":"tres-acusacoes-stf-inicia-o-julgamento-de-acoes-penais-contra-o-ex-deputado-andre-moura","status":"publish","type":"post","link":"https:\/\/tribunadapraia.com.br\/?p=3045","title":{"rendered":"Tr\u00eas acusa\u00e7\u00f5es: STF inicia o julgamento de a\u00e7\u00f5es penais contra o ex-deputado Andr\u00e9 Moura"},"content":{"rendered":"<p>Por\u00a0Severino Goes<\/p>\n<p>O Supremo Tribunal Federal come\u00e7ou a julgar nesta quinta-feira (23\/9) tr\u00eas a\u00e7\u00f5es penais, em conjunto, contra o ex-deputado Andr\u00e9 Moura. As a\u00e7\u00f5es descrevem a ocorr\u00eancia de crimes tipificados nos incisos I e II do artigo 1\u00b0 do Decreto Lei 201\/1967 (peculato e desvio e apropria\u00e7\u00e3o de recursos p\u00fablicos) de modo continuado. \u00c9 o primeiro julgamento de autoridades com foro privilegiado no Plen\u00e1rio da Corte depois de an\u00fancio feito no ano passado pelo presidente Luiz Fux sobre a volta de casos penais ao colegiado.<\/p>\n<p>O julgamento foi interrompido pela Corte depois das sustenta\u00e7\u00f5es orais da Procuradoria-Geral da Rep\u00fablica, autora das den\u00fancias contra Andr\u00e9 Moura, e da defesa do acusado. Devido ao adiantado da hora, o ministro Luiz Fux afirmou que o relator do caso, ministro Gilmar Mendes, ler\u00e1 seu voto na sess\u00e3o da pr\u00f3xima quarta-feira (29\/9).<\/p>\n<p>Os fatos descritos foram supostamente praticados por Andr\u00e9 Luiz Dantas Ferreira, conhecido como Andr\u00e9 Moura,\u00a0entre janeiro de 2005 e junho de 2007, durante o mandato de prefeito de seu sucessor, Juarez Batista dos Santos, em Pirambu (SE). Segundo o Minist\u00e9rio P\u00fablico, mesmo fora do cargo, o ex-parlamentar permaneceu no comando da administra\u00e7\u00e3o municipal, quando os fatos denunciados teriam ocorrido.<\/p>\n<p>As tr\u00eas a\u00e7\u00f5es, basicamente, tratam da mesma coisa: uso da m\u00e1quina p\u00fablica de Pirambu, no litoral sergipano, em benef\u00edcio pr\u00f3prio. Ele foi prefeito da cidade entre 1997 e 2004. De acordo com a den\u00fancia, depois de ter conseguido fazer o sucessor no Executivo municipal, Moura passou a pression\u00e1-lo para ceder funcion\u00e1rios, carros e linhas telef\u00f4nicas da prefeitura para uso pessoal. O MP tamb\u00e9m diz que ele usou R$ 874 do munic\u00edpio para comprar &#8220;g\u00eaneros aliment\u00edcios&#8221;.<\/p>\n<p>O inqu\u00e9rito contra Andr\u00e9 Moura corre no Supremo desde 2011, quando ele assumiu o mandato de deputado federal e ganhou prerrogativa de foro. As investiga\u00e7\u00f5es, no entanto, j\u00e1 existiam havia\u00a0alguns anos, inclusive gerando\u00a0a\u00e7\u00f5es de improbidade.<\/p>\n<p>Em alega\u00e7\u00f5es finais, a defesa refutou os pedidos de condena\u00e7\u00e3o do Minist\u00e9rio P\u00fablico, sob o argumento de que elas est\u00e3o amparadas exclusivamente na prova inquisitorial e que foi desconsiderada &#8220;a robusta prova testemunhal produzida sob o crivo do contradit\u00f3rio&#8221;.<\/p>\n<p>Fonte: Consultoria Jur\u00eddica<\/p>\n","protected":false},"excerpt":{"rendered":"<p>Por\u00a0Severino Goes O Supremo Tribunal Federal come\u00e7ou a julgar nesta quinta-feira (23\/9) tr\u00eas a\u00e7\u00f5es penais, em conjunto, contra o ex-deputado Andr\u00e9 Moura. As a\u00e7\u00f5es descrevem a ocorr\u00eancia de crimes tipificados nos incisos I e II do artigo 1\u00b0 do Decreto Lei 201\/1967 (peculato e desvio e apropria\u00e7\u00e3o de recursos p\u00fablicos) de modo continuado. \u00c9 o primeiro julgamento de autoridades com foro privilegiado no Plen\u00e1rio da Corte depois de an\u00fancio feito<\/p>\n","protected":false},"author":1,"featured_media":3046,"comment_status":"open","ping_status":"open","sticky":false,"template":"","format":"standard","meta":[],"categories":[18],"tags":[],"yoast_head":"<!-- This site is optimized with the Yoast SEO plugin v16.3 - https:\/\/yoast.com\/wordpress\/plugins\/seo\/ -->\n<title>Tr\u00eas acusa\u00e7\u00f5es: STF inicia o julgamento de a\u00e7\u00f5es penais contra o ex-deputado Andr\u00e9 Moura - TRIBUNA DA PRAIA<\/title>\n<meta name=\"robots\" content=\"index, follow, max-snippet:-1, max-image-preview:large, max-video-preview:-1\" \/>\n<link rel=\"canonical\" href=\"https:\/\/tribunadapraia.com.br\/?p=3045\" \/>\n<meta property=\"og:locale\" content=\"pt_BR\" \/>\n<meta property=\"og:type\" content=\"article\" \/>\n<meta property=\"og:title\" content=\"Tr\u00eas acusa\u00e7\u00f5es: STF inicia o julgamento de a\u00e7\u00f5es penais contra o ex-deputado Andr\u00e9 Moura - TRIBUNA DA PRAIA\" \/>\n<meta property=\"og:description\" content=\"Por\u00a0Severino Goes O Supremo Tribunal Federal come\u00e7ou a julgar nesta quinta-feira (23\/9) tr\u00eas a\u00e7\u00f5es penais, em conjunto, contra o ex-deputado Andr\u00e9 Moura. As a\u00e7\u00f5es descrevem a ocorr\u00eancia de crimes tipificados nos incisos I e II do artigo 1\u00b0 do Decreto Lei 201\/1967 (peculato e desvio e apropria\u00e7\u00e3o de recursos p\u00fablicos) de modo continuado. \u00c9 o primeiro julgamento de autoridades com foro privilegiado no Plen\u00e1rio da Corte depois de an\u00fancio feito\" \/>\n<meta property=\"og:url\" content=\"https:\/\/tribunadapraia.com.br\/?p=3045\" \/>\n<meta property=\"og:site_name\" content=\"TRIBUNA DA PRAIA\" \/>\n<meta property=\"article:publisher\" content=\"https:\/\/www.facebook.com\/tribunadapraiaonline\/\" \/>\n<meta property=\"article:published_time\" content=\"2021-09-24T13:13:56+00:00\" \/>\n<meta property=\"article:modified_time\" content=\"2021-09-24T13:14:51+00:00\" \/>\n<meta property=\"og:image\" content=\"https:\/\/tribunadapraia.com.br\/wp-content\/uploads\/2021\/09\/andre-moura-psc.jpg\" \/>\n\t<meta property=\"og:image:width\" content=\"680\" \/>\n\t<meta property=\"og:image:height\" content=\"680\" \/>\n<meta name=\"twitter:card\" content=\"summary_large_image\" \/>\n<meta name=\"twitter:creator\" content=\"@Claudomir21\" \/>\n<meta name=\"twitter:site\" content=\"@Claudomir21\" \/>\n<meta name=\"twitter:label1\" content=\"Est. tempo de leitura\">\n\t<meta name=\"twitter:data1\" content=\"2 minutos\">\n<script type=\"application\/ld+json\" class=\"yoast-schema-graph\">{\"@context\":\"https:\/\/schema.org\",\"@graph\":[{\"@type\":\"Organization\",\"@id\":\"https:\/\/tribunadapraia.com.br\/#organization\",\"name\":\"Tribuna da Praia\",\"url\":\"https:\/\/tribunadapraia.com.br\/\",\"sameAs\":[\"https:\/\/www.facebook.com\/tribunadapraiaonline\/\",\"https:\/\/www.instagram.com\/claudomirtavares\/\",\"https:\/\/www.youtube.com\/channel\/UCwQf80nxiMzCefAyjbp53Rw\",\"https:\/\/twitter.com\/Claudomir21\"],\"logo\":{\"@type\":\"ImageObject\",\"@id\":\"https:\/\/tribunadapraia.com.br\/#logo\",\"inLanguage\":\"pt-BR\",\"url\":\"https:\/\/tribunadapraia.com.br\/wp-content\/uploads\/2020\/02\/logo.png\",\"contentUrl\":\"https:\/\/tribunadapraia.com.br\/wp-content\/uploads\/2020\/02\/logo.png\",\"width\":501,\"height\":121,\"caption\":\"Tribuna da Praia\"},\"image\":{\"@id\":\"https:\/\/tribunadapraia.com.br\/#logo\"}},{\"@type\":\"WebSite\",\"@id\":\"https:\/\/tribunadapraia.com.br\/#website\",\"url\":\"https:\/\/tribunadapraia.com.br\/\",\"name\":\"TRIBUNA DA PRAIA\",\"description\":\"O 1\\u00ba jornal do interior de Sergipe na internet\",\"publisher\":{\"@id\":\"https:\/\/tribunadapraia.com.br\/#organization\"},\"potentialAction\":[{\"@type\":\"SearchAction\",\"target\":\"https:\/\/tribunadapraia.com.br\/?s={search_term_string}\",\"query-input\":\"required name=search_term_string\"}],\"inLanguage\":\"pt-BR\"},{\"@type\":\"ImageObject\",\"@id\":\"https:\/\/tribunadapraia.com.br\/?p=3045#primaryimage\",\"inLanguage\":\"pt-BR\",\"url\":\"https:\/\/tribunadapraia.com.br\/wp-content\/uploads\/2021\/09\/andre-moura-psc.jpg\",\"contentUrl\":\"https:\/\/tribunadapraia.com.br\/wp-content\/uploads\/2021\/09\/andre-moura-psc.jpg\",\"width\":680,\"height\":680},{\"@type\":\"WebPage\",\"@id\":\"https:\/\/tribunadapraia.com.br\/?p=3045#webpage\",\"url\":\"https:\/\/tribunadapraia.com.br\/?p=3045\",\"name\":\"Tr\\u00eas acusa\\u00e7\\u00f5es: STF inicia o julgamento de a\\u00e7\\u00f5es penais contra o ex-deputado Andr\\u00e9 Moura - TRIBUNA DA PRAIA\",\"isPartOf\":{\"@id\":\"https:\/\/tribunadapraia.com.br\/#website\"},\"primaryImageOfPage\":{\"@id\":\"https:\/\/tribunadapraia.com.br\/?p=3045#primaryimage\"},\"datePublished\":\"2021-09-24T13:13:56+00:00\",\"dateModified\":\"2021-09-24T13:14:51+00:00\",\"breadcrumb\":{\"@id\":\"https:\/\/tribunadapraia.com.br\/?p=3045#breadcrumb\"},\"inLanguage\":\"pt-BR\",\"potentialAction\":[{\"@type\":\"ReadAction\",\"target\":[\"https:\/\/tribunadapraia.com.br\/?p=3045\"]}]},{\"@type\":\"BreadcrumbList\",\"@id\":\"https:\/\/tribunadapraia.com.br\/?p=3045#breadcrumb\",\"itemListElement\":[{\"@type\":\"ListItem\",\"position\":1,\"item\":{\"@type\":\"WebPage\",\"@id\":\"https:\/\/tribunadapraia.com.br\/\",\"url\":\"https:\/\/tribunadapraia.com.br\/\",\"name\":\"In\\u00edcio\"}},{\"@type\":\"ListItem\",\"position\":2,\"item\":{\"@id\":\"https:\/\/tribunadapraia.com.br\/?p=3045#webpage\"}}]},{\"@type\":\"Article\",\"@id\":\"https:\/\/tribunadapraia.com.br\/?p=3045#article\",\"isPartOf\":{\"@id\":\"https:\/\/tribunadapraia.com.br\/?p=3045#webpage\"},\"author\":{\"@id\":\"https:\/\/tribunadapraia.com.br\/#\/schema\/person\/326b0a9f3163b479142c64eba4928de0\"},\"headline\":\"Tr\\u00eas acusa\\u00e7\\u00f5es: STF inicia o julgamento de a\\u00e7\\u00f5es penais contra o ex-deputado Andr\\u00e9 Moura\",\"datePublished\":\"2021-09-24T13:13:56+00:00\",\"dateModified\":\"2021-09-24T13:14:51+00:00\",\"mainEntityOfPage\":{\"@id\":\"https:\/\/tribunadapraia.com.br\/?p=3045#webpage\"},\"wordCount\":399,\"commentCount\":0,\"publisher\":{\"@id\":\"https:\/\/tribunadapraia.com.br\/#organization\"},\"image\":{\"@id\":\"https:\/\/tribunadapraia.com.br\/?p=3045#primaryimage\"},\"thumbnailUrl\":\"https:\/\/tribunadapraia.com.br\/wp-content\/uploads\/2021\/09\/andre-moura-psc.jpg\",\"articleSection\":[\"Not\\u00edcias\"],\"inLanguage\":\"pt-BR\",\"potentialAction\":[{\"@type\":\"CommentAction\",\"name\":\"Comment\",\"target\":[\"https:\/\/tribunadapraia.com.br\/?p=3045#respond\"]}]},{\"@type\":\"Person\",\"@id\":\"https:\/\/tribunadapraia.com.br\/#\/schema\/person\/326b0a9f3163b479142c64eba4928de0\",\"name\":\"tribunadapraia\",\"image\":{\"@type\":\"ImageObject\",\"@id\":\"https:\/\/tribunadapraia.com.br\/#personlogo\",\"inLanguage\":\"pt-BR\",\"url\":\"https:\/\/secure.gravatar.com\/avatar\/38b019c74762496076b7355024a0dad9?s=96&d=identicon&r=g\",\"contentUrl\":\"https:\/\/secure.gravatar.com\/avatar\/38b019c74762496076b7355024a0dad9?s=96&d=identicon&r=g\",\"caption\":\"tribunadapraia\"}}]}<\/script>\n<!-- \/ Yoast SEO plugin. -->","wps_subtitle":"","_links":{"self":[{"href":"https:\/\/tribunadapraia.com.br\/index.php?rest_route=\/wp\/v2\/posts\/3045"}],"collection":[{"href":"https:\/\/tribunadapraia.com.br\/index.php?rest_route=\/wp\/v2\/posts"}],"about":[{"href":"https:\/\/tribunadapraia.com.br\/index.php?rest_route=\/wp\/v2\/types\/post"}],"author":[{"embeddable":true,"href":"https:\/\/tribunadapraia.com.br\/index.php?rest_route=\/wp\/v2\/users\/1"}],"replies":[{"embeddable":true,"href":"https:\/\/tribunadapraia.com.br\/index.php?rest_route=%2Fwp%2Fv2%2Fcomments&post=3045"}],"version-history":[{"count":1,"href":"https:\/\/tribunadapraia.com.br\/index.php?rest_route=\/wp\/v2\/posts\/3045\/revisions"}],"predecessor-version":[{"id":3047,"href":"https:\/\/tribunadapraia.com.br\/index.php?rest_route=\/wp\/v2\/posts\/3045\/revisions\/3047"}],"wp:featuredmedia":[{"embeddable":true,"href":"https:\/\/tribunadapraia.com.br\/index.php?rest_route=\/wp\/v2\/media\/3046"}],"wp:attachment":[{"href":"https:\/\/tribunadapraia.com.br\/index.php?rest_route=%2Fwp%2Fv2%2Fmedia&parent=3045"}],"wp:term":[{"taxonomy":"category","embeddable":true,"href":"https:\/\/tribunadapraia.com.br\/index.php?rest_route=%2Fwp%2Fv2%2Fcategories&post=3045"},{"taxonomy":"post_tag","embeddable":true,"href":"https:\/\/tribunadapraia.com.br\/index.php?rest_route=%2Fwp%2Fv2%2Ftags&post=3045"}],"curies":[{"name":"wp","href":"https:\/\/api.w.org\/{rel}","templated":true}]}}