{"id":3042,"date":"2021-09-22T21:53:17","date_gmt":"2021-09-23T00:53:17","guid":{"rendered":"https:\/\/tribunadapraia.com.br\/?p=3042"},"modified":"2021-09-22T21:54:40","modified_gmt":"2021-09-23T00:54:40","slug":"em-alusao-a-semana-da-arvore-acao-realiza-plantio-de-especie-frutifera-abacateiro","status":"publish","type":"post","link":"https:\/\/tribunadapraia.com.br\/?p=3042","title":{"rendered":"\u00a0Em alus\u00e3o \u00e0 Semana da \u00c1rvore a\u00e7\u00e3o realiza plantio de esp\u00e9cie frut\u00edfera (Abacateiro)"},"content":{"rendered":"<p>A a\u00e7\u00e3o realizada pela Prefeitura de Pirambu, por meio da Secretaria Municipal de Meio Ambiente e Recursos H\u00eddricos, aconteceu no fim da tarde desta quarta-feira, 22, e objetivou conscientizar a popula\u00e7\u00e3o e servidores a respeito da import\u00e2ncia de desenvolver a\u00e7\u00f5es sustent\u00e1veis.<\/p>\n<p>Al\u00e9m do secret\u00e1rio de Meio Ambiente, Fabr\u00edcio Muniz, que coordenou a atividade, auxiliando na prepara\u00e7\u00e3o do solo, a planta\u00e7\u00e3o coletiva da \u00e1rvore frut\u00edfera, Abacateiro (Persea Americana) tamb\u00e9m contou com as presen\u00e7as da vice-prefeita Detinha do Carmo e do secret\u00e1rio de Governo, Felipe Melo, que organizou a disponibilidade de materiais. \u201cNossa gest\u00e3o entende que tem o compromisso e a co-responsabilidade de plantar, cuidar e preservar o meio e o lugar onde estamos inseridos cotidianamente, ali\u00e1s, cuidar do planeta, nossa casa comum, \u00e9 dever de todos n\u00f3s\u201d, ressaltou a vice-prefeita, Detinha do Carmo.<\/p>\n<p>Secom\/Pirambu<\/p>\n","protected":false},"excerpt":{"rendered":"<p>A a\u00e7\u00e3o realizada pela Prefeitura de Pirambu, por meio da Secretaria Municipal de Meio Ambiente e Recursos H\u00eddricos, aconteceu no fim da tarde desta quarta-feira, 22, e objetivou conscientizar a popula\u00e7\u00e3o e servidores a respeito da import\u00e2ncia de desenvolver a\u00e7\u00f5es sustent\u00e1veis. Al\u00e9m do secret\u00e1rio de Meio Ambiente, Fabr\u00edcio Muniz, que coordenou a atividade, auxiliando na prepara\u00e7\u00e3o do solo, a planta\u00e7\u00e3o coletiva da \u00e1rvore frut\u00edfera, Abacateiro (Persea Americana) tamb\u00e9m contou com<\/p>\n","protected":false},"author":1,"featured_media":3043,"comment_status":"open","ping_status":"open","sticky":false,"template":"","format":"standard","meta":[],"categories":[18],"tags":[],"yoast_head":"<!-- This site is optimized with the Yoast SEO plugin v16.3 - https:\/\/yoast.com\/wordpress\/plugins\/seo\/ -->\n<title>\u00a0Em alus\u00e3o \u00e0 Semana da \u00c1rvore a\u00e7\u00e3o realiza plantio de esp\u00e9cie frut\u00edfera (Abacateiro) - TRIBUNA DA PRAIA<\/title>\n<meta name=\"robots\" content=\"index, follow, max-snippet:-1, max-image-preview:large, max-video-preview:-1\" \/>\n<link rel=\"canonical\" href=\"https:\/\/tribunadapraia.com.br\/?p=3042\" \/>\n<meta property=\"og:locale\" content=\"pt_BR\" \/>\n<meta property=\"og:type\" content=\"article\" \/>\n<meta property=\"og:title\" content=\"\u00a0Em alus\u00e3o \u00e0 Semana da \u00c1rvore a\u00e7\u00e3o realiza plantio de esp\u00e9cie frut\u00edfera (Abacateiro) - TRIBUNA DA PRAIA\" \/>\n<meta property=\"og:description\" content=\"A a\u00e7\u00e3o realizada pela Prefeitura de Pirambu, por meio da Secretaria Municipal de Meio Ambiente e Recursos H\u00eddricos, aconteceu no fim da tarde desta quarta-feira, 22, e objetivou conscientizar a popula\u00e7\u00e3o e servidores a respeito da import\u00e2ncia de desenvolver a\u00e7\u00f5es sustent\u00e1veis. Al\u00e9m do secret\u00e1rio de Meio Ambiente, Fabr\u00edcio Muniz, que coordenou a atividade, auxiliando na prepara\u00e7\u00e3o do solo, a planta\u00e7\u00e3o coletiva da \u00e1rvore frut\u00edfera, Abacateiro (Persea Americana) tamb\u00e9m contou com\" \/>\n<meta property=\"og:url\" content=\"https:\/\/tribunadapraia.com.br\/?p=3042\" \/>\n<meta property=\"og:site_name\" content=\"TRIBUNA DA PRAIA\" \/>\n<meta property=\"article:publisher\" content=\"https:\/\/www.facebook.com\/tribunadapraiaonline\/\" \/>\n<meta property=\"article:published_time\" content=\"2021-09-23T00:53:17+00:00\" \/>\n<meta property=\"article:modified_time\" content=\"2021-09-23T00:54:40+00:00\" \/>\n<meta property=\"og:image\" content=\"https:\/\/tribunadapraia.com.br\/wp-content\/uploads\/2021\/09\/IMG-20210922-WA0075.jpg\" \/>\n\t<meta property=\"og:image:width\" content=\"1600\" \/>\n\t<meta property=\"og:image:height\" content=\"1067\" \/>\n<meta name=\"twitter:card\" content=\"summary_large_image\" \/>\n<meta name=\"twitter:creator\" content=\"@Claudomir21\" \/>\n<meta name=\"twitter:site\" content=\"@Claudomir21\" \/>\n<meta name=\"twitter:label1\" content=\"Est. tempo de leitura\">\n\t<meta name=\"twitter:data1\" content=\"1 minuto\">\n<script type=\"application\/ld+json\" class=\"yoast-schema-graph\">{\"@context\":\"https:\/\/schema.org\",\"@graph\":[{\"@type\":\"Organization\",\"@id\":\"https:\/\/tribunadapraia.com.br\/#organization\",\"name\":\"Tribuna da Praia\",\"url\":\"https:\/\/tribunadapraia.com.br\/\",\"sameAs\":[\"https:\/\/www.facebook.com\/tribunadapraiaonline\/\",\"https:\/\/www.instagram.com\/claudomirtavares\/\",\"https:\/\/www.youtube.com\/channel\/UCwQf80nxiMzCefAyjbp53Rw\",\"https:\/\/twitter.com\/Claudomir21\"],\"logo\":{\"@type\":\"ImageObject\",\"@id\":\"https:\/\/tribunadapraia.com.br\/#logo\",\"inLanguage\":\"pt-BR\",\"url\":\"https:\/\/tribunadapraia.com.br\/wp-content\/uploads\/2020\/02\/logo.png\",\"contentUrl\":\"https:\/\/tribunadapraia.com.br\/wp-content\/uploads\/2020\/02\/logo.png\",\"width\":501,\"height\":121,\"caption\":\"Tribuna da Praia\"},\"image\":{\"@id\":\"https:\/\/tribunadapraia.com.br\/#logo\"}},{\"@type\":\"WebSite\",\"@id\":\"https:\/\/tribunadapraia.com.br\/#website\",\"url\":\"https:\/\/tribunadapraia.com.br\/\",\"name\":\"TRIBUNA DA PRAIA\",\"description\":\"O 1\\u00ba jornal do interior de Sergipe na internet\",\"publisher\":{\"@id\":\"https:\/\/tribunadapraia.com.br\/#organization\"},\"potentialAction\":[{\"@type\":\"SearchAction\",\"target\":\"https:\/\/tribunadapraia.com.br\/?s={search_term_string}\",\"query-input\":\"required name=search_term_string\"}],\"inLanguage\":\"pt-BR\"},{\"@type\":\"ImageObject\",\"@id\":\"https:\/\/tribunadapraia.com.br\/?p=3042#primaryimage\",\"inLanguage\":\"pt-BR\",\"url\":\"https:\/\/tribunadapraia.com.br\/wp-content\/uploads\/2021\/09\/IMG-20210922-WA0075.jpg\",\"contentUrl\":\"https:\/\/tribunadapraia.com.br\/wp-content\/uploads\/2021\/09\/IMG-20210922-WA0075.jpg\",\"width\":1600,\"height\":1067},{\"@type\":\"WebPage\",\"@id\":\"https:\/\/tribunadapraia.com.br\/?p=3042#webpage\",\"url\":\"https:\/\/tribunadapraia.com.br\/?p=3042\",\"name\":\"\\u00a0Em alus\\u00e3o \\u00e0 Semana da \\u00c1rvore a\\u00e7\\u00e3o realiza plantio de esp\\u00e9cie frut\\u00edfera (Abacateiro) - TRIBUNA DA PRAIA\",\"isPartOf\":{\"@id\":\"https:\/\/tribunadapraia.com.br\/#website\"},\"primaryImageOfPage\":{\"@id\":\"https:\/\/tribunadapraia.com.br\/?p=3042#primaryimage\"},\"datePublished\":\"2021-09-23T00:53:17+00:00\",\"dateModified\":\"2021-09-23T00:54:40+00:00\",\"breadcrumb\":{\"@id\":\"https:\/\/tribunadapraia.com.br\/?p=3042#breadcrumb\"},\"inLanguage\":\"pt-BR\",\"potentialAction\":[{\"@type\":\"ReadAction\",\"target\":[\"https:\/\/tribunadapraia.com.br\/?p=3042\"]}]},{\"@type\":\"BreadcrumbList\",\"@id\":\"https:\/\/tribunadapraia.com.br\/?p=3042#breadcrumb\",\"itemListElement\":[{\"@type\":\"ListItem\",\"position\":1,\"item\":{\"@type\":\"WebPage\",\"@id\":\"https:\/\/tribunadapraia.com.br\/\",\"url\":\"https:\/\/tribunadapraia.com.br\/\",\"name\":\"In\\u00edcio\"}},{\"@type\":\"ListItem\",\"position\":2,\"item\":{\"@id\":\"https:\/\/tribunadapraia.com.br\/?p=3042#webpage\"}}]},{\"@type\":\"Article\",\"@id\":\"https:\/\/tribunadapraia.com.br\/?p=3042#article\",\"isPartOf\":{\"@id\":\"https:\/\/tribunadapraia.com.br\/?p=3042#webpage\"},\"author\":{\"@id\":\"https:\/\/tribunadapraia.com.br\/#\/schema\/person\/326b0a9f3163b479142c64eba4928de0\"},\"headline\":\"\\u00a0Em alus\\u00e3o \\u00e0 Semana da \\u00c1rvore a\\u00e7\\u00e3o realiza plantio de esp\\u00e9cie frut\\u00edfera (Abacateiro)\",\"datePublished\":\"2021-09-23T00:53:17+00:00\",\"dateModified\":\"2021-09-23T00:54:40+00:00\",\"mainEntityOfPage\":{\"@id\":\"https:\/\/tribunadapraia.com.br\/?p=3042#webpage\"},\"wordCount\":166,\"commentCount\":0,\"publisher\":{\"@id\":\"https:\/\/tribunadapraia.com.br\/#organization\"},\"image\":{\"@id\":\"https:\/\/tribunadapraia.com.br\/?p=3042#primaryimage\"},\"thumbnailUrl\":\"https:\/\/tribunadapraia.com.br\/wp-content\/uploads\/2021\/09\/IMG-20210922-WA0075.jpg\",\"articleSection\":[\"Not\\u00edcias\"],\"inLanguage\":\"pt-BR\",\"potentialAction\":[{\"@type\":\"CommentAction\",\"name\":\"Comment\",\"target\":[\"https:\/\/tribunadapraia.com.br\/?p=3042#respond\"]}]},{\"@type\":\"Person\",\"@id\":\"https:\/\/tribunadapraia.com.br\/#\/schema\/person\/326b0a9f3163b479142c64eba4928de0\",\"name\":\"tribunadapraia\",\"image\":{\"@type\":\"ImageObject\",\"@id\":\"https:\/\/tribunadapraia.com.br\/#personlogo\",\"inLanguage\":\"pt-BR\",\"url\":\"https:\/\/secure.gravatar.com\/avatar\/38b019c74762496076b7355024a0dad9?s=96&d=identicon&r=g\",\"contentUrl\":\"https:\/\/secure.gravatar.com\/avatar\/38b019c74762496076b7355024a0dad9?s=96&d=identicon&r=g\",\"caption\":\"tribunadapraia\"}}]}<\/script>\n<!-- \/ Yoast SEO plugin. -->","wps_subtitle":"","_links":{"self":[{"href":"https:\/\/tribunadapraia.com.br\/index.php?rest_route=\/wp\/v2\/posts\/3042"}],"collection":[{"href":"https:\/\/tribunadapraia.com.br\/index.php?rest_route=\/wp\/v2\/posts"}],"about":[{"href":"https:\/\/tribunadapraia.com.br\/index.php?rest_route=\/wp\/v2\/types\/post"}],"author":[{"embeddable":true,"href":"https:\/\/tribunadapraia.com.br\/index.php?rest_route=\/wp\/v2\/users\/1"}],"replies":[{"embeddable":true,"href":"https:\/\/tribunadapraia.com.br\/index.php?rest_route=%2Fwp%2Fv2%2Fcomments&post=3042"}],"version-history":[{"count":1,"href":"https:\/\/tribunadapraia.com.br\/index.php?rest_route=\/wp\/v2\/posts\/3042\/revisions"}],"predecessor-version":[{"id":3044,"href":"https:\/\/tribunadapraia.com.br\/index.php?rest_route=\/wp\/v2\/posts\/3042\/revisions\/3044"}],"wp:featuredmedia":[{"embeddable":true,"href":"https:\/\/tribunadapraia.com.br\/index.php?rest_route=\/wp\/v2\/media\/3043"}],"wp:attachment":[{"href":"https:\/\/tribunadapraia.com.br\/index.php?rest_route=%2Fwp%2Fv2%2Fmedia&parent=3042"}],"wp:term":[{"taxonomy":"category","embeddable":true,"href":"https:\/\/tribunadapraia.com.br\/index.php?rest_route=%2Fwp%2Fv2%2Fcategories&post=3042"},{"taxonomy":"post_tag","embeddable":true,"href":"https:\/\/tribunadapraia.com.br\/index.php?rest_route=%2Fwp%2Fv2%2Ftags&post=3042"}],"curies":[{"name":"wp","href":"https:\/\/api.w.org\/{rel}","templated":true}]}}