{"id":3026,"date":"2021-09-19T10:21:39","date_gmt":"2021-09-19T13:21:39","guid":{"rendered":"https:\/\/tribunadapraia.com.br\/?p=3026"},"modified":"2021-09-19T10:32:29","modified_gmt":"2021-09-19T13:32:29","slug":"esperancar-100-anos-do-homem-que-amava-as-gentes-ele-e-pela-lei-no-12-612-o-patrono-da-educacao-brasileira","status":"publish","type":"post","link":"https:\/\/tribunadapraia.com.br\/?p=3026","title":{"rendered":"Esperancar, 100 anos do homem que amava as gentes &#8211; Ele \u00e9, pela lei n\u00ba 12.612, o Patrono da Educa\u00e7\u00e3o Brasileira"},"content":{"rendered":"<p>Seu corpo e suas palavras, no tempo hist\u00f3rico em que caminhou pelo mundo, o projetaram para uma imortalidade nos que seguem em luta pela emancipa\u00e7\u00e3o popular<\/p>\n<p>O Brasil e a Am\u00e9rica Latina t\u00eam um compromisso permanente com o legado deixado por Paulo Freire na busca em conjunto com os pobres, os oprimidos, das solu\u00e7\u00f5es deste mundo.<\/p>\n<p>&#8220;Escolhi a sombra desta \u00e1rvore para<br \/>\nrepousar do muito que farei,<br \/>\nenquanto esperarei por ti.<br \/>\nQuem espera na pura espera<br \/>\nvive um tempo de espera v\u00e3.<br \/>\nPor isto, enquanto te espero<br \/>\ntrabalharei os campos e<br \/>\nconversarei com os homens<br \/>\nSuarei meu corpo, que o sol queimar\u00e1;<br \/>\nminhas m\u00e3os ficar\u00e3o calejadas;<br \/>\nmeus p\u00e9s aprender\u00e3o o mist\u00e9rio dos caminhos;<br \/>\nmeus ouvidos ouvir\u00e3o mais,<br \/>\nmeus olhos ver\u00e3o o que antes n\u00e3o viam,<br \/>\nenquanto esperarei por ti.<br \/>\nN\u00e3o te esperarei na pura espera<br \/>\nporque o meu tempo de espera \u00e9 um<br \/>\ntempo de quefazer.<br \/>\nDesconfiarei daqueles que vir\u00e3o dizer-me:<br \/>\nem voz baixa e precavidos:<br \/>\n\u00c9 perigoso agir<br \/>\n\u00c9 perigoso falar<br \/>\n\u00c9 perigoso andar<br \/>\n\u00c9 perigoso, esperar, na forma em que esperas,<br \/>\nporque esses recusam a alegria de tua chegada.<br \/>\nDesconfiarei tamb\u00e9m daqueles que vir\u00e3o dizer-me,<br \/>\ncom palavras f\u00e1ceis, que j\u00e1 chegaste,<br \/>\nporque esses, ao anunciar-te ingenuamente ,<br \/>\nantes te denunciam.<br \/>\nEstarei preparando a tua chegada<br \/>\ncomo o jardineiro prepara o jardim<br \/>\npara a rosa que se abrir\u00e1 na primavera.&#8221;<\/p>\n<p>(Paulo Freire)<\/p>\n<p>Neste dia, h\u00e1 100 anos, nascia um homem de grandes ideias e que iluminou, a partir de Pernambuco, o Brasil inteiro com sua inten\u00e7\u00e3o amorosa de transforma\u00e7\u00e3o. Paulo Reglus Neves Freire revolucionou a pr\u00e1tica e as teorias de educa\u00e7\u00e3o, influenciando em outras \u00e1reas como comunica\u00e7\u00e3o, cultura e pol\u00edtica. Ele \u00e9, pela lei n\u00ba 12.612, o Patrono da Educa\u00e7\u00e3o Brasileira. Seu corpo e suas palavras, no tempo hist\u00f3rico em que caminhou pelo mundo, o projetaram para uma imortalidade nos que seguem em luta pela emancipa\u00e7\u00e3o popular.<\/p>\n<p>A esquerda brasileira, os movimentos populares do Brasil e da Am\u00e9rica Latina t\u00eam um compromisso permanente com o legado deixado por Paulo Freire na busca em conjunto com os pobres, os oprimidos, das solu\u00e7\u00f5es deste mundo.<\/p>\n<p>Podemos remontar aos anos 60 o in\u00edcio de uma a\u00e7\u00e3o educativa e cultural que via no povo a possibilidade de refazer e recontar a Hist\u00f3ria. O marco deste conjunto de pr\u00e1ticas, que v\u00e3o de pr\u00e1ticas comunicativas, culturais, educativas at\u00e9 pol\u00edticas, \u00e9 o seu comprometimento e engajamento em um projeto articulado pelo povo. Quando vemos a comunica\u00e7\u00e3o popular praticada pelos Zapatistas no M\u00e9xico, o amplo processo cultural e educativo de erradica\u00e7\u00e3o do analfabetismo no bojo da Revolu\u00e7\u00e3o Sandinista na Nicar\u00e1gua e uma imensid\u00e3o de outros exemplos hist\u00f3ricos que colocam em marcha o legado de Paulo Freire de uma Educa\u00e7\u00e3o do Oprimido, o que os diferencia \u00e9 seu engajamento em mobiliza\u00e7\u00f5es nacionalistas e libert\u00e1rias, que centram no direito do povo e na soberania popular. Foi assim tamb\u00e9m quando a UNE empreendeu o Centro Popular de Cultura no in\u00edcio dos anos 60. Na mesma \u00e9poca, nos mangues, favelas e alagadi\u00e7os do Recife, Paulo Freire empreendia o Movimento de Cultura Popular (MCP), em conson\u00e2ncia com o projeto de transforma\u00e7\u00e3o do governo de Miguel Arraes.<\/p>\n<p>Uma educa\u00e7\u00e3o, uma comunica\u00e7\u00e3o, uma a\u00e7\u00e3o cultural pautada expressivamente na mudan\u00e7a das rela\u00e7\u00f5es que acondicionam a maioria da popula\u00e7\u00e3o, os trabalhadores, a uma posi\u00e7\u00e3o de submiss\u00e3o material e simb\u00f3lica. Este arcabou\u00e7o te\u00f3rico-pr\u00e1tico inaugurado por Paulo Freire a que costumamos chamar Educa\u00e7\u00e3o Popular Cr\u00edtica, est\u00e1 sustentado num pilar fundamental: di\u00e1logo. O di\u00e1logo, para Freire, n\u00e3o est\u00e1 somente no momento da intera\u00e7\u00e3o entre os homens, mulheres, educadores, mas na pr\u00f3pria ontologia do ser, \u201cem di\u00e1logo com o mundo\u201d atrav\u00e9s do corpo.<\/p>\n<p>A constru\u00e7\u00e3o popular do conhecimento \u00e9 a pr\u00f3pria dial\u00e9tica: parte do corpo, dos sentidos, do que se sente na pele, para processar estas viv\u00eancias em conceitos, aprofundamentos e sermos capazes de retornar \u00e0 pr\u00e1tica, desta vez sistematizando o conhecimento coletivo e transformando a realidade. \u00c9\u00a0 a luta dos povos, \u00e9 a luta das mulheres, \u00e9 a luta de toda e todo oprimido e explorado \u201cque desperta com o sonho nas m\u00e3os\u201d, como nos lembra o pr\u00f3prio Freire.<br \/>\nEm nome da mem\u00f3ria de Paulo Freire, apontamos coletivamente o horizonte da retomada do Trabalho de Base, como parte da solu\u00e7\u00e3o dos problemas que hoje atravessa o povo brasileiro. Isso depende intrinsecamente de trabalharmos para a participa\u00e7\u00e3o massiva dos trabalhadores e trabalhadoras, da coparticipa\u00e7\u00e3o e condu\u00e7\u00e3o coletiva num processo de democratiza\u00e7\u00e3o do poder, da agita\u00e7\u00e3o das ideias socialistas e da permanente pr\u00e1tica multiplicadora, vislumbrando a transforma\u00e7\u00e3o da realidade vivida pelo povo e o despertar para a dignidade.<\/p>\n<p>Combater as injusti\u00e7as, anunciar a transforma\u00e7\u00e3o, sonhar o novo mundo forjado por homens e mulheres livres. Abra\u00e7ar Paulo Freire hoje \u00e9 amar as gentes e resistir ativamente, a espera esperan\u00e7ando que ele retrata no poema.<\/p>\n<p>Paulo Freire! 100 anos! Vive em n\u00f3s e em nossa luta!<\/p>\n<p>Por Rafael Soriano | Setor de Comunica\u00e7\u00e3o do MST<\/p>\n<!--[if lt IE 9]><script>document.createElement('audio');<\/script><![endif]-->\n<audio class=\"wp-audio-shortcode\" id=\"audio-3026-1\" preload=\"none\" style=\"width: 100%;\" controls=\"controls\"><source type=\"audio\/mpeg\" src=\"https:\/\/tribunadapraia.com.br\/wp-content\/uploads\/2021\/09\/Esperanca-Paulo-Freire.mp3?_=1\" \/><a href=\"https:\/\/tribunadapraia.com.br\/wp-content\/uploads\/2021\/09\/Esperanca-Paulo-Freire.mp3\">https:\/\/tribunadapraia.com.br\/wp-content\/uploads\/2021\/09\/Esperanca-Paulo-Freire.mp3<\/a><\/audio>\n","protected":false},"excerpt":{"rendered":"<p>Seu corpo e suas palavras, no tempo hist\u00f3rico em que caminhou pelo mundo, o projetaram para uma imortalidade nos que seguem em luta pela emancipa\u00e7\u00e3o popular O Brasil e a Am\u00e9rica Latina t\u00eam um compromisso permanente com o legado deixado por Paulo Freire na busca em conjunto com os pobres, os oprimidos, das solu\u00e7\u00f5es deste mundo. &#8220;Escolhi a sombra desta \u00e1rvore para repousar do muito que farei, enquanto esperarei por<\/p>\n","protected":false},"author":1,"featured_media":3027,"comment_status":"open","ping_status":"open","sticky":false,"template":"","format":"standard","meta":[],"categories":[18],"tags":[],"yoast_head":"<!-- This site is optimized with the Yoast SEO plugin v16.3 - https:\/\/yoast.com\/wordpress\/plugins\/seo\/ -->\n<title>Esperancar, 100 anos do homem que amava as gentes - Ele \u00e9, pela lei n\u00ba 12.612, o Patrono da Educa\u00e7\u00e3o Brasileira - TRIBUNA DA PRAIA<\/title>\n<meta name=\"robots\" content=\"index, follow, max-snippet:-1, max-image-preview:large, max-video-preview:-1\" \/>\n<link rel=\"canonical\" href=\"https:\/\/tribunadapraia.com.br\/?p=3026\" \/>\n<meta property=\"og:locale\" content=\"pt_BR\" \/>\n<meta property=\"og:type\" content=\"article\" \/>\n<meta property=\"og:title\" content=\"Esperancar, 100 anos do homem que amava as gentes - Ele \u00e9, pela lei n\u00ba 12.612, o Patrono da Educa\u00e7\u00e3o Brasileira - TRIBUNA DA PRAIA\" \/>\n<meta property=\"og:description\" content=\"Seu corpo e suas palavras, no tempo hist\u00f3rico em que caminhou pelo mundo, o projetaram para uma imortalidade nos que seguem em luta pela emancipa\u00e7\u00e3o popular O Brasil e a Am\u00e9rica Latina t\u00eam um compromisso permanente com o legado deixado por Paulo Freire na busca em conjunto com os pobres, os oprimidos, das solu\u00e7\u00f5es deste mundo. &#8220;Escolhi a sombra desta \u00e1rvore para repousar do muito que farei, enquanto esperarei por\" \/>\n<meta property=\"og:url\" content=\"https:\/\/tribunadapraia.com.br\/?p=3026\" \/>\n<meta property=\"og:site_name\" content=\"TRIBUNA DA PRAIA\" \/>\n<meta property=\"article:publisher\" content=\"https:\/\/www.facebook.com\/tribunadapraiaonline\/\" \/>\n<meta property=\"article:published_time\" content=\"2021-09-19T13:21:39+00:00\" \/>\n<meta property=\"article:modified_time\" content=\"2021-09-19T13:32:29+00:00\" \/>\n<meta property=\"og:image\" content=\"https:\/\/tribunadapraia.com.br\/wp-content\/uploads\/2021\/09\/IMG-20210919-WA0008.jpg\" \/>\n\t<meta property=\"og:image:width\" content=\"900\" \/>\n\t<meta property=\"og:image:height\" content=\"900\" \/>\n<meta name=\"twitter:card\" content=\"summary_large_image\" \/>\n<meta name=\"twitter:creator\" content=\"@Claudomir21\" \/>\n<meta name=\"twitter:site\" content=\"@Claudomir21\" \/>\n<meta name=\"twitter:label1\" content=\"Est. tempo de leitura\">\n\t<meta name=\"twitter:data1\" content=\"4 minutos\">\n<script type=\"application\/ld+json\" class=\"yoast-schema-graph\">{\"@context\":\"https:\/\/schema.org\",\"@graph\":[{\"@type\":\"Organization\",\"@id\":\"https:\/\/tribunadapraia.com.br\/#organization\",\"name\":\"Tribuna da Praia\",\"url\":\"https:\/\/tribunadapraia.com.br\/\",\"sameAs\":[\"https:\/\/www.facebook.com\/tribunadapraiaonline\/\",\"https:\/\/www.instagram.com\/claudomirtavares\/\",\"https:\/\/www.youtube.com\/channel\/UCwQf80nxiMzCefAyjbp53Rw\",\"https:\/\/twitter.com\/Claudomir21\"],\"logo\":{\"@type\":\"ImageObject\",\"@id\":\"https:\/\/tribunadapraia.com.br\/#logo\",\"inLanguage\":\"pt-BR\",\"url\":\"https:\/\/tribunadapraia.com.br\/wp-content\/uploads\/2020\/02\/logo.png\",\"contentUrl\":\"https:\/\/tribunadapraia.com.br\/wp-content\/uploads\/2020\/02\/logo.png\",\"width\":501,\"height\":121,\"caption\":\"Tribuna da Praia\"},\"image\":{\"@id\":\"https:\/\/tribunadapraia.com.br\/#logo\"}},{\"@type\":\"WebSite\",\"@id\":\"https:\/\/tribunadapraia.com.br\/#website\",\"url\":\"https:\/\/tribunadapraia.com.br\/\",\"name\":\"TRIBUNA DA PRAIA\",\"description\":\"O 1\\u00ba jornal do interior de Sergipe na internet\",\"publisher\":{\"@id\":\"https:\/\/tribunadapraia.com.br\/#organization\"},\"potentialAction\":[{\"@type\":\"SearchAction\",\"target\":\"https:\/\/tribunadapraia.com.br\/?s={search_term_string}\",\"query-input\":\"required name=search_term_string\"}],\"inLanguage\":\"pt-BR\"},{\"@type\":\"ImageObject\",\"@id\":\"https:\/\/tribunadapraia.com.br\/?p=3026#primaryimage\",\"inLanguage\":\"pt-BR\",\"url\":\"https:\/\/tribunadapraia.com.br\/wp-content\/uploads\/2021\/09\/IMG-20210919-WA0008.jpg\",\"contentUrl\":\"https:\/\/tribunadapraia.com.br\/wp-content\/uploads\/2021\/09\/IMG-20210919-WA0008.jpg\",\"width\":900,\"height\":900},{\"@type\":\"WebPage\",\"@id\":\"https:\/\/tribunadapraia.com.br\/?p=3026#webpage\",\"url\":\"https:\/\/tribunadapraia.com.br\/?p=3026\",\"name\":\"Esperancar, 100 anos do homem que amava as gentes - Ele \\u00e9, pela lei n\\u00ba 12.612, o Patrono da Educa\\u00e7\\u00e3o Brasileira - TRIBUNA DA PRAIA\",\"isPartOf\":{\"@id\":\"https:\/\/tribunadapraia.com.br\/#website\"},\"primaryImageOfPage\":{\"@id\":\"https:\/\/tribunadapraia.com.br\/?p=3026#primaryimage\"},\"datePublished\":\"2021-09-19T13:21:39+00:00\",\"dateModified\":\"2021-09-19T13:32:29+00:00\",\"breadcrumb\":{\"@id\":\"https:\/\/tribunadapraia.com.br\/?p=3026#breadcrumb\"},\"inLanguage\":\"pt-BR\",\"potentialAction\":[{\"@type\":\"ReadAction\",\"target\":[\"https:\/\/tribunadapraia.com.br\/?p=3026\"]}]},{\"@type\":\"BreadcrumbList\",\"@id\":\"https:\/\/tribunadapraia.com.br\/?p=3026#breadcrumb\",\"itemListElement\":[{\"@type\":\"ListItem\",\"position\":1,\"item\":{\"@type\":\"WebPage\",\"@id\":\"https:\/\/tribunadapraia.com.br\/\",\"url\":\"https:\/\/tribunadapraia.com.br\/\",\"name\":\"In\\u00edcio\"}},{\"@type\":\"ListItem\",\"position\":2,\"item\":{\"@id\":\"https:\/\/tribunadapraia.com.br\/?p=3026#webpage\"}}]},{\"@type\":\"Article\",\"@id\":\"https:\/\/tribunadapraia.com.br\/?p=3026#article\",\"isPartOf\":{\"@id\":\"https:\/\/tribunadapraia.com.br\/?p=3026#webpage\"},\"author\":{\"@id\":\"https:\/\/tribunadapraia.com.br\/#\/schema\/person\/326b0a9f3163b479142c64eba4928de0\"},\"headline\":\"Esperancar, 100 anos do homem que amava as gentes &#8211; Ele \\u00e9, pela lei n\\u00ba 12.612, o Patrono da Educa\\u00e7\\u00e3o Brasileira\",\"datePublished\":\"2021-09-19T13:21:39+00:00\",\"dateModified\":\"2021-09-19T13:32:29+00:00\",\"mainEntityOfPage\":{\"@id\":\"https:\/\/tribunadapraia.com.br\/?p=3026#webpage\"},\"wordCount\":906,\"commentCount\":0,\"publisher\":{\"@id\":\"https:\/\/tribunadapraia.com.br\/#organization\"},\"image\":{\"@id\":\"https:\/\/tribunadapraia.com.br\/?p=3026#primaryimage\"},\"thumbnailUrl\":\"https:\/\/tribunadapraia.com.br\/wp-content\/uploads\/2021\/09\/IMG-20210919-WA0008.jpg\",\"articleSection\":[\"Not\\u00edcias\"],\"inLanguage\":\"pt-BR\",\"potentialAction\":[{\"@type\":\"CommentAction\",\"name\":\"Comment\",\"target\":[\"https:\/\/tribunadapraia.com.br\/?p=3026#respond\"]}]},{\"@type\":\"Person\",\"@id\":\"https:\/\/tribunadapraia.com.br\/#\/schema\/person\/326b0a9f3163b479142c64eba4928de0\",\"name\":\"tribunadapraia\",\"image\":{\"@type\":\"ImageObject\",\"@id\":\"https:\/\/tribunadapraia.com.br\/#personlogo\",\"inLanguage\":\"pt-BR\",\"url\":\"https:\/\/secure.gravatar.com\/avatar\/38b019c74762496076b7355024a0dad9?s=96&d=identicon&r=g\",\"contentUrl\":\"https:\/\/secure.gravatar.com\/avatar\/38b019c74762496076b7355024a0dad9?s=96&d=identicon&r=g\",\"caption\":\"tribunadapraia\"}}]}<\/script>\n<!-- \/ Yoast SEO plugin. -->","wps_subtitle":"","_links":{"self":[{"href":"https:\/\/tribunadapraia.com.br\/index.php?rest_route=\/wp\/v2\/posts\/3026"}],"collection":[{"href":"https:\/\/tribunadapraia.com.br\/index.php?rest_route=\/wp\/v2\/posts"}],"about":[{"href":"https:\/\/tribunadapraia.com.br\/index.php?rest_route=\/wp\/v2\/types\/post"}],"author":[{"embeddable":true,"href":"https:\/\/tribunadapraia.com.br\/index.php?rest_route=\/wp\/v2\/users\/1"}],"replies":[{"embeddable":true,"href":"https:\/\/tribunadapraia.com.br\/index.php?rest_route=%2Fwp%2Fv2%2Fcomments&post=3026"}],"version-history":[{"count":5,"href":"https:\/\/tribunadapraia.com.br\/index.php?rest_route=\/wp\/v2\/posts\/3026\/revisions"}],"predecessor-version":[{"id":3034,"href":"https:\/\/tribunadapraia.com.br\/index.php?rest_route=\/wp\/v2\/posts\/3026\/revisions\/3034"}],"wp:featuredmedia":[{"embeddable":true,"href":"https:\/\/tribunadapraia.com.br\/index.php?rest_route=\/wp\/v2\/media\/3027"}],"wp:attachment":[{"href":"https:\/\/tribunadapraia.com.br\/index.php?rest_route=%2Fwp%2Fv2%2Fmedia&parent=3026"}],"wp:term":[{"taxonomy":"category","embeddable":true,"href":"https:\/\/tribunadapraia.com.br\/index.php?rest_route=%2Fwp%2Fv2%2Fcategories&post=3026"},{"taxonomy":"post_tag","embeddable":true,"href":"https:\/\/tribunadapraia.com.br\/index.php?rest_route=%2Fwp%2Fv2%2Ftags&post=3026"}],"curies":[{"name":"wp","href":"https:\/\/api.w.org\/{rel}","templated":true}]}}