{"id":3022,"date":"2021-09-16T12:29:07","date_gmt":"2021-09-16T15:29:07","guid":{"rendered":"https:\/\/tribunadapraia.com.br\/?p=3022"},"modified":"2021-09-16T12:44:56","modified_gmt":"2021-09-16T15:44:56","slug":"opiniao-socialista-ato-unitario-greve-geral-autodefesa-e-a-alternativa-dos-trabalhadores","status":"publish","type":"post","link":"https:\/\/tribunadapraia.com.br\/?p=3022","title":{"rendered":"Opini\u00e3o Socialista: Ato unit\u00e1rio, greve geral, autodefesa e a alternativa dos trabalhadores"},"content":{"rendered":"<p>Bolsonaro sofreu uma derrota no 7 de setembro, mas n\u00e3o abandonou seu projeto de ditadura. Pelo contr\u00e1rio, ele j\u00e1 indicou que continua com essa carta na manga no caso de perder as elei\u00e7\u00f5es no ano que vem. Para concretizar o Fora Bolsonaro e dar cabo de vez de suas amea\u00e7as, \u00e9 necess\u00e1rio ir \u00e0s ruas e fazer manifesta\u00e7\u00f5es muito maiores que as que j\u00e1 fizemos.<\/p>\n<p>Movimentos da direita liberal, como o MBL e o Vem Pra Rua, convocaram manifesta\u00e7\u00f5es a fim de fortalecerem uma \u201cterceira via\u201d eleitoral no \u00faltimo 12.\u00a0 Setores do PT e do PSOL, al\u00e9m de outras organiza\u00e7\u00f5es menores como o PCO, declararam que n\u00e3o iriam para as ruas ao lado desses setores. Mas, se era correto n\u00e3o ir nos atos do dia 12 que n\u00e3o foram convocados de forma unit\u00e1ria, \u00e9 um absurdo vetar, na unidade de a\u00e7\u00e3o, qualquer setor que esteja pelo Fora Bolsonaro e contra seu golpismo.<\/p>\n<p>E n\u00e3o deixa de ser contradit\u00f3rio que coloquem como se fosse a mesma coisa unidade a\u00e7\u00e3o para lutar e unidade eleitoral. Principalmente, n\u00e3o falam nada sobre a alian\u00e7a para governar que o PT constroi com pesos pesados da burguesia, seus partidos e at\u00e9 mesmo o centr\u00e3o.<\/p>\n<p>Para massificar a luta pelo Fora Bolsonaro \u00e9 preciso fazer unidade de a\u00e7\u00e3o com todos que estejam dispostos a dar cabo deste governo e parar a prepara\u00e7\u00e3o de golpe. Ningu\u00e9m deve ser vetado, inclusive o MBL. Outra coisa \u00e9 que a classe trabalhadora n\u00e3o deve nem perder sua independ\u00eancia pol\u00edtica, nem se limitar sua pauta a esse ponto unit\u00e1rio.<\/p>\n<p>\u25a0 A necessidade da Greve Geral<\/p>\n<p>Mesmo em unidade de a\u00e7\u00e3o com seus inimigos, a classe trabalhadora n\u00e3o pode perder sua independ\u00eancia pol\u00edtica e capacidade de a\u00e7\u00e3o. N\u00e3o h\u00e1 nenhuma garantia de que tais setores levar\u00e3o at\u00e9 o fim a mobiliza\u00e7\u00e3o pelo Fora Bolsonaro. Pelo contr\u00e1rio, a burguesia e seus representantes como D\u00f3ria, MBL, Temer, o centr\u00e3o e a maioria do Congresso j\u00e1 deram mostras que preferem mant\u00ea-lo l\u00e1. Mas tamb\u00e9m nem Lula ou a dire\u00e7\u00e3o do PSOL querem de fato derrubar Bolsonaro agora. A prioridade deles \u00e9 2022.<\/p>\n<p>A classe trabalhadora precisa botar fora Bolsonaro e Mour\u00e3o, j\u00e1, acabando com as amea\u00e7as \u00e0s liberdades democr\u00e1ticas. A a\u00e7\u00e3o mais forte para isso \u00e9 a Greve Geral. Construir o dia 2 de outubro de forma unit\u00e1ria deve se dar conjuntamente \u00e0 prepara\u00e7\u00e3o da Greve Geral e a defesa de nossas pautas por dois motivos: o primeiro \u00e9 que n\u00e3o h\u00e1 qualquer garantia de que os liberais v\u00e3o at\u00e9 o fim na luta por derrotar esse governo. Segundo, porque a classe trabalhadora quer derrotar tamb\u00e9m a boiada que todos eles querem passar sobre n\u00f3s.<\/p>\n<p>\u25a0 Autodefesa e chamado aos pra\u00e7as e soldados<\/p>\n<p>Neste contexto de aprofundamento da polariza\u00e7\u00e3o e amea\u00e7a da ultradireita, ganha cada vez mais import\u00e2ncia a necessidade de se organizar a autodefesa da classe trabalhadora (leia mais na p\u00e1gina 10). E tamb\u00e9m o chamado a que os pra\u00e7as e soldados n\u00e3o embarquem no falso discurso de Bolsonaro. O governo quer organizar suas pr\u00f3prias mil\u00edcias na base dos militares. No entanto, ao mesmo tempo em que ele privilegia a alta c\u00fapula das For\u00e7as Armadas, com sal\u00e1rios de maraj\u00e1 e cargos nas estatais, a base, tanto dos soldados quanto das Pol\u00edcias Militares, sofre com os mesmos ataques e a mesma pol\u00edtica econ\u00f4mica que o restante da classe trabalhadora.<\/p>\n<p>\u00c9 preciso fazer um chamado a que pra\u00e7as e militares n\u00e3o atendam \u00e0 campanha do bolsonarismo e, ao contr\u00e1rio, apoiem os trabalhadores e a popula\u00e7\u00e3o pobre em sua luta. Que n\u00e3o atendam a ordens de reprimir manifesta\u00e7\u00f5es e que estejam ao lado da classe.<\/p>\n<p><img loading=\"lazy\" class=\"alignnone size-medium wp-image-3024\" src=\"https:\/\/tribunadapraia.com.br\/wp-content\/uploads\/2021\/09\/SERGIO-KOEI2-1536x1025-1-300x200.jpg\" alt=\"\" width=\"300\" height=\"200\" srcset=\"https:\/\/tribunadapraia.com.br\/wp-content\/uploads\/2021\/09\/SERGIO-KOEI2-1536x1025-1-300x200.jpg 300w, https:\/\/tribunadapraia.com.br\/wp-content\/uploads\/2021\/09\/SERGIO-KOEI2-1536x1025-1-1024x683.jpg 1024w, https:\/\/tribunadapraia.com.br\/wp-content\/uploads\/2021\/09\/SERGIO-KOEI2-1536x1025-1-768x513.jpg 768w, https:\/\/tribunadapraia.com.br\/wp-content\/uploads\/2021\/09\/SERGIO-KOEI2-1536x1025-1-600x400.jpg 600w, https:\/\/tribunadapraia.com.br\/wp-content\/uploads\/2021\/09\/SERGIO-KOEI2-1536x1025-1-272x182.jpg 272w, https:\/\/tribunadapraia.com.br\/wp-content\/uploads\/2021\/09\/SERGIO-KOEI2-1536x1025-1.jpg 1536w\" sizes=\"(max-width: 300px) 100vw, 300px\" \/><\/p>\n<p>Organizar um polo socialista e revolucion\u00e1rio<\/p>\n<p>Se para botar fora Bolsonaro devemos unir na luta todo mundo que concorde com isso, quando se trata de discutir o que queremos colocar no seu lugar, e que projeto de pa\u00eds defendemos, a hist\u00f3ria \u00e9 outra.\u00a0 Por isso, precisamos lutar para botar abaixo Bolsonaro, mas tamb\u00e9m por emprego, sal\u00e1rio e direitos. J\u00e1 a burguesia quer continuar atacando a classe e passando a boiada, e est\u00e1 fazendo isso com Bolsonaro.<\/p>\n<p>Para apontar uma sa\u00edda da classe para a crise capitalista do pa\u00eds, que enfrente banqueiros, grandes empres\u00e1rios e multinacionais, ruralistas, organizando os debaixo para lutar e defender emprego, sal\u00e1rio, terra, sa\u00fade, educa\u00e7\u00e3o e soberania, assim como o fim de toda opress\u00e3o sobre negros e negras, mulheres, LGBTIs, ind\u00edgenas, imigrantes, etc., precisamos de um polo independente e sem nenhum rabo preso com a burguesia, capaz de defender e lutar pela igualdade e fazer os ricos pagarem pela crise.<\/p>\n<p>Um polo que, ao contr\u00e1rio da frente ampla, de Lula, do PT, defendido pela maioria do PSOL, com banqueiros, empres\u00e1rios e pol\u00edticos da burguesia, una os debaixo para lutar pela redu\u00e7\u00e3o da jornada sem redu\u00e7\u00e3o dos sal\u00e1rios; um plano de obras p\u00fablicas necess\u00e1rias e ecol\u00f3gicas para acabar com o desemprego; pela defesa do SUS e da educa\u00e7\u00e3o p\u00fablica (estatais, gratuitos e sob controle dos trabalhadores); em defesa das terras ind\u00edgenas, quilombolas e pela reforma agr\u00e1ria; em defesa do meio ambiente; pelo fim da carestia e por aumento geral dos sal\u00e1rios, com o fim da precariza\u00e7\u00e3o do trabalho.<\/p>\n<p>Para isso, \u00e9 necess\u00e1rio suspender o pagamento da d\u00edvida aos banqueiros, anular as privatiza\u00e7\u00f5es e reestatizar as empresas privatizadas, sob controle dos trabalhadores; impor um imposto fortemente progressivo e a taxa\u00e7\u00e3o em 50% das granes fortunas e dos lucros e dividendos das 200 maiores empresas (bancos, ind\u00fastria, com\u00e9rcio e agroneg\u00f3cio); e revogar a reforma trabalhista e previdenci\u00e1ria. Um polo que defenda at\u00e9 o fim a luta contra Bolsonaro, mas que, al\u00e9m disso, coloque a necessidade de que os trabalhadores governem, atrav\u00e9s de conselhos populares, para mudar de fato o Brasil.<\/p>\n<p>Fonte: PSTU.org.br<br \/>\nFotos S\u00e9rgio Koei<\/p>\n","protected":false},"excerpt":{"rendered":"<p>Bolsonaro sofreu uma derrota no 7 de setembro, mas n\u00e3o abandonou seu projeto de ditadura. Pelo contr\u00e1rio, ele j\u00e1 indicou que continua com essa carta na manga no caso de perder as elei\u00e7\u00f5es no ano que vem. Para concretizar o Fora Bolsonaro e dar cabo de vez de suas amea\u00e7as, \u00e9 necess\u00e1rio ir \u00e0s ruas e fazer manifesta\u00e7\u00f5es muito maiores que as que j\u00e1 fizemos. Movimentos da direita liberal, como<\/p>\n","protected":false},"author":1,"featured_media":3023,"comment_status":"open","ping_status":"open","sticky":false,"template":"","format":"standard","meta":[],"categories":[18],"tags":[],"yoast_head":"<!-- This site is optimized with the Yoast SEO plugin v16.3 - https:\/\/yoast.com\/wordpress\/plugins\/seo\/ -->\n<title>Opini\u00e3o Socialista: Ato unit\u00e1rio, greve geral, autodefesa e a alternativa dos trabalhadores - TRIBUNA DA PRAIA<\/title>\n<meta name=\"robots\" content=\"index, follow, max-snippet:-1, max-image-preview:large, max-video-preview:-1\" \/>\n<link rel=\"canonical\" href=\"https:\/\/tribunadapraia.com.br\/?p=3022\" \/>\n<meta property=\"og:locale\" content=\"pt_BR\" \/>\n<meta property=\"og:type\" content=\"article\" \/>\n<meta property=\"og:title\" content=\"Opini\u00e3o Socialista: Ato unit\u00e1rio, greve geral, autodefesa e a alternativa dos trabalhadores - TRIBUNA DA PRAIA\" \/>\n<meta property=\"og:description\" content=\"Bolsonaro sofreu uma derrota no 7 de setembro, mas n\u00e3o abandonou seu projeto de ditadura. Pelo contr\u00e1rio, ele j\u00e1 indicou que continua com essa carta na manga no caso de perder as elei\u00e7\u00f5es no ano que vem. Para concretizar o Fora Bolsonaro e dar cabo de vez de suas amea\u00e7as, \u00e9 necess\u00e1rio ir \u00e0s ruas e fazer manifesta\u00e7\u00f5es muito maiores que as que j\u00e1 fizemos. Movimentos da direita liberal, como\" \/>\n<meta property=\"og:url\" content=\"https:\/\/tribunadapraia.com.br\/?p=3022\" \/>\n<meta property=\"og:site_name\" content=\"TRIBUNA DA PRAIA\" \/>\n<meta property=\"article:publisher\" content=\"https:\/\/www.facebook.com\/tribunadapraiaonline\/\" \/>\n<meta property=\"article:published_time\" content=\"2021-09-16T15:29:07+00:00\" \/>\n<meta property=\"article:modified_time\" content=\"2021-09-16T15:44:56+00:00\" \/>\n<meta property=\"og:image\" content=\"https:\/\/tribunadapraia.com.br\/wp-content\/uploads\/2021\/09\/SERGIO-KOEI-1536x1025-1.jpg\" \/>\n\t<meta property=\"og:image:width\" content=\"1536\" \/>\n\t<meta property=\"og:image:height\" content=\"1025\" \/>\n<meta name=\"twitter:card\" content=\"summary_large_image\" \/>\n<meta name=\"twitter:creator\" content=\"@Claudomir21\" \/>\n<meta name=\"twitter:site\" content=\"@Claudomir21\" \/>\n<meta name=\"twitter:label1\" content=\"Est. tempo de leitura\">\n\t<meta name=\"twitter:data1\" content=\"5 minutos\">\n<script type=\"application\/ld+json\" class=\"yoast-schema-graph\">{\"@context\":\"https:\/\/schema.org\",\"@graph\":[{\"@type\":\"Organization\",\"@id\":\"https:\/\/tribunadapraia.com.br\/#organization\",\"name\":\"Tribuna da Praia\",\"url\":\"https:\/\/tribunadapraia.com.br\/\",\"sameAs\":[\"https:\/\/www.facebook.com\/tribunadapraiaonline\/\",\"https:\/\/www.instagram.com\/claudomirtavares\/\",\"https:\/\/www.youtube.com\/channel\/UCwQf80nxiMzCefAyjbp53Rw\",\"https:\/\/twitter.com\/Claudomir21\"],\"logo\":{\"@type\":\"ImageObject\",\"@id\":\"https:\/\/tribunadapraia.com.br\/#logo\",\"inLanguage\":\"pt-BR\",\"url\":\"https:\/\/tribunadapraia.com.br\/wp-content\/uploads\/2020\/02\/logo.png\",\"contentUrl\":\"https:\/\/tribunadapraia.com.br\/wp-content\/uploads\/2020\/02\/logo.png\",\"width\":501,\"height\":121,\"caption\":\"Tribuna da Praia\"},\"image\":{\"@id\":\"https:\/\/tribunadapraia.com.br\/#logo\"}},{\"@type\":\"WebSite\",\"@id\":\"https:\/\/tribunadapraia.com.br\/#website\",\"url\":\"https:\/\/tribunadapraia.com.br\/\",\"name\":\"TRIBUNA DA PRAIA\",\"description\":\"O 1\\u00ba jornal do interior de Sergipe na internet\",\"publisher\":{\"@id\":\"https:\/\/tribunadapraia.com.br\/#organization\"},\"potentialAction\":[{\"@type\":\"SearchAction\",\"target\":\"https:\/\/tribunadapraia.com.br\/?s={search_term_string}\",\"query-input\":\"required name=search_term_string\"}],\"inLanguage\":\"pt-BR\"},{\"@type\":\"ImageObject\",\"@id\":\"https:\/\/tribunadapraia.com.br\/?p=3022#primaryimage\",\"inLanguage\":\"pt-BR\",\"url\":\"https:\/\/tribunadapraia.com.br\/wp-content\/uploads\/2021\/09\/SERGIO-KOEI-1536x1025-1.jpg\",\"contentUrl\":\"https:\/\/tribunadapraia.com.br\/wp-content\/uploads\/2021\/09\/SERGIO-KOEI-1536x1025-1.jpg\",\"width\":1536,\"height\":1025},{\"@type\":\"WebPage\",\"@id\":\"https:\/\/tribunadapraia.com.br\/?p=3022#webpage\",\"url\":\"https:\/\/tribunadapraia.com.br\/?p=3022\",\"name\":\"Opini\\u00e3o Socialista: Ato unit\\u00e1rio, greve geral, autodefesa e a alternativa dos trabalhadores - TRIBUNA DA PRAIA\",\"isPartOf\":{\"@id\":\"https:\/\/tribunadapraia.com.br\/#website\"},\"primaryImageOfPage\":{\"@id\":\"https:\/\/tribunadapraia.com.br\/?p=3022#primaryimage\"},\"datePublished\":\"2021-09-16T15:29:07+00:00\",\"dateModified\":\"2021-09-16T15:44:56+00:00\",\"breadcrumb\":{\"@id\":\"https:\/\/tribunadapraia.com.br\/?p=3022#breadcrumb\"},\"inLanguage\":\"pt-BR\",\"potentialAction\":[{\"@type\":\"ReadAction\",\"target\":[\"https:\/\/tribunadapraia.com.br\/?p=3022\"]}]},{\"@type\":\"BreadcrumbList\",\"@id\":\"https:\/\/tribunadapraia.com.br\/?p=3022#breadcrumb\",\"itemListElement\":[{\"@type\":\"ListItem\",\"position\":1,\"item\":{\"@type\":\"WebPage\",\"@id\":\"https:\/\/tribunadapraia.com.br\/\",\"url\":\"https:\/\/tribunadapraia.com.br\/\",\"name\":\"In\\u00edcio\"}},{\"@type\":\"ListItem\",\"position\":2,\"item\":{\"@id\":\"https:\/\/tribunadapraia.com.br\/?p=3022#webpage\"}}]},{\"@type\":\"Article\",\"@id\":\"https:\/\/tribunadapraia.com.br\/?p=3022#article\",\"isPartOf\":{\"@id\":\"https:\/\/tribunadapraia.com.br\/?p=3022#webpage\"},\"author\":{\"@id\":\"https:\/\/tribunadapraia.com.br\/#\/schema\/person\/326b0a9f3163b479142c64eba4928de0\"},\"headline\":\"Opini\\u00e3o Socialista: Ato unit\\u00e1rio, greve geral, autodefesa e a alternativa dos trabalhadores\",\"datePublished\":\"2021-09-16T15:29:07+00:00\",\"dateModified\":\"2021-09-16T15:44:56+00:00\",\"mainEntityOfPage\":{\"@id\":\"https:\/\/tribunadapraia.com.br\/?p=3022#webpage\"},\"wordCount\":1048,\"commentCount\":0,\"publisher\":{\"@id\":\"https:\/\/tribunadapraia.com.br\/#organization\"},\"image\":{\"@id\":\"https:\/\/tribunadapraia.com.br\/?p=3022#primaryimage\"},\"thumbnailUrl\":\"https:\/\/tribunadapraia.com.br\/wp-content\/uploads\/2021\/09\/SERGIO-KOEI-1536x1025-1.jpg\",\"articleSection\":[\"Not\\u00edcias\"],\"inLanguage\":\"pt-BR\",\"potentialAction\":[{\"@type\":\"CommentAction\",\"name\":\"Comment\",\"target\":[\"https:\/\/tribunadapraia.com.br\/?p=3022#respond\"]}]},{\"@type\":\"Person\",\"@id\":\"https:\/\/tribunadapraia.com.br\/#\/schema\/person\/326b0a9f3163b479142c64eba4928de0\",\"name\":\"tribunadapraia\",\"image\":{\"@type\":\"ImageObject\",\"@id\":\"https:\/\/tribunadapraia.com.br\/#personlogo\",\"inLanguage\":\"pt-BR\",\"url\":\"https:\/\/secure.gravatar.com\/avatar\/38b019c74762496076b7355024a0dad9?s=96&d=identicon&r=g\",\"contentUrl\":\"https:\/\/secure.gravatar.com\/avatar\/38b019c74762496076b7355024a0dad9?s=96&d=identicon&r=g\",\"caption\":\"tribunadapraia\"}}]}<\/script>\n<!-- \/ Yoast SEO plugin. -->","wps_subtitle":"","_links":{"self":[{"href":"https:\/\/tribunadapraia.com.br\/index.php?rest_route=\/wp\/v2\/posts\/3022"}],"collection":[{"href":"https:\/\/tribunadapraia.com.br\/index.php?rest_route=\/wp\/v2\/posts"}],"about":[{"href":"https:\/\/tribunadapraia.com.br\/index.php?rest_route=\/wp\/v2\/types\/post"}],"author":[{"embeddable":true,"href":"https:\/\/tribunadapraia.com.br\/index.php?rest_route=\/wp\/v2\/users\/1"}],"replies":[{"embeddable":true,"href":"https:\/\/tribunadapraia.com.br\/index.php?rest_route=%2Fwp%2Fv2%2Fcomments&post=3022"}],"version-history":[{"count":1,"href":"https:\/\/tribunadapraia.com.br\/index.php?rest_route=\/wp\/v2\/posts\/3022\/revisions"}],"predecessor-version":[{"id":3025,"href":"https:\/\/tribunadapraia.com.br\/index.php?rest_route=\/wp\/v2\/posts\/3022\/revisions\/3025"}],"wp:featuredmedia":[{"embeddable":true,"href":"https:\/\/tribunadapraia.com.br\/index.php?rest_route=\/wp\/v2\/media\/3023"}],"wp:attachment":[{"href":"https:\/\/tribunadapraia.com.br\/index.php?rest_route=%2Fwp%2Fv2%2Fmedia&parent=3022"}],"wp:term":[{"taxonomy":"category","embeddable":true,"href":"https:\/\/tribunadapraia.com.br\/index.php?rest_route=%2Fwp%2Fv2%2Fcategories&post=3022"},{"taxonomy":"post_tag","embeddable":true,"href":"https:\/\/tribunadapraia.com.br\/index.php?rest_route=%2Fwp%2Fv2%2Ftags&post=3022"}],"curies":[{"name":"wp","href":"https:\/\/api.w.org\/{rel}","templated":true}]}}