{"id":3019,"date":"2021-09-15T10:34:39","date_gmt":"2021-09-15T13:34:39","guid":{"rendered":"https:\/\/tribunadapraia.com.br\/?p=3019"},"modified":"2021-09-15T10:35:50","modified_gmt":"2021-09-15T13:35:50","slug":"estreia-do-audiodocumentario-dois-paulos-na-pauliceia","status":"publish","type":"post","link":"https:\/\/tribunadapraia.com.br\/?p=3019","title":{"rendered":"Estreia do Audiodocument\u00e1rio: Dois Paulos na Paulic\u00e9ia"},"content":{"rendered":"<p>Dire\u00e7\u00e3o de Carlos Pronzato<br \/>\nProdu\u00e7\u00e3o de Paulo Pedrini<\/p>\n<p>Dom Paulo Evaristo Arns e Paulo Freire fariam 100 anos em setembro de 2021. Provocados por essa feliz coincid\u00eancia procuramos trazer um pouco do legado que ambos nos deixaram.<\/p>\n<p>O lema episcopal de dom Paulo era &#8220;de esperan\u00e7a em esperan\u00e7a&#8221; e Paulo Freire nos mostrou a necessidade do verbo &#8216;esperan\u00e7ar&#8221;. Sem d\u00favida os dois Paulos foram grandes mestres na organiza\u00e7\u00e3o popular que se transformou em esperan\u00e7a ativa vinda de uma f\u00e9 encarnada na realidade do povo.<br \/>\nCom a participa\u00e7\u00e3o de Nita Freire, Frei Betto, Luiza Erundina, Juca Kfouri, Ivo Herzog, Paulo Vanucchi, Dom Ang\u00e9lico S\u00e2ndalo Bernardino, Margarida Genevois, Salvador Pires, Adolfo Perez Esquivel, Maria \u00c2ngela Borsoi, entre muitos outros, e com m\u00fasica original de Gereba e Paulinho Pedra Azul, esta obra homenagem estr\u00e9ia no domingo 19 de setembro \u00e0s 19h, no canal de YouTube Carlos Pronzato.<\/p>\n<p>Inscreva &#8211; se no canal e compartilhe os document\u00e1rios.<\/p>\n","protected":false},"excerpt":{"rendered":"<p>Dire\u00e7\u00e3o de Carlos Pronzato Produ\u00e7\u00e3o de Paulo Pedrini Dom Paulo Evaristo Arns e Paulo Freire fariam 100 anos em setembro de 2021. Provocados por essa feliz coincid\u00eancia procuramos trazer um pouco do legado que ambos nos deixaram. O lema episcopal de dom Paulo era &#8220;de esperan\u00e7a em esperan\u00e7a&#8221; e Paulo Freire nos mostrou a necessidade do verbo &#8216;esperan\u00e7ar&#8221;. Sem d\u00favida os dois Paulos foram grandes mestres na organiza\u00e7\u00e3o popular que<\/p>\n","protected":false},"author":1,"featured_media":3020,"comment_status":"open","ping_status":"open","sticky":false,"template":"","format":"standard","meta":[],"categories":[18],"tags":[],"yoast_head":"<!-- This site is optimized with the Yoast SEO plugin v16.3 - https:\/\/yoast.com\/wordpress\/plugins\/seo\/ -->\n<title>Estreia do Audiodocument\u00e1rio: Dois Paulos na Paulic\u00e9ia - TRIBUNA DA PRAIA<\/title>\n<meta name=\"robots\" content=\"index, follow, max-snippet:-1, max-image-preview:large, max-video-preview:-1\" \/>\n<link rel=\"canonical\" href=\"https:\/\/tribunadapraia.com.br\/?p=3019\" \/>\n<meta property=\"og:locale\" content=\"pt_BR\" \/>\n<meta property=\"og:type\" content=\"article\" \/>\n<meta property=\"og:title\" content=\"Estreia do Audiodocument\u00e1rio: Dois Paulos na Paulic\u00e9ia - TRIBUNA DA PRAIA\" \/>\n<meta property=\"og:description\" content=\"Dire\u00e7\u00e3o de Carlos Pronzato Produ\u00e7\u00e3o de Paulo Pedrini Dom Paulo Evaristo Arns e Paulo Freire fariam 100 anos em setembro de 2021. Provocados por essa feliz coincid\u00eancia procuramos trazer um pouco do legado que ambos nos deixaram. O lema episcopal de dom Paulo era &#8220;de esperan\u00e7a em esperan\u00e7a&#8221; e Paulo Freire nos mostrou a necessidade do verbo &#8216;esperan\u00e7ar&#8221;. Sem d\u00favida os dois Paulos foram grandes mestres na organiza\u00e7\u00e3o popular que\" \/>\n<meta property=\"og:url\" content=\"https:\/\/tribunadapraia.com.br\/?p=3019\" \/>\n<meta property=\"og:site_name\" content=\"TRIBUNA DA PRAIA\" \/>\n<meta property=\"article:publisher\" content=\"https:\/\/www.facebook.com\/tribunadapraiaonline\/\" \/>\n<meta property=\"article:published_time\" content=\"2021-09-15T13:34:39+00:00\" \/>\n<meta property=\"article:modified_time\" content=\"2021-09-15T13:35:50+00:00\" \/>\n<meta property=\"og:image\" content=\"https:\/\/tribunadapraia.com.br\/wp-content\/uploads\/2021\/09\/IMG-20210915-WA0043.jpg\" \/>\n\t<meta property=\"og:image:width\" content=\"1280\" \/>\n\t<meta property=\"og:image:height\" content=\"720\" \/>\n<meta name=\"twitter:card\" content=\"summary_large_image\" \/>\n<meta name=\"twitter:creator\" content=\"@Claudomir21\" \/>\n<meta name=\"twitter:site\" content=\"@Claudomir21\" \/>\n<meta name=\"twitter:label1\" content=\"Est. tempo de leitura\">\n\t<meta name=\"twitter:data1\" content=\"1 minuto\">\n<script type=\"application\/ld+json\" class=\"yoast-schema-graph\">{\"@context\":\"https:\/\/schema.org\",\"@graph\":[{\"@type\":\"Organization\",\"@id\":\"https:\/\/tribunadapraia.com.br\/#organization\",\"name\":\"Tribuna da Praia\",\"url\":\"https:\/\/tribunadapraia.com.br\/\",\"sameAs\":[\"https:\/\/www.facebook.com\/tribunadapraiaonline\/\",\"https:\/\/www.instagram.com\/claudomirtavares\/\",\"https:\/\/www.youtube.com\/channel\/UCwQf80nxiMzCefAyjbp53Rw\",\"https:\/\/twitter.com\/Claudomir21\"],\"logo\":{\"@type\":\"ImageObject\",\"@id\":\"https:\/\/tribunadapraia.com.br\/#logo\",\"inLanguage\":\"pt-BR\",\"url\":\"https:\/\/tribunadapraia.com.br\/wp-content\/uploads\/2020\/02\/logo.png\",\"contentUrl\":\"https:\/\/tribunadapraia.com.br\/wp-content\/uploads\/2020\/02\/logo.png\",\"width\":501,\"height\":121,\"caption\":\"Tribuna da Praia\"},\"image\":{\"@id\":\"https:\/\/tribunadapraia.com.br\/#logo\"}},{\"@type\":\"WebSite\",\"@id\":\"https:\/\/tribunadapraia.com.br\/#website\",\"url\":\"https:\/\/tribunadapraia.com.br\/\",\"name\":\"TRIBUNA DA PRAIA\",\"description\":\"O 1\\u00ba jornal do interior de Sergipe na internet\",\"publisher\":{\"@id\":\"https:\/\/tribunadapraia.com.br\/#organization\"},\"potentialAction\":[{\"@type\":\"SearchAction\",\"target\":\"https:\/\/tribunadapraia.com.br\/?s={search_term_string}\",\"query-input\":\"required name=search_term_string\"}],\"inLanguage\":\"pt-BR\"},{\"@type\":\"ImageObject\",\"@id\":\"https:\/\/tribunadapraia.com.br\/?p=3019#primaryimage\",\"inLanguage\":\"pt-BR\",\"url\":\"https:\/\/tribunadapraia.com.br\/wp-content\/uploads\/2021\/09\/IMG-20210915-WA0043.jpg\",\"contentUrl\":\"https:\/\/tribunadapraia.com.br\/wp-content\/uploads\/2021\/09\/IMG-20210915-WA0043.jpg\",\"width\":1280,\"height\":720},{\"@type\":\"WebPage\",\"@id\":\"https:\/\/tribunadapraia.com.br\/?p=3019#webpage\",\"url\":\"https:\/\/tribunadapraia.com.br\/?p=3019\",\"name\":\"Estreia do Audiodocument\\u00e1rio: Dois Paulos na Paulic\\u00e9ia - TRIBUNA DA PRAIA\",\"isPartOf\":{\"@id\":\"https:\/\/tribunadapraia.com.br\/#website\"},\"primaryImageOfPage\":{\"@id\":\"https:\/\/tribunadapraia.com.br\/?p=3019#primaryimage\"},\"datePublished\":\"2021-09-15T13:34:39+00:00\",\"dateModified\":\"2021-09-15T13:35:50+00:00\",\"breadcrumb\":{\"@id\":\"https:\/\/tribunadapraia.com.br\/?p=3019#breadcrumb\"},\"inLanguage\":\"pt-BR\",\"potentialAction\":[{\"@type\":\"ReadAction\",\"target\":[\"https:\/\/tribunadapraia.com.br\/?p=3019\"]}]},{\"@type\":\"BreadcrumbList\",\"@id\":\"https:\/\/tribunadapraia.com.br\/?p=3019#breadcrumb\",\"itemListElement\":[{\"@type\":\"ListItem\",\"position\":1,\"item\":{\"@type\":\"WebPage\",\"@id\":\"https:\/\/tribunadapraia.com.br\/\",\"url\":\"https:\/\/tribunadapraia.com.br\/\",\"name\":\"In\\u00edcio\"}},{\"@type\":\"ListItem\",\"position\":2,\"item\":{\"@id\":\"https:\/\/tribunadapraia.com.br\/?p=3019#webpage\"}}]},{\"@type\":\"Article\",\"@id\":\"https:\/\/tribunadapraia.com.br\/?p=3019#article\",\"isPartOf\":{\"@id\":\"https:\/\/tribunadapraia.com.br\/?p=3019#webpage\"},\"author\":{\"@id\":\"https:\/\/tribunadapraia.com.br\/#\/schema\/person\/326b0a9f3163b479142c64eba4928de0\"},\"headline\":\"Estreia do Audiodocument\\u00e1rio: Dois Paulos na Paulic\\u00e9ia\",\"datePublished\":\"2021-09-15T13:34:39+00:00\",\"dateModified\":\"2021-09-15T13:35:50+00:00\",\"mainEntityOfPage\":{\"@id\":\"https:\/\/tribunadapraia.com.br\/?p=3019#webpage\"},\"wordCount\":174,\"commentCount\":0,\"publisher\":{\"@id\":\"https:\/\/tribunadapraia.com.br\/#organization\"},\"image\":{\"@id\":\"https:\/\/tribunadapraia.com.br\/?p=3019#primaryimage\"},\"thumbnailUrl\":\"https:\/\/tribunadapraia.com.br\/wp-content\/uploads\/2021\/09\/IMG-20210915-WA0043.jpg\",\"articleSection\":[\"Not\\u00edcias\"],\"inLanguage\":\"pt-BR\",\"potentialAction\":[{\"@type\":\"CommentAction\",\"name\":\"Comment\",\"target\":[\"https:\/\/tribunadapraia.com.br\/?p=3019#respond\"]}]},{\"@type\":\"Person\",\"@id\":\"https:\/\/tribunadapraia.com.br\/#\/schema\/person\/326b0a9f3163b479142c64eba4928de0\",\"name\":\"tribunadapraia\",\"image\":{\"@type\":\"ImageObject\",\"@id\":\"https:\/\/tribunadapraia.com.br\/#personlogo\",\"inLanguage\":\"pt-BR\",\"url\":\"https:\/\/secure.gravatar.com\/avatar\/38b019c74762496076b7355024a0dad9?s=96&d=identicon&r=g\",\"contentUrl\":\"https:\/\/secure.gravatar.com\/avatar\/38b019c74762496076b7355024a0dad9?s=96&d=identicon&r=g\",\"caption\":\"tribunadapraia\"}}]}<\/script>\n<!-- \/ Yoast SEO plugin. -->","wps_subtitle":"","_links":{"self":[{"href":"https:\/\/tribunadapraia.com.br\/index.php?rest_route=\/wp\/v2\/posts\/3019"}],"collection":[{"href":"https:\/\/tribunadapraia.com.br\/index.php?rest_route=\/wp\/v2\/posts"}],"about":[{"href":"https:\/\/tribunadapraia.com.br\/index.php?rest_route=\/wp\/v2\/types\/post"}],"author":[{"embeddable":true,"href":"https:\/\/tribunadapraia.com.br\/index.php?rest_route=\/wp\/v2\/users\/1"}],"replies":[{"embeddable":true,"href":"https:\/\/tribunadapraia.com.br\/index.php?rest_route=%2Fwp%2Fv2%2Fcomments&post=3019"}],"version-history":[{"count":1,"href":"https:\/\/tribunadapraia.com.br\/index.php?rest_route=\/wp\/v2\/posts\/3019\/revisions"}],"predecessor-version":[{"id":3021,"href":"https:\/\/tribunadapraia.com.br\/index.php?rest_route=\/wp\/v2\/posts\/3019\/revisions\/3021"}],"wp:featuredmedia":[{"embeddable":true,"href":"https:\/\/tribunadapraia.com.br\/index.php?rest_route=\/wp\/v2\/media\/3020"}],"wp:attachment":[{"href":"https:\/\/tribunadapraia.com.br\/index.php?rest_route=%2Fwp%2Fv2%2Fmedia&parent=3019"}],"wp:term":[{"taxonomy":"category","embeddable":true,"href":"https:\/\/tribunadapraia.com.br\/index.php?rest_route=%2Fwp%2Fv2%2Fcategories&post=3019"},{"taxonomy":"post_tag","embeddable":true,"href":"https:\/\/tribunadapraia.com.br\/index.php?rest_route=%2Fwp%2Fv2%2Ftags&post=3019"}],"curies":[{"name":"wp","href":"https:\/\/api.w.org\/{rel}","templated":true}]}}