{"id":3016,"date":"2021-09-14T18:10:03","date_gmt":"2021-09-14T21:10:03","guid":{"rendered":"https:\/\/tribunadapraia.com.br\/?p=3016"},"modified":"2021-09-14T18:10:42","modified_gmt":"2021-09-14T21:10:42","slug":"100-anos-de-dom-paulo-evarusto-arns-cuja-historia-e-marcada-pela-luta-contra-a-ditadura-militar-e-pela-defesa-dos-direitos-humanos","status":"publish","type":"post","link":"https:\/\/tribunadapraia.com.br\/?p=3016","title":{"rendered":"100 anos de Dom Paulo Evarusto Arns, cuja hist\u00f3ria \u00e9 marcada pela luta contra a ditadura militar e pela defesa dos direitos humanos"},"content":{"rendered":"<p>H\u00e1 100 anos no dia 14 de setembro de 1921, nasceu em Forquilhinha (SC), Dom Paulo Evaristo Arns, que foi nomeado arcebispo de S\u00e3o Paulo em outubro de 1970, aos 49 anos. Sua hist\u00f3ria \u00e9 marcada pela luta contra a ditadura militar, nas d\u00e9cadas de 1960 e 1870, e pela defesa dos direitos humanos. Com forma\u00e7\u00e3o em Filosofia e Teologia, escreveu 56 livros, entre os quais &#8220;Brasil: Nunca Mais&#8221;. Trata-se de um projeto conduzido clandestinamenste entre os anos de 1979 e 1985, pelo Conselho Mundial de Igrejas e pela Arquidiocese de S\u00e3o Paulo, que retrata as torturas e outras graves viola\u00e7\u00f5es aos direitos humanos durante a ditadura militar brasileira.<\/p>\n<p>Entre outros epis\u00f3dios de sua trajet\u00f3ria, destacam-se a atua\u00e7\u00e3o contra a invas\u00e3o da Pontif\u00edcia Universidade Cat\u00f3lica (PUC), comandada pelo ent\u00e3o secret\u00e1rio de Seguran\u00e7a P\u00fablica de S\u00e3o Paulo, coronel Erasmo Dias, em 1977, e o planejamento da opera\u00e7\u00e3o para entregar ao presidente dos Estados Unidos, Jimmy Carter, uma lista com os nomes de desaparecidos pol\u00edticos.<\/p>\n<p>Em outubro de 1975, celebrou na Catedral da S\u00e9 o hist\u00f3rico culto ecum\u00eanico em homenagem ao jornalista Vladimir Herzog, morto pelo regime militar. Faleceu em 14 de dezembro de 2016.<\/p>\n<p>Com informa\u00e7\u00f5es da assessoria do deputado estadual Luiz Fernando Teixeira<\/p>\n","protected":false},"excerpt":{"rendered":"<p>H\u00e1 100 anos no dia 14 de setembro de 1921, nasceu em Forquilhinha (SC), Dom Paulo Evaristo Arns, que foi nomeado arcebispo de S\u00e3o Paulo em outubro de 1970, aos 49 anos. Sua hist\u00f3ria \u00e9 marcada pela luta contra a ditadura militar, nas d\u00e9cadas de 1960 e 1870, e pela defesa dos direitos humanos. Com forma\u00e7\u00e3o em Filosofia e Teologia, escreveu 56 livros, entre os quais &#8220;Brasil: Nunca Mais&#8221;. Trata-se<\/p>\n","protected":false},"author":1,"featured_media":3017,"comment_status":"open","ping_status":"open","sticky":false,"template":"","format":"standard","meta":[],"categories":[18],"tags":[],"yoast_head":"<!-- This site is optimized with the Yoast SEO plugin v16.3 - https:\/\/yoast.com\/wordpress\/plugins\/seo\/ -->\n<title>100 anos de Dom Paulo Evarusto Arns, cuja hist\u00f3ria \u00e9 marcada pela luta contra a ditadura militar e pela defesa dos direitos humanos - TRIBUNA DA PRAIA<\/title>\n<meta name=\"robots\" content=\"index, follow, max-snippet:-1, max-image-preview:large, max-video-preview:-1\" \/>\n<link rel=\"canonical\" href=\"https:\/\/tribunadapraia.com.br\/?p=3016\" \/>\n<meta property=\"og:locale\" content=\"pt_BR\" \/>\n<meta property=\"og:type\" content=\"article\" \/>\n<meta property=\"og:title\" content=\"100 anos de Dom Paulo Evarusto Arns, cuja hist\u00f3ria \u00e9 marcada pela luta contra a ditadura militar e pela defesa dos direitos humanos - TRIBUNA DA PRAIA\" \/>\n<meta property=\"og:description\" content=\"H\u00e1 100 anos no dia 14 de setembro de 1921, nasceu em Forquilhinha (SC), Dom Paulo Evaristo Arns, que foi nomeado arcebispo de S\u00e3o Paulo em outubro de 1970, aos 49 anos. Sua hist\u00f3ria \u00e9 marcada pela luta contra a ditadura militar, nas d\u00e9cadas de 1960 e 1870, e pela defesa dos direitos humanos. Com forma\u00e7\u00e3o em Filosofia e Teologia, escreveu 56 livros, entre os quais &#8220;Brasil: Nunca Mais&#8221;. Trata-se\" \/>\n<meta property=\"og:url\" content=\"https:\/\/tribunadapraia.com.br\/?p=3016\" \/>\n<meta property=\"og:site_name\" content=\"TRIBUNA DA PRAIA\" \/>\n<meta property=\"article:publisher\" content=\"https:\/\/www.facebook.com\/tribunadapraiaonline\/\" \/>\n<meta property=\"article:published_time\" content=\"2021-09-14T21:10:03+00:00\" \/>\n<meta property=\"article:modified_time\" content=\"2021-09-14T21:10:42+00:00\" \/>\n<meta property=\"og:image\" content=\"https:\/\/tribunadapraia.com.br\/wp-content\/uploads\/2021\/09\/fg223113.jpg\" \/>\n\t<meta property=\"og:image:width\" content=\"2480\" \/>\n\t<meta property=\"og:image:height\" content=\"1653\" \/>\n<meta name=\"twitter:card\" content=\"summary_large_image\" \/>\n<meta name=\"twitter:creator\" content=\"@Claudomir21\" \/>\n<meta name=\"twitter:site\" content=\"@Claudomir21\" \/>\n<meta name=\"twitter:label1\" content=\"Est. tempo de leitura\">\n\t<meta name=\"twitter:data1\" content=\"1 minuto\">\n<script type=\"application\/ld+json\" class=\"yoast-schema-graph\">{\"@context\":\"https:\/\/schema.org\",\"@graph\":[{\"@type\":\"Organization\",\"@id\":\"https:\/\/tribunadapraia.com.br\/#organization\",\"name\":\"Tribuna da Praia\",\"url\":\"https:\/\/tribunadapraia.com.br\/\",\"sameAs\":[\"https:\/\/www.facebook.com\/tribunadapraiaonline\/\",\"https:\/\/www.instagram.com\/claudomirtavares\/\",\"https:\/\/www.youtube.com\/channel\/UCwQf80nxiMzCefAyjbp53Rw\",\"https:\/\/twitter.com\/Claudomir21\"],\"logo\":{\"@type\":\"ImageObject\",\"@id\":\"https:\/\/tribunadapraia.com.br\/#logo\",\"inLanguage\":\"pt-BR\",\"url\":\"https:\/\/tribunadapraia.com.br\/wp-content\/uploads\/2020\/02\/logo.png\",\"contentUrl\":\"https:\/\/tribunadapraia.com.br\/wp-content\/uploads\/2020\/02\/logo.png\",\"width\":501,\"height\":121,\"caption\":\"Tribuna da Praia\"},\"image\":{\"@id\":\"https:\/\/tribunadapraia.com.br\/#logo\"}},{\"@type\":\"WebSite\",\"@id\":\"https:\/\/tribunadapraia.com.br\/#website\",\"url\":\"https:\/\/tribunadapraia.com.br\/\",\"name\":\"TRIBUNA DA PRAIA\",\"description\":\"O 1\\u00ba jornal do interior de Sergipe na internet\",\"publisher\":{\"@id\":\"https:\/\/tribunadapraia.com.br\/#organization\"},\"potentialAction\":[{\"@type\":\"SearchAction\",\"target\":\"https:\/\/tribunadapraia.com.br\/?s={search_term_string}\",\"query-input\":\"required name=search_term_string\"}],\"inLanguage\":\"pt-BR\"},{\"@type\":\"ImageObject\",\"@id\":\"https:\/\/tribunadapraia.com.br\/?p=3016#primaryimage\",\"inLanguage\":\"pt-BR\",\"url\":\"https:\/\/tribunadapraia.com.br\/wp-content\/uploads\/2021\/09\/fg223113.jpg\",\"contentUrl\":\"https:\/\/tribunadapraia.com.br\/wp-content\/uploads\/2021\/09\/fg223113.jpg\",\"width\":2480,\"height\":1653},{\"@type\":\"WebPage\",\"@id\":\"https:\/\/tribunadapraia.com.br\/?p=3016#webpage\",\"url\":\"https:\/\/tribunadapraia.com.br\/?p=3016\",\"name\":\"100 anos de Dom Paulo Evarusto Arns, cuja hist\\u00f3ria \\u00e9 marcada pela luta contra a ditadura militar e pela defesa dos direitos humanos - TRIBUNA DA PRAIA\",\"isPartOf\":{\"@id\":\"https:\/\/tribunadapraia.com.br\/#website\"},\"primaryImageOfPage\":{\"@id\":\"https:\/\/tribunadapraia.com.br\/?p=3016#primaryimage\"},\"datePublished\":\"2021-09-14T21:10:03+00:00\",\"dateModified\":\"2021-09-14T21:10:42+00:00\",\"breadcrumb\":{\"@id\":\"https:\/\/tribunadapraia.com.br\/?p=3016#breadcrumb\"},\"inLanguage\":\"pt-BR\",\"potentialAction\":[{\"@type\":\"ReadAction\",\"target\":[\"https:\/\/tribunadapraia.com.br\/?p=3016\"]}]},{\"@type\":\"BreadcrumbList\",\"@id\":\"https:\/\/tribunadapraia.com.br\/?p=3016#breadcrumb\",\"itemListElement\":[{\"@type\":\"ListItem\",\"position\":1,\"item\":{\"@type\":\"WebPage\",\"@id\":\"https:\/\/tribunadapraia.com.br\/\",\"url\":\"https:\/\/tribunadapraia.com.br\/\",\"name\":\"In\\u00edcio\"}},{\"@type\":\"ListItem\",\"position\":2,\"item\":{\"@id\":\"https:\/\/tribunadapraia.com.br\/?p=3016#webpage\"}}]},{\"@type\":\"Article\",\"@id\":\"https:\/\/tribunadapraia.com.br\/?p=3016#article\",\"isPartOf\":{\"@id\":\"https:\/\/tribunadapraia.com.br\/?p=3016#webpage\"},\"author\":{\"@id\":\"https:\/\/tribunadapraia.com.br\/#\/schema\/person\/326b0a9f3163b479142c64eba4928de0\"},\"headline\":\"100 anos de Dom Paulo Evarusto Arns, cuja hist\\u00f3ria \\u00e9 marcada pela luta contra a ditadura militar e pela defesa dos direitos humanos\",\"datePublished\":\"2021-09-14T21:10:03+00:00\",\"dateModified\":\"2021-09-14T21:10:42+00:00\",\"mainEntityOfPage\":{\"@id\":\"https:\/\/tribunadapraia.com.br\/?p=3016#webpage\"},\"wordCount\":232,\"commentCount\":0,\"publisher\":{\"@id\":\"https:\/\/tribunadapraia.com.br\/#organization\"},\"image\":{\"@id\":\"https:\/\/tribunadapraia.com.br\/?p=3016#primaryimage\"},\"thumbnailUrl\":\"https:\/\/tribunadapraia.com.br\/wp-content\/uploads\/2021\/09\/fg223113.jpg\",\"articleSection\":[\"Not\\u00edcias\"],\"inLanguage\":\"pt-BR\",\"potentialAction\":[{\"@type\":\"CommentAction\",\"name\":\"Comment\",\"target\":[\"https:\/\/tribunadapraia.com.br\/?p=3016#respond\"]}]},{\"@type\":\"Person\",\"@id\":\"https:\/\/tribunadapraia.com.br\/#\/schema\/person\/326b0a9f3163b479142c64eba4928de0\",\"name\":\"tribunadapraia\",\"image\":{\"@type\":\"ImageObject\",\"@id\":\"https:\/\/tribunadapraia.com.br\/#personlogo\",\"inLanguage\":\"pt-BR\",\"url\":\"https:\/\/secure.gravatar.com\/avatar\/38b019c74762496076b7355024a0dad9?s=96&d=identicon&r=g\",\"contentUrl\":\"https:\/\/secure.gravatar.com\/avatar\/38b019c74762496076b7355024a0dad9?s=96&d=identicon&r=g\",\"caption\":\"tribunadapraia\"}}]}<\/script>\n<!-- \/ Yoast SEO plugin. -->","wps_subtitle":"","_links":{"self":[{"href":"https:\/\/tribunadapraia.com.br\/index.php?rest_route=\/wp\/v2\/posts\/3016"}],"collection":[{"href":"https:\/\/tribunadapraia.com.br\/index.php?rest_route=\/wp\/v2\/posts"}],"about":[{"href":"https:\/\/tribunadapraia.com.br\/index.php?rest_route=\/wp\/v2\/types\/post"}],"author":[{"embeddable":true,"href":"https:\/\/tribunadapraia.com.br\/index.php?rest_route=\/wp\/v2\/users\/1"}],"replies":[{"embeddable":true,"href":"https:\/\/tribunadapraia.com.br\/index.php?rest_route=%2Fwp%2Fv2%2Fcomments&post=3016"}],"version-history":[{"count":1,"href":"https:\/\/tribunadapraia.com.br\/index.php?rest_route=\/wp\/v2\/posts\/3016\/revisions"}],"predecessor-version":[{"id":3018,"href":"https:\/\/tribunadapraia.com.br\/index.php?rest_route=\/wp\/v2\/posts\/3016\/revisions\/3018"}],"wp:featuredmedia":[{"embeddable":true,"href":"https:\/\/tribunadapraia.com.br\/index.php?rest_route=\/wp\/v2\/media\/3017"}],"wp:attachment":[{"href":"https:\/\/tribunadapraia.com.br\/index.php?rest_route=%2Fwp%2Fv2%2Fmedia&parent=3016"}],"wp:term":[{"taxonomy":"category","embeddable":true,"href":"https:\/\/tribunadapraia.com.br\/index.php?rest_route=%2Fwp%2Fv2%2Fcategories&post=3016"},{"taxonomy":"post_tag","embeddable":true,"href":"https:\/\/tribunadapraia.com.br\/index.php?rest_route=%2Fwp%2Fv2%2Ftags&post=3016"}],"curies":[{"name":"wp","href":"https:\/\/api.w.org\/{rel}","templated":true}]}}