{"id":3008,"date":"2021-09-13T02:49:40","date_gmt":"2021-09-13T05:49:40","guid":{"rendered":"https:\/\/tribunadapraia.com.br\/?p=3008"},"modified":"2021-09-13T02:54:31","modified_gmt":"2021-09-13T05:54:31","slug":"em-pirambuve-necessario-um-debate-politico-que-anteveja-e-principalmente-transcenda-as-eleicoes","status":"publish","type":"post","link":"https:\/\/tribunadapraia.com.br\/?p=3008","title":{"rendered":"Em PIRAMBU \u00e9 necess\u00e1rio um debate pol\u00edtico que anteveja e principalmente transcenda \u00e0s elei\u00e7\u00f5es"},"content":{"rendered":"<p>H\u00e1 pouco mais de um ano tem acontecido, ainda que em car\u00e1ter incipiente, curiosos e produtivos debates informais entre heterog\u00eaneas for\u00e7as pol\u00edticas, de incontest\u00e1veis legitimidade e inser\u00e7\u00e3o social que pensam Pirambu para al\u00e9m do processo eleitoral, antevebdo-o e transcedendo-o.<\/p>\n<p>\u00c9 de compreens\u00e3o convergente entre estes cidad\u00e3os que nenhuma for\u00e7a popular, democr\u00e1tica e de oposi\u00e7\u00e3o deva ser descartada, isso em fun\u00e7\u00e3o das relevantes contribui\u00e7\u00f5es que no seu tempo deram e continuam proporcionando ao processo pol\u00edtico e social, mas que \u00e9 preciso romper com os v\u00edcios da pol\u00edtica clientelista e fisiologista, promovendo um amplo redirecionamento para um &#8220;Novo Norte&#8221;.<\/p>\n<p>No entendimento do grupo, \u00e9 preciso aparar arestas e resqu\u00edcios de recentes entraves para se construir uma perspectiva sem vaidades, despida de projetos pessoais, apontando na dire\u00e7\u00e3o de uma proposta honestamente coletiva.<\/p>\n<p>por Reda\u00e7\u00e3o<\/p>\n","protected":false},"excerpt":{"rendered":"<p>H\u00e1 pouco mais de um ano tem acontecido, ainda que em car\u00e1ter incipiente, curiosos e produtivos debates informais entre heterog\u00eaneas for\u00e7as pol\u00edticas, de incontest\u00e1veis legitimidade e inser\u00e7\u00e3o social que pensam Pirambu para al\u00e9m do processo eleitoral, antevebdo-o e transcedendo-o. \u00c9 de compreens\u00e3o convergente entre estes cidad\u00e3os que nenhuma for\u00e7a popular, democr\u00e1tica e de oposi\u00e7\u00e3o deva ser descartada, isso em fun\u00e7\u00e3o das relevantes contribui\u00e7\u00f5es que no seu tempo deram e continuam<\/p>\n","protected":false},"author":3,"featured_media":3009,"comment_status":"open","ping_status":"open","sticky":false,"template":"","format":"standard","meta":[],"categories":[18],"tags":[],"yoast_head":"<!-- This site is optimized with the Yoast SEO plugin v16.3 - https:\/\/yoast.com\/wordpress\/plugins\/seo\/ -->\n<title>Em PIRAMBU \u00e9 necess\u00e1rio um debate pol\u00edtico que anteveja e principalmente transcenda \u00e0s elei\u00e7\u00f5es - TRIBUNA DA PRAIA<\/title>\n<meta name=\"robots\" content=\"index, follow, max-snippet:-1, max-image-preview:large, max-video-preview:-1\" \/>\n<link rel=\"canonical\" href=\"https:\/\/tribunadapraia.com.br\/?p=3008\" \/>\n<meta property=\"og:locale\" content=\"pt_BR\" \/>\n<meta property=\"og:type\" content=\"article\" \/>\n<meta property=\"og:title\" content=\"Em PIRAMBU \u00e9 necess\u00e1rio um debate pol\u00edtico que anteveja e principalmente transcenda \u00e0s elei\u00e7\u00f5es - TRIBUNA DA PRAIA\" \/>\n<meta property=\"og:description\" content=\"H\u00e1 pouco mais de um ano tem acontecido, ainda que em car\u00e1ter incipiente, curiosos e produtivos debates informais entre heterog\u00eaneas for\u00e7as pol\u00edticas, de incontest\u00e1veis legitimidade e inser\u00e7\u00e3o social que pensam Pirambu para al\u00e9m do processo eleitoral, antevebdo-o e transcedendo-o. \u00c9 de compreens\u00e3o convergente entre estes cidad\u00e3os que nenhuma for\u00e7a popular, democr\u00e1tica e de oposi\u00e7\u00e3o deva ser descartada, isso em fun\u00e7\u00e3o das relevantes contribui\u00e7\u00f5es que no seu tempo deram e continuam\" \/>\n<meta property=\"og:url\" content=\"https:\/\/tribunadapraia.com.br\/?p=3008\" \/>\n<meta property=\"og:site_name\" content=\"TRIBUNA DA PRAIA\" \/>\n<meta property=\"article:publisher\" content=\"https:\/\/www.facebook.com\/tribunadapraiaonline\/\" \/>\n<meta property=\"article:published_time\" content=\"2021-09-13T05:49:40+00:00\" \/>\n<meta property=\"article:modified_time\" content=\"2021-09-13T05:54:31+00:00\" \/>\n<meta property=\"og:image\" content=\"https:\/\/tribunadapraia.com.br\/wp-content\/uploads\/2021\/09\/IMG-20210913-WA0013.jpg\" \/>\n\t<meta property=\"og:image:width\" content=\"434\" \/>\n\t<meta property=\"og:image:height\" content=\"434\" \/>\n<meta name=\"twitter:card\" content=\"summary_large_image\" \/>\n<meta name=\"twitter:creator\" content=\"@Claudomir21\" \/>\n<meta name=\"twitter:site\" content=\"@Claudomir21\" \/>\n<meta name=\"twitter:label1\" content=\"Est. tempo de leitura\">\n\t<meta name=\"twitter:data1\" content=\"1 minuto\">\n<script type=\"application\/ld+json\" class=\"yoast-schema-graph\">{\"@context\":\"https:\/\/schema.org\",\"@graph\":[{\"@type\":\"Organization\",\"@id\":\"https:\/\/tribunadapraia.com.br\/#organization\",\"name\":\"Tribuna da Praia\",\"url\":\"https:\/\/tribunadapraia.com.br\/\",\"sameAs\":[\"https:\/\/www.facebook.com\/tribunadapraiaonline\/\",\"https:\/\/www.instagram.com\/claudomirtavares\/\",\"https:\/\/www.youtube.com\/channel\/UCwQf80nxiMzCefAyjbp53Rw\",\"https:\/\/twitter.com\/Claudomir21\"],\"logo\":{\"@type\":\"ImageObject\",\"@id\":\"https:\/\/tribunadapraia.com.br\/#logo\",\"inLanguage\":\"pt-BR\",\"url\":\"https:\/\/tribunadapraia.com.br\/wp-content\/uploads\/2020\/02\/logo.png\",\"contentUrl\":\"https:\/\/tribunadapraia.com.br\/wp-content\/uploads\/2020\/02\/logo.png\",\"width\":501,\"height\":121,\"caption\":\"Tribuna da Praia\"},\"image\":{\"@id\":\"https:\/\/tribunadapraia.com.br\/#logo\"}},{\"@type\":\"WebSite\",\"@id\":\"https:\/\/tribunadapraia.com.br\/#website\",\"url\":\"https:\/\/tribunadapraia.com.br\/\",\"name\":\"TRIBUNA DA PRAIA\",\"description\":\"O 1\\u00ba jornal do interior de Sergipe na internet\",\"publisher\":{\"@id\":\"https:\/\/tribunadapraia.com.br\/#organization\"},\"potentialAction\":[{\"@type\":\"SearchAction\",\"target\":\"https:\/\/tribunadapraia.com.br\/?s={search_term_string}\",\"query-input\":\"required name=search_term_string\"}],\"inLanguage\":\"pt-BR\"},{\"@type\":\"ImageObject\",\"@id\":\"https:\/\/tribunadapraia.com.br\/?p=3008#primaryimage\",\"inLanguage\":\"pt-BR\",\"url\":\"https:\/\/tribunadapraia.com.br\/wp-content\/uploads\/2021\/09\/IMG-20210913-WA0013.jpg\",\"contentUrl\":\"https:\/\/tribunadapraia.com.br\/wp-content\/uploads\/2021\/09\/IMG-20210913-WA0013.jpg\",\"width\":434,\"height\":434},{\"@type\":\"WebPage\",\"@id\":\"https:\/\/tribunadapraia.com.br\/?p=3008#webpage\",\"url\":\"https:\/\/tribunadapraia.com.br\/?p=3008\",\"name\":\"Em PIRAMBU \\u00e9 necess\\u00e1rio um debate pol\\u00edtico que anteveja e principalmente transcenda \\u00e0s elei\\u00e7\\u00f5es - TRIBUNA DA PRAIA\",\"isPartOf\":{\"@id\":\"https:\/\/tribunadapraia.com.br\/#website\"},\"primaryImageOfPage\":{\"@id\":\"https:\/\/tribunadapraia.com.br\/?p=3008#primaryimage\"},\"datePublished\":\"2021-09-13T05:49:40+00:00\",\"dateModified\":\"2021-09-13T05:54:31+00:00\",\"breadcrumb\":{\"@id\":\"https:\/\/tribunadapraia.com.br\/?p=3008#breadcrumb\"},\"inLanguage\":\"pt-BR\",\"potentialAction\":[{\"@type\":\"ReadAction\",\"target\":[\"https:\/\/tribunadapraia.com.br\/?p=3008\"]}]},{\"@type\":\"BreadcrumbList\",\"@id\":\"https:\/\/tribunadapraia.com.br\/?p=3008#breadcrumb\",\"itemListElement\":[{\"@type\":\"ListItem\",\"position\":1,\"item\":{\"@type\":\"WebPage\",\"@id\":\"https:\/\/tribunadapraia.com.br\/\",\"url\":\"https:\/\/tribunadapraia.com.br\/\",\"name\":\"In\\u00edcio\"}},{\"@type\":\"ListItem\",\"position\":2,\"item\":{\"@id\":\"https:\/\/tribunadapraia.com.br\/?p=3008#webpage\"}}]},{\"@type\":\"Article\",\"@id\":\"https:\/\/tribunadapraia.com.br\/?p=3008#article\",\"isPartOf\":{\"@id\":\"https:\/\/tribunadapraia.com.br\/?p=3008#webpage\"},\"author\":{\"@id\":\"https:\/\/tribunadapraia.com.br\/#\/schema\/person\/099fbbf59acc5895c0d7d52b4fc46c97\"},\"headline\":\"Em PIRAMBU \\u00e9 necess\\u00e1rio um debate pol\\u00edtico que anteveja e principalmente transcenda \\u00e0s elei\\u00e7\\u00f5es\",\"datePublished\":\"2021-09-13T05:49:40+00:00\",\"dateModified\":\"2021-09-13T05:54:31+00:00\",\"mainEntityOfPage\":{\"@id\":\"https:\/\/tribunadapraia.com.br\/?p=3008#webpage\"},\"wordCount\":164,\"commentCount\":0,\"publisher\":{\"@id\":\"https:\/\/tribunadapraia.com.br\/#organization\"},\"image\":{\"@id\":\"https:\/\/tribunadapraia.com.br\/?p=3008#primaryimage\"},\"thumbnailUrl\":\"https:\/\/tribunadapraia.com.br\/wp-content\/uploads\/2021\/09\/IMG-20210913-WA0013.jpg\",\"articleSection\":[\"Not\\u00edcias\"],\"inLanguage\":\"pt-BR\",\"potentialAction\":[{\"@type\":\"CommentAction\",\"name\":\"Comment\",\"target\":[\"https:\/\/tribunadapraia.com.br\/?p=3008#respond\"]}]},{\"@type\":\"Person\",\"@id\":\"https:\/\/tribunadapraia.com.br\/#\/schema\/person\/099fbbf59acc5895c0d7d52b4fc46c97\",\"name\":\"Reda\\u00e7\\u00e3o\",\"image\":{\"@type\":\"ImageObject\",\"@id\":\"https:\/\/tribunadapraia.com.br\/#personlogo\",\"inLanguage\":\"pt-BR\",\"url\":\"https:\/\/secure.gravatar.com\/avatar\/91c8b91d2bfd7784eac5c3e055361f64?s=96&d=identicon&r=g\",\"contentUrl\":\"https:\/\/secure.gravatar.com\/avatar\/91c8b91d2bfd7784eac5c3e055361f64?s=96&d=identicon&r=g\",\"caption\":\"Reda\\u00e7\\u00e3o\"}}]}<\/script>\n<!-- \/ Yoast SEO plugin. -->","wps_subtitle":"","_links":{"self":[{"href":"https:\/\/tribunadapraia.com.br\/index.php?rest_route=\/wp\/v2\/posts\/3008"}],"collection":[{"href":"https:\/\/tribunadapraia.com.br\/index.php?rest_route=\/wp\/v2\/posts"}],"about":[{"href":"https:\/\/tribunadapraia.com.br\/index.php?rest_route=\/wp\/v2\/types\/post"}],"author":[{"embeddable":true,"href":"https:\/\/tribunadapraia.com.br\/index.php?rest_route=\/wp\/v2\/users\/3"}],"replies":[{"embeddable":true,"href":"https:\/\/tribunadapraia.com.br\/index.php?rest_route=%2Fwp%2Fv2%2Fcomments&post=3008"}],"version-history":[{"count":2,"href":"https:\/\/tribunadapraia.com.br\/index.php?rest_route=\/wp\/v2\/posts\/3008\/revisions"}],"predecessor-version":[{"id":3011,"href":"https:\/\/tribunadapraia.com.br\/index.php?rest_route=\/wp\/v2\/posts\/3008\/revisions\/3011"}],"wp:featuredmedia":[{"embeddable":true,"href":"https:\/\/tribunadapraia.com.br\/index.php?rest_route=\/wp\/v2\/media\/3009"}],"wp:attachment":[{"href":"https:\/\/tribunadapraia.com.br\/index.php?rest_route=%2Fwp%2Fv2%2Fmedia&parent=3008"}],"wp:term":[{"taxonomy":"category","embeddable":true,"href":"https:\/\/tribunadapraia.com.br\/index.php?rest_route=%2Fwp%2Fv2%2Fcategories&post=3008"},{"taxonomy":"post_tag","embeddable":true,"href":"https:\/\/tribunadapraia.com.br\/index.php?rest_route=%2Fwp%2Fv2%2Ftags&post=3008"}],"curies":[{"name":"wp","href":"https:\/\/api.w.org\/{rel}","templated":true}]}}