{"id":3002,"date":"2021-09-13T01:36:27","date_gmt":"2021-09-13T04:36:27","guid":{"rendered":"https:\/\/tribunadapraia.com.br\/?p=3002"},"modified":"2021-09-13T01:36:27","modified_gmt":"2021-09-13T04:36:27","slug":"ben-vinda-carmopolis-tera-academia-de-letras-artes-e-ciencias-a-casa-do-poeta-jose-sampaio","status":"publish","type":"post","link":"https:\/\/tribunadapraia.com.br\/?p=3002","title":{"rendered":"Ben vinda: Carm\u00f3polis ter\u00e1 Academia de Letras, Artes e Ci\u00eancias, a Casa do poeta Jos\u00e9 Sampaio"},"content":{"rendered":"<p>Artistas, intelectuais, poetas, contistas, escritores, educadores, comunicadores, pesquisadores (as) est\u00e3o criando em atos que se completam, a futura Acadenia Carmopolitana de Letrss, Artes e Ci\u00eancias (ACLAC &#8211; t\u00edtulo e sigla sugeridos pela reda\u00e7\u00e3o), a &#8220;Casa de Jos\u00e9 Sampaio&#8221;.<\/p>\n<p>A iniciativa tem marco temporal fundamental datado de 19 de setembro de 2019, n\u00e3o sendo instalada ainda em fun\u00e7\u00e3o da pandemia do novo corona v\u00edrus (Covid-19), mas que est\u00e1 sendo retomada e em breve teremos a instala\u00e7\u00e3o simb\u00f3lica do sodal\u00edcio nassacar\u00e1, que antes est\u00e1 imbu\u00eddo na realiza\u00e7\u00e3o do Caf\u00e9 com Poesia e da 1\u00aa Antologia Carmopolitana, que ser\u00e1 objeto de nova postagem ainda nesta semana..<\/p>\n<p>De acordo com a professora Dr\u00aa Maria Jos\u00e9, &#8220;o n\u00facleo embrion\u00e1rio da Academia Carmopolitana est\u00e1 constitu\u00eddo por cerca de 25 membros e inclui um conjunto heterog\u00eaneo de cidad\u00e3os e cidad\u00e3os com inser\u00e7\u00e3o nas letras, artes e ci\u00eancias carmopolitana&#8221;, elencou a acad\u00eamica municipalista sergipana<\/p>\n<p>por CaudOmir Herzog<\/p>\n","protected":false},"excerpt":{"rendered":"<p>Artistas, intelectuais, poetas, contistas, escritores, educadores, comunicadores, pesquisadores (as) est\u00e3o criando em atos que se completam, a futura Acadenia Carmopolitana de Letrss, Artes e Ci\u00eancias (ACLAC &#8211; t\u00edtulo e sigla sugeridos pela reda\u00e7\u00e3o), a &#8220;Casa de Jos\u00e9 Sampaio&#8221;. A iniciativa tem marco temporal fundamental datado de 19 de setembro de 2019, n\u00e3o sendo instalada ainda em fun\u00e7\u00e3o da pandemia do novo corona v\u00edrus (Covid-19), mas que est\u00e1 sendo retomada e<\/p>\n","protected":false},"author":3,"featured_media":3003,"comment_status":"open","ping_status":"open","sticky":false,"template":"","format":"standard","meta":[],"categories":[18],"tags":[],"yoast_head":"<!-- This site is optimized with the Yoast SEO plugin v16.3 - https:\/\/yoast.com\/wordpress\/plugins\/seo\/ -->\n<title>Ben vinda: Carm\u00f3polis ter\u00e1 Academia de Letras, Artes e Ci\u00eancias, a Casa do poeta Jos\u00e9 Sampaio - TRIBUNA DA PRAIA<\/title>\n<meta name=\"robots\" content=\"index, follow, max-snippet:-1, max-image-preview:large, max-video-preview:-1\" \/>\n<link rel=\"canonical\" href=\"https:\/\/tribunadapraia.com.br\/?p=3002\" \/>\n<meta property=\"og:locale\" content=\"pt_BR\" \/>\n<meta property=\"og:type\" content=\"article\" \/>\n<meta property=\"og:title\" content=\"Ben vinda: Carm\u00f3polis ter\u00e1 Academia de Letras, Artes e Ci\u00eancias, a Casa do poeta Jos\u00e9 Sampaio - TRIBUNA DA PRAIA\" \/>\n<meta property=\"og:description\" content=\"Artistas, intelectuais, poetas, contistas, escritores, educadores, comunicadores, pesquisadores (as) est\u00e3o criando em atos que se completam, a futura Acadenia Carmopolitana de Letrss, Artes e Ci\u00eancias (ACLAC &#8211; t\u00edtulo e sigla sugeridos pela reda\u00e7\u00e3o), a &#8220;Casa de Jos\u00e9 Sampaio&#8221;. A iniciativa tem marco temporal fundamental datado de 19 de setembro de 2019, n\u00e3o sendo instalada ainda em fun\u00e7\u00e3o da pandemia do novo corona v\u00edrus (Covid-19), mas que est\u00e1 sendo retomada e\" \/>\n<meta property=\"og:url\" content=\"https:\/\/tribunadapraia.com.br\/?p=3002\" \/>\n<meta property=\"og:site_name\" content=\"TRIBUNA DA PRAIA\" \/>\n<meta property=\"article:publisher\" content=\"https:\/\/www.facebook.com\/tribunadapraiaonline\/\" \/>\n<meta property=\"article:published_time\" content=\"2021-09-13T04:36:27+00:00\" \/>\n<meta property=\"og:image\" content=\"https:\/\/tribunadapraia.com.br\/wp-content\/uploads\/2021\/09\/FB_IMG_1631506205091.jpg\" \/>\n\t<meta property=\"og:image:width\" content=\"568\" \/>\n\t<meta property=\"og:image:height\" content=\"533\" \/>\n<meta name=\"twitter:card\" content=\"summary_large_image\" \/>\n<meta name=\"twitter:creator\" content=\"@Claudomir21\" \/>\n<meta name=\"twitter:site\" content=\"@Claudomir21\" \/>\n<meta name=\"twitter:label1\" content=\"Est. tempo de leitura\">\n\t<meta name=\"twitter:data1\" content=\"1 minuto\">\n<script type=\"application\/ld+json\" class=\"yoast-schema-graph\">{\"@context\":\"https:\/\/schema.org\",\"@graph\":[{\"@type\":\"Organization\",\"@id\":\"https:\/\/tribunadapraia.com.br\/#organization\",\"name\":\"Tribuna da Praia\",\"url\":\"https:\/\/tribunadapraia.com.br\/\",\"sameAs\":[\"https:\/\/www.facebook.com\/tribunadapraiaonline\/\",\"https:\/\/www.instagram.com\/claudomirtavares\/\",\"https:\/\/www.youtube.com\/channel\/UCwQf80nxiMzCefAyjbp53Rw\",\"https:\/\/twitter.com\/Claudomir21\"],\"logo\":{\"@type\":\"ImageObject\",\"@id\":\"https:\/\/tribunadapraia.com.br\/#logo\",\"inLanguage\":\"pt-BR\",\"url\":\"https:\/\/tribunadapraia.com.br\/wp-content\/uploads\/2020\/02\/logo.png\",\"contentUrl\":\"https:\/\/tribunadapraia.com.br\/wp-content\/uploads\/2020\/02\/logo.png\",\"width\":501,\"height\":121,\"caption\":\"Tribuna da Praia\"},\"image\":{\"@id\":\"https:\/\/tribunadapraia.com.br\/#logo\"}},{\"@type\":\"WebSite\",\"@id\":\"https:\/\/tribunadapraia.com.br\/#website\",\"url\":\"https:\/\/tribunadapraia.com.br\/\",\"name\":\"TRIBUNA DA PRAIA\",\"description\":\"O 1\\u00ba jornal do interior de Sergipe na internet\",\"publisher\":{\"@id\":\"https:\/\/tribunadapraia.com.br\/#organization\"},\"potentialAction\":[{\"@type\":\"SearchAction\",\"target\":\"https:\/\/tribunadapraia.com.br\/?s={search_term_string}\",\"query-input\":\"required name=search_term_string\"}],\"inLanguage\":\"pt-BR\"},{\"@type\":\"ImageObject\",\"@id\":\"https:\/\/tribunadapraia.com.br\/?p=3002#primaryimage\",\"inLanguage\":\"pt-BR\",\"url\":\"https:\/\/tribunadapraia.com.br\/wp-content\/uploads\/2021\/09\/FB_IMG_1631506205091.jpg\",\"contentUrl\":\"https:\/\/tribunadapraia.com.br\/wp-content\/uploads\/2021\/09\/FB_IMG_1631506205091.jpg\",\"width\":568,\"height\":533},{\"@type\":\"WebPage\",\"@id\":\"https:\/\/tribunadapraia.com.br\/?p=3002#webpage\",\"url\":\"https:\/\/tribunadapraia.com.br\/?p=3002\",\"name\":\"Ben vinda: Carm\\u00f3polis ter\\u00e1 Academia de Letras, Artes e Ci\\u00eancias, a Casa do poeta Jos\\u00e9 Sampaio - TRIBUNA DA PRAIA\",\"isPartOf\":{\"@id\":\"https:\/\/tribunadapraia.com.br\/#website\"},\"primaryImageOfPage\":{\"@id\":\"https:\/\/tribunadapraia.com.br\/?p=3002#primaryimage\"},\"datePublished\":\"2021-09-13T04:36:27+00:00\",\"dateModified\":\"2021-09-13T04:36:27+00:00\",\"breadcrumb\":{\"@id\":\"https:\/\/tribunadapraia.com.br\/?p=3002#breadcrumb\"},\"inLanguage\":\"pt-BR\",\"potentialAction\":[{\"@type\":\"ReadAction\",\"target\":[\"https:\/\/tribunadapraia.com.br\/?p=3002\"]}]},{\"@type\":\"BreadcrumbList\",\"@id\":\"https:\/\/tribunadapraia.com.br\/?p=3002#breadcrumb\",\"itemListElement\":[{\"@type\":\"ListItem\",\"position\":1,\"item\":{\"@type\":\"WebPage\",\"@id\":\"https:\/\/tribunadapraia.com.br\/\",\"url\":\"https:\/\/tribunadapraia.com.br\/\",\"name\":\"In\\u00edcio\"}},{\"@type\":\"ListItem\",\"position\":2,\"item\":{\"@id\":\"https:\/\/tribunadapraia.com.br\/?p=3002#webpage\"}}]},{\"@type\":\"Article\",\"@id\":\"https:\/\/tribunadapraia.com.br\/?p=3002#article\",\"isPartOf\":{\"@id\":\"https:\/\/tribunadapraia.com.br\/?p=3002#webpage\"},\"author\":{\"@id\":\"https:\/\/tribunadapraia.com.br\/#\/schema\/person\/099fbbf59acc5895c0d7d52b4fc46c97\"},\"headline\":\"Ben vinda: Carm\\u00f3polis ter\\u00e1 Academia de Letras, Artes e Ci\\u00eancias, a Casa do poeta Jos\\u00e9 Sampaio\",\"datePublished\":\"2021-09-13T04:36:27+00:00\",\"dateModified\":\"2021-09-13T04:36:27+00:00\",\"mainEntityOfPage\":{\"@id\":\"https:\/\/tribunadapraia.com.br\/?p=3002#webpage\"},\"wordCount\":184,\"commentCount\":1,\"publisher\":{\"@id\":\"https:\/\/tribunadapraia.com.br\/#organization\"},\"image\":{\"@id\":\"https:\/\/tribunadapraia.com.br\/?p=3002#primaryimage\"},\"thumbnailUrl\":\"https:\/\/tribunadapraia.com.br\/wp-content\/uploads\/2021\/09\/FB_IMG_1631506205091.jpg\",\"articleSection\":[\"Not\\u00edcias\"],\"inLanguage\":\"pt-BR\",\"potentialAction\":[{\"@type\":\"CommentAction\",\"name\":\"Comment\",\"target\":[\"https:\/\/tribunadapraia.com.br\/?p=3002#respond\"]}]},{\"@type\":\"Person\",\"@id\":\"https:\/\/tribunadapraia.com.br\/#\/schema\/person\/099fbbf59acc5895c0d7d52b4fc46c97\",\"name\":\"Reda\\u00e7\\u00e3o\",\"image\":{\"@type\":\"ImageObject\",\"@id\":\"https:\/\/tribunadapraia.com.br\/#personlogo\",\"inLanguage\":\"pt-BR\",\"url\":\"https:\/\/secure.gravatar.com\/avatar\/91c8b91d2bfd7784eac5c3e055361f64?s=96&d=identicon&r=g\",\"contentUrl\":\"https:\/\/secure.gravatar.com\/avatar\/91c8b91d2bfd7784eac5c3e055361f64?s=96&d=identicon&r=g\",\"caption\":\"Reda\\u00e7\\u00e3o\"}}]}<\/script>\n<!-- \/ Yoast SEO plugin. -->","wps_subtitle":"","_links":{"self":[{"href":"https:\/\/tribunadapraia.com.br\/index.php?rest_route=\/wp\/v2\/posts\/3002"}],"collection":[{"href":"https:\/\/tribunadapraia.com.br\/index.php?rest_route=\/wp\/v2\/posts"}],"about":[{"href":"https:\/\/tribunadapraia.com.br\/index.php?rest_route=\/wp\/v2\/types\/post"}],"author":[{"embeddable":true,"href":"https:\/\/tribunadapraia.com.br\/index.php?rest_route=\/wp\/v2\/users\/3"}],"replies":[{"embeddable":true,"href":"https:\/\/tribunadapraia.com.br\/index.php?rest_route=%2Fwp%2Fv2%2Fcomments&post=3002"}],"version-history":[{"count":1,"href":"https:\/\/tribunadapraia.com.br\/index.php?rest_route=\/wp\/v2\/posts\/3002\/revisions"}],"predecessor-version":[{"id":3004,"href":"https:\/\/tribunadapraia.com.br\/index.php?rest_route=\/wp\/v2\/posts\/3002\/revisions\/3004"}],"wp:featuredmedia":[{"embeddable":true,"href":"https:\/\/tribunadapraia.com.br\/index.php?rest_route=\/wp\/v2\/media\/3003"}],"wp:attachment":[{"href":"https:\/\/tribunadapraia.com.br\/index.php?rest_route=%2Fwp%2Fv2%2Fmedia&parent=3002"}],"wp:term":[{"taxonomy":"category","embeddable":true,"href":"https:\/\/tribunadapraia.com.br\/index.php?rest_route=%2Fwp%2Fv2%2Fcategories&post=3002"},{"taxonomy":"post_tag","embeddable":true,"href":"https:\/\/tribunadapraia.com.br\/index.php?rest_route=%2Fwp%2Fv2%2Ftags&post=3002"}],"curies":[{"name":"wp","href":"https:\/\/api.w.org\/{rel}","templated":true}]}}