{"id":2998,"date":"2021-09-12T14:42:19","date_gmt":"2021-09-12T17:42:19","guid":{"rendered":"https:\/\/tribunadapraia.com.br\/?p=2998"},"modified":"2021-09-12T14:43:32","modified_gmt":"2021-09-12T17:43:32","slug":"bola-de-fogo","status":"publish","type":"post","link":"https:\/\/tribunadapraia.com.br\/?p=2998","title":{"rendered":"BOLA DE FOGO"},"content":{"rendered":"<ul>\n<li>por Nicy Alves<\/li>\n<\/ul>\n<p>Sempre gostei de participar de festas que envolviam a escola. Minha m\u00e3e, coitada, \u201cvirava-se nos trinta\u201d para providenciar roupas, luvas e todos os adornos, a depender do tipo de apresenta\u00e7\u00e3o.<br \/>\nNas quadrilhas juninas, eu sempre escolhia ser a noiva. No desfile da garota estudantil, era necess\u00e1rio, no m\u00ednimo, cinco trocas de roupas (sempre tinha p\u00f3dio). E como n\u00e3o podia faltar, tinha tamb\u00e9m o desfile c\u00edvico.<br \/>\nEu adorava toda aquela emo\u00e7\u00e3o. O barulho da banda, o rufar dos tambores, as batidas no compasso dos pratos, os aplausos. Sentia-me uma personalidade no momento em que marchava na avenida.<br \/>\nEm um determinado ano, minha m\u00e3e avisou que eu n\u00e3o iria desfilar por motivos financeiros e que, quando o convite chegasse \u00e0 escola, eu deveria ficar quieta no meu canto \u2013 nada disso aconteceu. Quando a diretora da escola chegou \u00e0 sala e perguntou quem gostaria de sair na avenida, fui a primeira a levantar a m\u00e3o. Como boa leonina que sou, sempre sa\u00ed numa posi\u00e7\u00e3o de destaque.<br \/>\nN\u00e3o sei como, mas a not\u00edcia chegou aos ouvidos de mam\u00e3e. Acredito que algu\u00e9m contou ao meu irm\u00e3o, que tamb\u00e9m estudava na mesma escola. Dessa vez, n\u00e3o me dei muito bem. Depois de muitas broncas, mam\u00e3e avisou que n\u00e3o iria me ajudar em nada e que, se eu quisesse, teria de correr atr\u00e1s do que fosse precisar.<br \/>\nFaltando quatro dias para o desfile, mam\u00e3e lembrou que eu ainda n\u00e3o tinha lavado o meu conga para us\u00e1-lo no domingo. Fui at\u00e9 o quintal, peguei uma bacia, sab\u00e3o, escov\u00e3o e comecei a lavar. Naquele momento, come\u00e7ou a chover. Perguntei a mam\u00e3e o que eu deveria fazer, pois eu queria que o conga secasse r\u00e1pido.<br \/>\n\u2014 Coloque perto do fog\u00e3o \u00e0 lenha. \u2013 ela recomendou. Assim o fiz. Peguei o par de congas e coloquei emborcado em cima da chapa e voltei a brincar. N\u00e3o me atentei que ainda havia muita brasa no fog\u00e3o.<br \/>\nAs horas se passaram e n\u00e3o tive o m\u00ednimo cuidado de olhar a engenhoca (risos). No final da tarde, quando ainda estava jogando queimado na rua, mam\u00e3e me chama e manda eu ir olhar o tal sapato.<br \/>\n\u2014 J\u00e1 enxugou, foi? T\u00e3o r\u00e1pido!\u2013 corri at\u00e9 o fog\u00e3o. Ao chegar l\u00e1, deparei-me com uma cena que jamais esquecerei. N\u00e3o existia mais congas e sim duas bolas de fogo.<br \/>\n\u2014 Onde a senhora colocou o sapato? \u2013 indaguei mam\u00e3e.<br \/>\n\u2014 Seu sapatos s\u00e3o essas duas bolas de fogo que est\u00e3o queimando ali. \u2013 ela apontou para as chamas. Sinceramente aquilo foi desesperador. Comecei a chorar sem parar e no meio do desespero, questionei:<br \/>\n\u2014 E agora, o que eu fa\u00e7o?<br \/>\nE com um tom ir\u00f4nico, mam\u00e3e respondeu:<br \/>\n\u2014 Vai pedir ao prefeito!<br \/>\nPassei a noite inteira com aquela frase na cabe\u00e7a. Assim que acordei, tomei caf\u00e9 da manh\u00e3, sa\u00ed de fininho e, adivinha? Fui \u00e0 procura da casa do tal prefeito (risos). Ap\u00f3s algumas informa\u00e7\u00f5es no percurso, encontrei a casa. Na verdade, como sou nativa, j\u00e1 tinha no\u00e7\u00e3o de mais ou menos onde ficava. Apesar de t\u00e3o pequena, eu era muito esperta.<br \/>\nAo chegar a casa, fui informada que ele encontrava-se na prefeitura. N\u00e3o pensei duas vezes. Fui l\u00e1.<br \/>\nLogo na entrada, fui orientada a falar com a secret\u00e1ria, dona Izabel. Em prantos, contei toda a hist\u00f3ria. Ela manteve seu olhar preso a mim e, do nada, caiu na gargalhada. Fiquei sem entender, mas continuei a falar.<br \/>\n\u2014 E agora, mo\u00e7a? Hoje j\u00e1 \u00e9 quinta-feira e o desfile \u00e9 domingo!<br \/>\nEla estava se acabando de rir por dentro, mas pediu para que eu sentasse no sof\u00e1 de espera e, veja o que aconteceu: cada funcion\u00e1rio que chegava \u00e0 recep\u00e7\u00e3o perguntando o que aquela garotinha estava fazendo ali, ela pedia para eu contar minha infeliz hist\u00f3ria. Um a um, sa\u00edam dando gargalhada. Mas, na verdade, eu estava pouco \u201cme lixando\u201d, desde que o prefeito me desse o bendito sapato.<br \/>\nAp\u00f3s algum tempo de espera, chegou um homem alto, barba fina e \u00f3culos. Entrou na sala onde havia uma placa com o nome &#8220;Gabinete&#8221;. Algumas pessoas o seguiram, inclusive a secret\u00e1ria.<br \/>\nPassaram-se alguns minutos e, de repente, ela saiu da sala com o rosto vermelho (voc\u00eas nem imaginam o porqu\u00ea, n\u00e9?) e pediu para que eu entrasse.<br \/>\nLembro-me como se fosse hoje. Sala gelada, dois homens barbudos \u2013 o mais alto atr\u00e1s do bir\u00f4 e um outro mais barbudo ainda, \u00e0 frente.<br \/>\nO prefeito, com uma voz extremamente grossa e marcante, falou: \u2013 Senta a\u00ed, menina conte sua hist\u00f3ria! \u2013 De novo? \u2013 retruquei.<br \/>\n\u2014 Aposto que aquela mulher j\u00e1 contou, mas eu vou contar novamente. \u2013 e l\u00e1 vou eu repetindo tudo. N\u00e3o deu outra, eles\u201cse papocaram\u201d de rir. N\u00e3o tive outra rea\u00e7\u00e3o a n\u00e3o ser olhar seriamente para os dois e baixar a cabe\u00e7a.<br \/>\nO prefeito vendo tal cena, parou de rir. Deu sinal para que o assessor parasse de rir tamb\u00e9m e disse para eu n\u00e3o me preocupar.<br \/>\n\u2014 Mago, amanh\u00e3 nem que voc\u00ea v\u00e1 em Aracaju somente fazer isso. Compre os sapatos dessa menina!<br \/>\n\u2014 T\u00e1 certo Natanael, vou comprar sim.\u2013 o assessor respondeu.<br \/>\nIsso foi m\u00fasica para os meus ouvidos.<br \/>\n\u2014 Quanto voc\u00ea cal\u00e7a?<br \/>\n\u2014 O qu\u00ea?<br \/>\nEle continuou perguntando:<br \/>\n\u2013 O seu n\u00famero de cal\u00e7ado. Como vou comprar um sapato se n\u00e3o sei o n\u00famero do seu p\u00e9?<br \/>\n\u2014 Ah, entendi.<br \/>\nEu precavida que era e, com uma carta na manga, puxei um peda\u00e7o de barbante do bolso. Papai sempre mediu o tamanho dos nossos cal\u00e7ados assim. N\u00e3o deu outra \u2013 as risadas eram t\u00e3o altas que as pessoas das outras salas vieram ver o que estava acontecendo.<br \/>\nComo na sexta-feira era feriado na cidade, ficou combinado de que os sapatos seriam entregues no bar de M\u00e1rio, que ficava vizinho \u00e0 prefeitura.<br \/>\nFinalmente fui para casa e, ao chegar, mam\u00e3e perguntou: \u2013 Onde voc\u00ea estava, menina? Posso saber? De hoje que eu grito por voc\u00ea!<br \/>\n\u2014 Eu estava na prefeitura! \u2013 respondi. Ela n\u00e3o acreditou e come\u00e7ou a rir.<br \/>\nAquela noite foi uma eternidade. Por diversas vezes abri os olhos para ver se a luz do sol j\u00e1 raiava.<br \/>\nAo amanhecer, fui ao bar de seu M\u00e1rio no hor\u00e1rio combinado.<br \/>\n\u2014 Seu M\u00e1rio, o seu Mago, que trabalha com o prefeito Natanael, deixou algum pacote para mim?<br \/>\nCom uma garrafa de cacha\u00e7a na m\u00e3o e o copinho de pinga na outra, ele respondeu:<br \/>\n\u2014 Minha fia, num deixaram aqui nada n\u00e3o. Meu mundo desabou. Senti um n\u00f3 na garganta.<br \/>\nPor sorte e ajuda de Deus, \u00e9 \u00f3bvio, naquele momento o carro do prefeito ia passando em frente ao bar. Seu M\u00e1rio apontou e disse:<br \/>\n\u2014 Olha o prefeito passando ali!<br \/>\nN\u00e3o pensei duas vezes, corri e cheguei at\u00e9 o carro como um raio.<br \/>\n\u2014 Seu prefeito, o senhor n\u00e3o me disse que meu sapato ia t\u00e1 aqui hoje de manh\u00e3? E comecei a chorar.<br \/>\n\u2014 Mas rapaz, Mago n\u00e3o comprou seu sapato n\u00e3o, foi? Eu balancei a cabe\u00e7a afirmando que n\u00e3o.<br \/>\nEle colocou o carro no acostamento e pegou o telefone. \u2013 Vou ligar para ele agora, espere a\u00ed.<br \/>\nAp\u00f3s alguns minutos, ele disse:<br \/>\n\u2014 Pode vir amanh\u00e3 sem falta que seus sapatos estar\u00e3o aqui.<br \/>\nSa\u00ed um pouco aliviada, mas confesso que ainda preocupada. Se na quinta j\u00e1 n\u00e3o dormi, imagine da sexta para o s\u00e1bado!<br \/>\nEsperei o hor\u00e1rio combinado e mais uma vez fui l\u00e1 \u201cna saga da bola de fogo\u201d e na busca de um milagre. Respirei fundo e, chegando ao bar, n\u00e3o avistei seu M\u00e1rio. Somente a filha dele, Ang\u00e9lica, estava no local.<br \/>\n\u2014 Seu pai t\u00e1 a\u00ed? Algu\u00e9m deixou uma encomenda para mim?<br \/>\n\u2014 Comigo n\u00e3o, mas pera\u00ed.<br \/>\n\u2014 \u00d4hh paai, entregaram alguma coisa para entregar a uma menina? Ela gritou.\u2013 T\u00e1 embaixo do balc\u00e3o! De longe, ele respondeu.<br \/>\n\u2014 Meu Deus, eu n\u00e3o t\u00f4 acreditando. Ele comprou!\u2013 Uma onda de sentimentos me tomou. Agora o desfile estava garantido, meu conga finalmente tinha chegado.<br \/>\nNo entanto, surpresa maior me esperava. Quando Ang\u00e9lica se abaixou e colocou a encomenda sobre o balc\u00e3o, percebi que a caixa era diferente e n\u00e3o acreditei quando li &#8220;T\u00caNIS MONTREAL&#8221;.Naquele momento fiquei paralisada. O t\u00eanis MONTREAL s\u00f3 era usado pelos jovens burgueses da cidade.<br \/>\nAo chegar a casa dando pulos de alegria, mostrei a todos os meus irm\u00e3os o que eu tinha ganhado. Minha m\u00e3e ficou boquiaberta. Ela jamais imaginaria que a frase dela daria esse resultado.<br \/>\nNo dia seguinte, a pra\u00e7a era pequena para minha \u201cpomposidade\u201d (risos).<br \/>\nN\u00e3o sabia se olhava para os p\u00e9s ou para o p\u00fablico. S\u00f3 sabia de uma coisa: com certeza o meu primeiro VOTO SERIA PARA O PREFEITO NATANAEL.<\/p>\n<ul>\n<li>Nicy Alves escreve aos domingos na Tribuna da Praia<\/li>\n<\/ul>\n<p>Esses e outros textos voc\u00ea encontrar\u00e1 na p\u00e1g.<br \/>\nhttps:\/\/m.facebook.com\/poetanicyalves\/<\/p>\n","protected":false},"excerpt":{"rendered":"<p>por Nicy Alves Sempre gostei de participar de festas que envolviam a escola. Minha m\u00e3e, coitada, \u201cvirava-se nos trinta\u201d para providenciar roupas, luvas e todos os adornos, a depender do tipo de apresenta\u00e7\u00e3o. Nas quadrilhas juninas, eu sempre escolhia ser a noiva. No desfile da garota estudantil, era necess\u00e1rio, no m\u00ednimo, cinco trocas de roupas (sempre tinha p\u00f3dio). E como n\u00e3o podia faltar, tinha tamb\u00e9m o desfile c\u00edvico. Eu adorava<\/p>\n","protected":false},"author":1,"featured_media":2999,"comment_status":"open","ping_status":"open","sticky":false,"template":"","format":"standard","meta":[],"categories":[18],"tags":[],"yoast_head":"<!-- This site is optimized with the Yoast SEO plugin v16.3 - https:\/\/yoast.com\/wordpress\/plugins\/seo\/ -->\n<title>BOLA DE FOGO - TRIBUNA DA PRAIA<\/title>\n<meta name=\"robots\" content=\"index, follow, max-snippet:-1, max-image-preview:large, max-video-preview:-1\" \/>\n<link rel=\"canonical\" href=\"https:\/\/tribunadapraia.com.br\/?p=2998\" \/>\n<meta property=\"og:locale\" content=\"pt_BR\" \/>\n<meta property=\"og:type\" content=\"article\" \/>\n<meta property=\"og:title\" content=\"BOLA DE FOGO - TRIBUNA DA PRAIA\" \/>\n<meta property=\"og:description\" content=\"por Nicy Alves Sempre gostei de participar de festas que envolviam a escola. Minha m\u00e3e, coitada, \u201cvirava-se nos trinta\u201d para providenciar roupas, luvas e todos os adornos, a depender do tipo de apresenta\u00e7\u00e3o. Nas quadrilhas juninas, eu sempre escolhia ser a noiva. No desfile da garota estudantil, era necess\u00e1rio, no m\u00ednimo, cinco trocas de roupas (sempre tinha p\u00f3dio). E como n\u00e3o podia faltar, tinha tamb\u00e9m o desfile c\u00edvico. Eu adorava\" \/>\n<meta property=\"og:url\" content=\"https:\/\/tribunadapraia.com.br\/?p=2998\" \/>\n<meta property=\"og:site_name\" content=\"TRIBUNA DA PRAIA\" \/>\n<meta property=\"article:publisher\" content=\"https:\/\/www.facebook.com\/tribunadapraiaonline\/\" \/>\n<meta property=\"article:published_time\" content=\"2021-09-12T17:42:19+00:00\" \/>\n<meta property=\"article:modified_time\" content=\"2021-09-12T17:43:32+00:00\" \/>\n<meta property=\"og:image\" content=\"https:\/\/tribunadapraia.com.br\/wp-content\/uploads\/2021\/09\/IMG-20210912-WA0093.jpg\" \/>\n\t<meta property=\"og:image:width\" content=\"488\" \/>\n\t<meta property=\"og:image:height\" content=\"681\" \/>\n<meta name=\"twitter:card\" content=\"summary_large_image\" \/>\n<meta name=\"twitter:creator\" content=\"@Claudomir21\" \/>\n<meta name=\"twitter:site\" content=\"@Claudomir21\" \/>\n<meta name=\"twitter:label1\" content=\"Est. tempo de leitura\">\n\t<meta name=\"twitter:data1\" content=\"7 minutos\">\n<script type=\"application\/ld+json\" class=\"yoast-schema-graph\">{\"@context\":\"https:\/\/schema.org\",\"@graph\":[{\"@type\":\"Organization\",\"@id\":\"https:\/\/tribunadapraia.com.br\/#organization\",\"name\":\"Tribuna da Praia\",\"url\":\"https:\/\/tribunadapraia.com.br\/\",\"sameAs\":[\"https:\/\/www.facebook.com\/tribunadapraiaonline\/\",\"https:\/\/www.instagram.com\/claudomirtavares\/\",\"https:\/\/www.youtube.com\/channel\/UCwQf80nxiMzCefAyjbp53Rw\",\"https:\/\/twitter.com\/Claudomir21\"],\"logo\":{\"@type\":\"ImageObject\",\"@id\":\"https:\/\/tribunadapraia.com.br\/#logo\",\"inLanguage\":\"pt-BR\",\"url\":\"https:\/\/tribunadapraia.com.br\/wp-content\/uploads\/2020\/02\/logo.png\",\"contentUrl\":\"https:\/\/tribunadapraia.com.br\/wp-content\/uploads\/2020\/02\/logo.png\",\"width\":501,\"height\":121,\"caption\":\"Tribuna da Praia\"},\"image\":{\"@id\":\"https:\/\/tribunadapraia.com.br\/#logo\"}},{\"@type\":\"WebSite\",\"@id\":\"https:\/\/tribunadapraia.com.br\/#website\",\"url\":\"https:\/\/tribunadapraia.com.br\/\",\"name\":\"TRIBUNA DA PRAIA\",\"description\":\"O 1\\u00ba jornal do interior de Sergipe na internet\",\"publisher\":{\"@id\":\"https:\/\/tribunadapraia.com.br\/#organization\"},\"potentialAction\":[{\"@type\":\"SearchAction\",\"target\":\"https:\/\/tribunadapraia.com.br\/?s={search_term_string}\",\"query-input\":\"required name=search_term_string\"}],\"inLanguage\":\"pt-BR\"},{\"@type\":\"ImageObject\",\"@id\":\"https:\/\/tribunadapraia.com.br\/?p=2998#primaryimage\",\"inLanguage\":\"pt-BR\",\"url\":\"https:\/\/tribunadapraia.com.br\/wp-content\/uploads\/2021\/09\/IMG-20210912-WA0093.jpg\",\"contentUrl\":\"https:\/\/tribunadapraia.com.br\/wp-content\/uploads\/2021\/09\/IMG-20210912-WA0093.jpg\",\"width\":488,\"height\":681},{\"@type\":\"WebPage\",\"@id\":\"https:\/\/tribunadapraia.com.br\/?p=2998#webpage\",\"url\":\"https:\/\/tribunadapraia.com.br\/?p=2998\",\"name\":\"BOLA DE FOGO - TRIBUNA DA PRAIA\",\"isPartOf\":{\"@id\":\"https:\/\/tribunadapraia.com.br\/#website\"},\"primaryImageOfPage\":{\"@id\":\"https:\/\/tribunadapraia.com.br\/?p=2998#primaryimage\"},\"datePublished\":\"2021-09-12T17:42:19+00:00\",\"dateModified\":\"2021-09-12T17:43:32+00:00\",\"breadcrumb\":{\"@id\":\"https:\/\/tribunadapraia.com.br\/?p=2998#breadcrumb\"},\"inLanguage\":\"pt-BR\",\"potentialAction\":[{\"@type\":\"ReadAction\",\"target\":[\"https:\/\/tribunadapraia.com.br\/?p=2998\"]}]},{\"@type\":\"BreadcrumbList\",\"@id\":\"https:\/\/tribunadapraia.com.br\/?p=2998#breadcrumb\",\"itemListElement\":[{\"@type\":\"ListItem\",\"position\":1,\"item\":{\"@type\":\"WebPage\",\"@id\":\"https:\/\/tribunadapraia.com.br\/\",\"url\":\"https:\/\/tribunadapraia.com.br\/\",\"name\":\"In\\u00edcio\"}},{\"@type\":\"ListItem\",\"position\":2,\"item\":{\"@id\":\"https:\/\/tribunadapraia.com.br\/?p=2998#webpage\"}}]},{\"@type\":\"Article\",\"@id\":\"https:\/\/tribunadapraia.com.br\/?p=2998#article\",\"isPartOf\":{\"@id\":\"https:\/\/tribunadapraia.com.br\/?p=2998#webpage\"},\"author\":{\"@id\":\"https:\/\/tribunadapraia.com.br\/#\/schema\/person\/326b0a9f3163b479142c64eba4928de0\"},\"headline\":\"BOLA DE FOGO\",\"datePublished\":\"2021-09-12T17:42:19+00:00\",\"dateModified\":\"2021-09-12T17:43:32+00:00\",\"mainEntityOfPage\":{\"@id\":\"https:\/\/tribunadapraia.com.br\/?p=2998#webpage\"},\"wordCount\":1525,\"commentCount\":0,\"publisher\":{\"@id\":\"https:\/\/tribunadapraia.com.br\/#organization\"},\"image\":{\"@id\":\"https:\/\/tribunadapraia.com.br\/?p=2998#primaryimage\"},\"thumbnailUrl\":\"https:\/\/tribunadapraia.com.br\/wp-content\/uploads\/2021\/09\/IMG-20210912-WA0093.jpg\",\"articleSection\":[\"Not\\u00edcias\"],\"inLanguage\":\"pt-BR\",\"potentialAction\":[{\"@type\":\"CommentAction\",\"name\":\"Comment\",\"target\":[\"https:\/\/tribunadapraia.com.br\/?p=2998#respond\"]}]},{\"@type\":\"Person\",\"@id\":\"https:\/\/tribunadapraia.com.br\/#\/schema\/person\/326b0a9f3163b479142c64eba4928de0\",\"name\":\"tribunadapraia\",\"image\":{\"@type\":\"ImageObject\",\"@id\":\"https:\/\/tribunadapraia.com.br\/#personlogo\",\"inLanguage\":\"pt-BR\",\"url\":\"https:\/\/secure.gravatar.com\/avatar\/38b019c74762496076b7355024a0dad9?s=96&d=identicon&r=g\",\"contentUrl\":\"https:\/\/secure.gravatar.com\/avatar\/38b019c74762496076b7355024a0dad9?s=96&d=identicon&r=g\",\"caption\":\"tribunadapraia\"}}]}<\/script>\n<!-- \/ Yoast SEO plugin. -->","wps_subtitle":"","_links":{"self":[{"href":"https:\/\/tribunadapraia.com.br\/index.php?rest_route=\/wp\/v2\/posts\/2998"}],"collection":[{"href":"https:\/\/tribunadapraia.com.br\/index.php?rest_route=\/wp\/v2\/posts"}],"about":[{"href":"https:\/\/tribunadapraia.com.br\/index.php?rest_route=\/wp\/v2\/types\/post"}],"author":[{"embeddable":true,"href":"https:\/\/tribunadapraia.com.br\/index.php?rest_route=\/wp\/v2\/users\/1"}],"replies":[{"embeddable":true,"href":"https:\/\/tribunadapraia.com.br\/index.php?rest_route=%2Fwp%2Fv2%2Fcomments&post=2998"}],"version-history":[{"count":1,"href":"https:\/\/tribunadapraia.com.br\/index.php?rest_route=\/wp\/v2\/posts\/2998\/revisions"}],"predecessor-version":[{"id":3000,"href":"https:\/\/tribunadapraia.com.br\/index.php?rest_route=\/wp\/v2\/posts\/2998\/revisions\/3000"}],"wp:featuredmedia":[{"embeddable":true,"href":"https:\/\/tribunadapraia.com.br\/index.php?rest_route=\/wp\/v2\/media\/2999"}],"wp:attachment":[{"href":"https:\/\/tribunadapraia.com.br\/index.php?rest_route=%2Fwp%2Fv2%2Fmedia&parent=2998"}],"wp:term":[{"taxonomy":"category","embeddable":true,"href":"https:\/\/tribunadapraia.com.br\/index.php?rest_route=%2Fwp%2Fv2%2Fcategories&post=2998"},{"taxonomy":"post_tag","embeddable":true,"href":"https:\/\/tribunadapraia.com.br\/index.php?rest_route=%2Fwp%2Fv2%2Ftags&post=2998"}],"curies":[{"name":"wp","href":"https:\/\/api.w.org\/{rel}","templated":true}]}}