{"id":2988,"date":"2021-09-01T07:09:07","date_gmt":"2021-09-01T10:09:07","guid":{"rendered":"https:\/\/tribunadapraia.com.br\/?p=2988"},"modified":"2021-09-01T07:10:04","modified_gmt":"2021-09-01T10:10:04","slug":"07-09-todos-as-ruas-contra-o-governo-genocida","status":"publish","type":"post","link":"https:\/\/tribunadapraia.com.br\/?p=2988","title":{"rendered":"07\/09: Todos \u00e0s ruas contra o governo genocida!"},"content":{"rendered":"<p>Nota Pol\u00edtica do PCB &#8211; Transformar o 07 de setembro em grande manifesta\u00e7\u00e3o popular contra o governo genocida!<\/p>\n<p>Nos \u00faltimos meses, desde as articula\u00e7\u00f5es que constru\u00edram os atos nacionais do dia 29 de Maio, houve um conjunto de altera\u00e7\u00f5es significativas na conjuntura brasileira, que trazem novas oportunidades, desafios e metas aos movimentos populares, no enfrentamento \u00e0s pol\u00edticas da burguesia.<\/p>\n<p>O PCB foi um dos expoentes na articula\u00e7\u00e3o da necess\u00e1ria unidade de a\u00e7\u00e3o que congregou o campo de oposi\u00e7\u00e3o de esquerda no combate ao (des)governo Bolsonaro, em um momento de agravamento da crise social, com aumento da taxa de desemprego, da carestia, precariza\u00e7\u00e3o dos servi\u00e7os p\u00fablicos e continuidade de mortes e cont\u00e1gio pela Covid-19, fruto da pol\u00edtica genocida de Bolsonaro, Mour\u00e3o, Guedes e seus aliados.<\/p>\n<p>Se por um lado a pandemia ampliou e aprofundou as contradi\u00e7\u00f5es da crise capitalista em curso, por outro, o governo se aproveitou do fato de que as pessoas estavam impossibilitadas de sair \u00e0s ruas para se opor aos ataques do capital contra a classe trabalhadora e suas organiza\u00e7\u00f5es sociais. O retorno das manifesta\u00e7\u00f5es de rua s\u00f3 foi poss\u00edvel, a partir do 29 de Maio, quando centenas de milhares de manifestantes colocaram novamente na ordem do dia a necessidade da luta popular contra esse governo genocida.<\/p>\n<p>Por sua vez, mesmo n\u00e3o nutrindo nenhuma ilus\u00e3o com os resultados efetivos da CPI da Covid instalada no Senado, a revela\u00e7\u00e3o de esquemas de corrup\u00e7\u00e3o na contrata\u00e7\u00e3o de vacinas aumentou a desmoraliza\u00e7\u00e3o p\u00fablica do Governo e aprofundou o quadro sist\u00eamico de crise institucional, que \u00e9 apenas uma parte do complexo cen\u00e1rio de m\u00faltiplas contradi\u00e7\u00f5es que intensificam a crise pol\u00edtica e social.<\/p>\n<p>Apesar do crescente desgaste do governo, no Congresso Nacional, a burguesia segue impondo a l\u00f3gica do \u201cpassa boi, passa boiada\u201d, com a intensifica\u00e7\u00e3o dos ataques aos trabalhadores(as), ao patrim\u00f4nio p\u00fablico, aos ind\u00edgenas e ao povo em geral. Avan\u00e7am os processos de privatiza\u00e7\u00f5es, como dos Correios, da Eletrobr\u00e1s, assim como foram aprovadas a MP da grilagem das terras p\u00fablicas e a MP 1045, conhecida como \u201cminirreforma trabalhista\u201d, que cria modalidade de trabalho sem direito a f\u00e9rias, 13\u00ba sal\u00e1rio, FGTS, carteira assinada, direitos previdenci\u00e1rios, reduz o pagamento de horas extras, amplia a jornada de trabalho para algumas categorias e dificulta a fiscaliza\u00e7\u00e3o trabalhista, dentre outros retrocessos. Al\u00e9m disso, continua a ofensiva para aprovar a contrarreforma administrativa, que visa acabar com os direitos dos servidores e destruir os servi\u00e7os p\u00fablicos.<\/p>\n<p>Com o aumento das tens\u00f5es envolvendo o Governo Bolsonaro, o Judici\u00e1rio e os Governadores de Estado, torna-se ainda mais descarado o flerte de setores reacion\u00e1rios (empres\u00e1rios, latifundi\u00e1rios, militares da reserva e das for\u00e7as de seguran\u00e7a p\u00fablica em diversos Estados) com o golpismo. As amea\u00e7as golpistas n\u00e3o podem ser subestimadas ou vistas apenas como uma \u201cchantagem\u201d institucional frente \u00e0s crescentes evid\u00eancias de crimes de responsabilidade, ind\u00edcios de corrup\u00e7\u00e3o e consequente possibilidade de penaliza\u00e7\u00e3o dos representantes do Governo.<\/p>\n<p>H\u00e1 que se levar em conta que uma parcela das for\u00e7as militares j\u00e1 demonstrou estar conivente com essas aspira\u00e7\u00f5es golpistas e que, apesar de n\u00e3o estarmos em um contexto de avan\u00e7os significativos na luta de classes a favor dos(as) trabalhadores(as), o intento antidemocr\u00e1tico e autocr\u00e1tico vem sendo alimentado h\u00e1 tempos por esse Governo, em nome do anticomunismo, da \u201cdefesa da p\u00e1tria\u201d e da pauta de costumes, ret\u00f3rica que continua embalando as hordas reacion\u00e1rias cada vez mais radicalizadas e dispostas \u00e0 promo\u00e7\u00e3o da viol\u00eancia aberta e do golpismo. Essa t\u00e1tica revela o isolamento e, ao mesmo tempo, o desespero desse governo criminoso, que busca criar subterf\u00fagios para desviar a aten\u00e7\u00e3o da grave crise social, da ina\u00e7\u00e3o durante a pandemia, com a escalada das mortes de cerca de 600 mil pessoas, e do malogro das medidas econ\u00f4micas que n\u00e3o conseguem retirar o pa\u00eds da recess\u00e3o.<\/p>\n<p>Mas as tentativas golpistas do presidente genocida e seus seguidores n\u00e3o devem intimidar as for\u00e7as populares, nem lev\u00e1-las \u00e0 perplexidade ou ao des\u00e2nimo. Pelo contr\u00e1rio, a hora \u00e9 de fortalecer o trabalho de base, a organiza\u00e7\u00e3o e mobiliza\u00e7\u00e3o dos trabalhadores, das trabalhadoras, da juventude e da popula\u00e7\u00e3o pobre em geral para responder com firmeza e combatividade \u00e0 chantagem golpista, atrav\u00e9s de grandes manifesta\u00e7\u00f5es de massas nas ruas e da constru\u00e7\u00e3o de um processo de greve geral para derrotar esse governo e barrar os ataques do capital. Na luta de classes sempre h\u00e1 riscos, mas o pior que pode acontecer \u00e9 deixar de se contrapor, de maneira firme, ao inimigo que est\u00e1 ensandecido. A hora \u00e9 de avan\u00e7ar na luta!<\/p>\n<p>Para garantir a intensifica\u00e7\u00e3o das manifesta\u00e7\u00f5es de rua em atos que congreguem centenas de milhares de manifestantes nas principais cidades do pa\u00eds, \u00e9 preciso combinar a luta pol\u00edtica pelo Fora Bolsonaro-Mour\u00e3o com as reivindica\u00e7\u00f5es concretas dos trabalhadores e das trabalhadoras. Este \u00e9 o mote que deve nortear as palavras de ordem para sensibilizar a popula\u00e7\u00e3o a ir \u00e0 luta. Lutar pela queda desse governo antes de 2022 \u00e9 lutar contra a carestia, contra o aumento do pre\u00e7o do arroz, do feij\u00e3o, do g\u00e1s, do \u00f3leo, da luz, da gasolina, em defesa dos Correios, da Eletrobr\u00e1s, contra a reforma administrativa. Estes s\u00e3o temas que est\u00e3o na ordem do dia e que devem ser denunciados como resultado da pol\u00edtica do governo em favor apenas dos lucros capitalistas. Para mobilizar a popula\u00e7\u00e3o contra esse descalabro, \u00e9 fundamental que as for\u00e7as populares organizem Comit\u00eas Populares nos locais de trabalho, nas escolas, universidades e nos bairros, para enraizar entre as massas a luta popular contra esse governo criminoso e a burguesia que o sustenta.<\/p>\n<p>Tem sido um grande desafio o processo de constru\u00e7\u00e3o coletiva pois, se por um lado temos o entendimento de que nenhuma organiza\u00e7\u00e3o isoladamente tem condi\u00e7\u00f5es de organizar a necess\u00e1ria resist\u00eancia da classe trabalhadora nas ruas nesse contexto de recrudescimento neoliberal e crise sanit\u00e1ria, por sua vez, temos tamb\u00e9m a clareza das diferen\u00e7as de opini\u00e3o e das limita\u00e7\u00f5es na constru\u00e7\u00e3o da t\u00e1tica da Campanha Fora Bolsonaro, que muitas vezes nos colocam em contraposi\u00e7\u00e3o \u00e0s tend\u00eancias que apostam todas fichas nas elei\u00e7\u00f5es de 2022 para a resolu\u00e7\u00e3o dos antagonismos vivenciados pela classe trabalhadora.<br \/>\nSe por um lado h\u00e1 contradi\u00e7\u00f5es e diverg\u00eancias inevit\u00e1veis nesse processo em curso, deve-se ressaltar a import\u00e2ncia da articula\u00e7\u00e3o da Campanha Fora Bolsonaro em n\u00edvel nacional, no que diz respeito \u00e0 retomada das manifesta\u00e7\u00f5es de rua, que muito contribuem para o desgaste do governo genocida e para refor\u00e7ar as lutas em defesa dos direitos da classe trabalhadora e pelas liberdades democr\u00e1ticas. Vale destacar que nessas manifesta\u00e7\u00f5es os comunistas t\u00eam tido oportunidade de manifestar suas bandeiras estrat\u00e9gicas junto a diversos setores, fortalecendo nossa atua\u00e7\u00e3o de massa para al\u00e9m da articula\u00e7\u00e3o da unidade de a\u00e7\u00e3o no interior das frentes nacionais de oposi\u00e7\u00e3o a Bolsonaro.<\/p>\n<p>O PCB, junto com outras organiza\u00e7\u00f5es classistas, tem sido, em diversas cidades, um dos protagonistas desse processo e isso tem elevado o grau de nossa experi\u00eancia concreta de organiza\u00e7\u00e3o, disciplina, agita\u00e7\u00e3o e propaganda revolucion\u00e1ria, que se equaciona na din\u00e2mica da luta em diversas regi\u00f5es e nos fortalece com o aprendizado coletivo. Continuaremos investindo na constru\u00e7\u00e3o da unidade de a\u00e7\u00e3o, fundamental para dar sequ\u00eancia \u00e0 constru\u00e7\u00e3o dos atos nacionais pelo Fora Bolsonaro-Mour\u00e3o e sua pol\u00edtica genocida, reacion\u00e1ria e ultraliberal, sem sectarismos e vanguardismos que possam dividir as for\u00e7as de esquerda, tampouco e sobretudo sem capitular perante a concilia\u00e7\u00e3o de classes, que prioriza o processo eleitoral e deixa de incentivar a mobiliza\u00e7\u00e3o popular no necess\u00e1rio e imediato enfrentamento ao governo e aos retrocessos impostos pela burguesia.<br \/>\nNesse momento de recrudescimento das provoca\u00e7\u00f5es fascistas, com a proximidade dos Atos do Grito dos Exclu\u00eddos e do Fora Bolsonaro em 07 de Setembro, os comunistas devem ampliar e intensificar o trabalho de base, a agita\u00e7\u00e3o e propaganda e as den\u00fancias contra o governo burgu\u00eas de plant\u00e3o, respons\u00e1vel maior pela destrui\u00e7\u00e3o de direitos e conquistas sociais, pelo aumento da mis\u00e9ria, do desemprego e da viol\u00eancia contra a classe trabalhadora, pois trata-se de um governo que age a servi\u00e7o dos interesses capitalistas e do imperialismo. Os problemas do nosso povo n\u00e3o se resolver\u00e3o nos marcos desse sistema de explora\u00e7\u00e3o, mis\u00e9ria e viol\u00eancia em que vivemos. \u00c9 preciso seguir firme na luta pelo poder popular e pelo socialismo!<\/p>\n<p>Nesse sentido, na semana que antecede o dia 07 de Setembro, devemos organizar jornadas de agita\u00e7\u00e3o e propaganda em todas as cidades onde estamos organizados, com foco em locais de grande circula\u00e7\u00e3o de trabalhadores(as), tais como: esta\u00e7\u00f5es de trem, metr\u00f4, barcas e \u00f4nibus urbanos, portas de f\u00e1bricas, escolas e universidades em que estiverem ocorrendo aulas presenciais, pra\u00e7as p\u00fablicas e, com especial aten\u00e7\u00e3o, nas regi\u00f5es de moradias populares.<\/p>\n<p>N\u00e3o devemos cair em provoca\u00e7\u00f5es que tentam desmobilizar as manifesta\u00e7\u00f5es da oposi\u00e7\u00e3o. Tampouco aceitaremos ataques e investidas contra nosso direito de protestar e denunciar os crimes de Bolsonaro e sua falange de milicianos e gangsters no Congresso.<br \/>\nVamos construir um grande 07 de Setembro unit\u00e1rio, com muita disposi\u00e7\u00e3o de luta para barrar as amea\u00e7as golpistas, os ataques do capital e aumentar a press\u00e3o pol\u00edtica contra esse governo genocida, corrupto e autorit\u00e1rio.<br \/>\nFora Bolsonaro, Mour\u00e3o e Guedes! Impeachment J\u00e1!<\/p>\n<p>Basta de desemprego, mis\u00e9ria e fome!<\/p>\n<p>Em defesa dos direitos da classe trabalhadora, construir a Greve Geral!<\/p>\n<p>N\u00e3o \u00e0 privatiza\u00e7\u00e3o das estatais e \u00e0 destrui\u00e7\u00e3o dos servi\u00e7os p\u00fablicos!<\/p>\n<p>Em defesa dos povos origin\u00e1rios!<\/p>\n<p>Pelo Poder Popular na constru\u00e7\u00e3o do Socialismo!<\/p>\n<p>Comiss\u00e3o Pol\u00edtica Nacional do Partido Comunista Brasileiro \u2013 PCB<\/p>\n","protected":false},"excerpt":{"rendered":"<p>Nota Pol\u00edtica do PCB &#8211; Transformar o 07 de setembro em grande manifesta\u00e7\u00e3o popular contra o governo genocida! Nos \u00faltimos meses, desde as articula\u00e7\u00f5es que constru\u00edram os atos nacionais do dia 29 de Maio, houve um conjunto de altera\u00e7\u00f5es significativas na conjuntura brasileira, que trazem novas oportunidades, desafios e metas aos movimentos populares, no enfrentamento \u00e0s pol\u00edticas da burguesia. O PCB foi um dos expoentes na articula\u00e7\u00e3o da necess\u00e1ria unidade<\/p>\n","protected":false},"author":1,"featured_media":2989,"comment_status":"open","ping_status":"open","sticky":false,"template":"","format":"standard","meta":[],"categories":[18],"tags":[],"yoast_head":"<!-- This site is optimized with the Yoast SEO plugin v16.3 - https:\/\/yoast.com\/wordpress\/plugins\/seo\/ -->\n<title>07\/09: Todos \u00e0s ruas contra o governo genocida! - TRIBUNA DA PRAIA<\/title>\n<meta name=\"robots\" content=\"index, follow, max-snippet:-1, max-image-preview:large, max-video-preview:-1\" \/>\n<link rel=\"canonical\" href=\"https:\/\/tribunadapraia.com.br\/?p=2988\" \/>\n<meta property=\"og:locale\" content=\"pt_BR\" \/>\n<meta property=\"og:type\" content=\"article\" \/>\n<meta property=\"og:title\" content=\"07\/09: Todos \u00e0s ruas contra o governo genocida! - TRIBUNA DA PRAIA\" \/>\n<meta property=\"og:description\" content=\"Nota Pol\u00edtica do PCB &#8211; Transformar o 07 de setembro em grande manifesta\u00e7\u00e3o popular contra o governo genocida! Nos \u00faltimos meses, desde as articula\u00e7\u00f5es que constru\u00edram os atos nacionais do dia 29 de Maio, houve um conjunto de altera\u00e7\u00f5es significativas na conjuntura brasileira, que trazem novas oportunidades, desafios e metas aos movimentos populares, no enfrentamento \u00e0s pol\u00edticas da burguesia. O PCB foi um dos expoentes na articula\u00e7\u00e3o da necess\u00e1ria unidade\" \/>\n<meta property=\"og:url\" content=\"https:\/\/tribunadapraia.com.br\/?p=2988\" \/>\n<meta property=\"og:site_name\" content=\"TRIBUNA DA PRAIA\" \/>\n<meta property=\"article:publisher\" content=\"https:\/\/www.facebook.com\/tribunadapraiaonline\/\" \/>\n<meta property=\"article:published_time\" content=\"2021-09-01T10:09:07+00:00\" \/>\n<meta property=\"article:modified_time\" content=\"2021-09-01T10:10:04+00:00\" \/>\n<meta property=\"og:image\" content=\"https:\/\/tribunadapraia.com.br\/wp-content\/uploads\/2021\/09\/sete-setembro.png\" \/>\n\t<meta property=\"og:image:width\" content=\"648\" \/>\n\t<meta property=\"og:image:height\" content=\"430\" \/>\n<meta name=\"twitter:card\" content=\"summary_large_image\" \/>\n<meta name=\"twitter:creator\" content=\"@Claudomir21\" \/>\n<meta name=\"twitter:site\" content=\"@Claudomir21\" \/>\n<meta name=\"twitter:label1\" content=\"Est. tempo de leitura\">\n\t<meta name=\"twitter:data1\" content=\"7 minutos\">\n<script type=\"application\/ld+json\" class=\"yoast-schema-graph\">{\"@context\":\"https:\/\/schema.org\",\"@graph\":[{\"@type\":\"Organization\",\"@id\":\"https:\/\/tribunadapraia.com.br\/#organization\",\"name\":\"Tribuna da Praia\",\"url\":\"https:\/\/tribunadapraia.com.br\/\",\"sameAs\":[\"https:\/\/www.facebook.com\/tribunadapraiaonline\/\",\"https:\/\/www.instagram.com\/claudomirtavares\/\",\"https:\/\/www.youtube.com\/channel\/UCwQf80nxiMzCefAyjbp53Rw\",\"https:\/\/twitter.com\/Claudomir21\"],\"logo\":{\"@type\":\"ImageObject\",\"@id\":\"https:\/\/tribunadapraia.com.br\/#logo\",\"inLanguage\":\"pt-BR\",\"url\":\"https:\/\/tribunadapraia.com.br\/wp-content\/uploads\/2020\/02\/logo.png\",\"contentUrl\":\"https:\/\/tribunadapraia.com.br\/wp-content\/uploads\/2020\/02\/logo.png\",\"width\":501,\"height\":121,\"caption\":\"Tribuna da Praia\"},\"image\":{\"@id\":\"https:\/\/tribunadapraia.com.br\/#logo\"}},{\"@type\":\"WebSite\",\"@id\":\"https:\/\/tribunadapraia.com.br\/#website\",\"url\":\"https:\/\/tribunadapraia.com.br\/\",\"name\":\"TRIBUNA DA PRAIA\",\"description\":\"O 1\\u00ba jornal do interior de Sergipe na internet\",\"publisher\":{\"@id\":\"https:\/\/tribunadapraia.com.br\/#organization\"},\"potentialAction\":[{\"@type\":\"SearchAction\",\"target\":\"https:\/\/tribunadapraia.com.br\/?s={search_term_string}\",\"query-input\":\"required name=search_term_string\"}],\"inLanguage\":\"pt-BR\"},{\"@type\":\"ImageObject\",\"@id\":\"https:\/\/tribunadapraia.com.br\/?p=2988#primaryimage\",\"inLanguage\":\"pt-BR\",\"url\":\"https:\/\/tribunadapraia.com.br\/wp-content\/uploads\/2021\/09\/sete-setembro.png\",\"contentUrl\":\"https:\/\/tribunadapraia.com.br\/wp-content\/uploads\/2021\/09\/sete-setembro.png\",\"width\":648,\"height\":430},{\"@type\":\"WebPage\",\"@id\":\"https:\/\/tribunadapraia.com.br\/?p=2988#webpage\",\"url\":\"https:\/\/tribunadapraia.com.br\/?p=2988\",\"name\":\"07\/09: Todos \\u00e0s ruas contra o governo genocida! - TRIBUNA DA PRAIA\",\"isPartOf\":{\"@id\":\"https:\/\/tribunadapraia.com.br\/#website\"},\"primaryImageOfPage\":{\"@id\":\"https:\/\/tribunadapraia.com.br\/?p=2988#primaryimage\"},\"datePublished\":\"2021-09-01T10:09:07+00:00\",\"dateModified\":\"2021-09-01T10:10:04+00:00\",\"breadcrumb\":{\"@id\":\"https:\/\/tribunadapraia.com.br\/?p=2988#breadcrumb\"},\"inLanguage\":\"pt-BR\",\"potentialAction\":[{\"@type\":\"ReadAction\",\"target\":[\"https:\/\/tribunadapraia.com.br\/?p=2988\"]}]},{\"@type\":\"BreadcrumbList\",\"@id\":\"https:\/\/tribunadapraia.com.br\/?p=2988#breadcrumb\",\"itemListElement\":[{\"@type\":\"ListItem\",\"position\":1,\"item\":{\"@type\":\"WebPage\",\"@id\":\"https:\/\/tribunadapraia.com.br\/\",\"url\":\"https:\/\/tribunadapraia.com.br\/\",\"name\":\"In\\u00edcio\"}},{\"@type\":\"ListItem\",\"position\":2,\"item\":{\"@id\":\"https:\/\/tribunadapraia.com.br\/?p=2988#webpage\"}}]},{\"@type\":\"Article\",\"@id\":\"https:\/\/tribunadapraia.com.br\/?p=2988#article\",\"isPartOf\":{\"@id\":\"https:\/\/tribunadapraia.com.br\/?p=2988#webpage\"},\"author\":{\"@id\":\"https:\/\/tribunadapraia.com.br\/#\/schema\/person\/326b0a9f3163b479142c64eba4928de0\"},\"headline\":\"07\/09: Todos \\u00e0s ruas contra o governo genocida!\",\"datePublished\":\"2021-09-01T10:09:07+00:00\",\"dateModified\":\"2021-09-01T10:10:04+00:00\",\"mainEntityOfPage\":{\"@id\":\"https:\/\/tribunadapraia.com.br\/?p=2988#webpage\"},\"wordCount\":1720,\"commentCount\":0,\"publisher\":{\"@id\":\"https:\/\/tribunadapraia.com.br\/#organization\"},\"image\":{\"@id\":\"https:\/\/tribunadapraia.com.br\/?p=2988#primaryimage\"},\"thumbnailUrl\":\"https:\/\/tribunadapraia.com.br\/wp-content\/uploads\/2021\/09\/sete-setembro.png\",\"articleSection\":[\"Not\\u00edcias\"],\"inLanguage\":\"pt-BR\",\"potentialAction\":[{\"@type\":\"CommentAction\",\"name\":\"Comment\",\"target\":[\"https:\/\/tribunadapraia.com.br\/?p=2988#respond\"]}]},{\"@type\":\"Person\",\"@id\":\"https:\/\/tribunadapraia.com.br\/#\/schema\/person\/326b0a9f3163b479142c64eba4928de0\",\"name\":\"tribunadapraia\",\"image\":{\"@type\":\"ImageObject\",\"@id\":\"https:\/\/tribunadapraia.com.br\/#personlogo\",\"inLanguage\":\"pt-BR\",\"url\":\"https:\/\/secure.gravatar.com\/avatar\/38b019c74762496076b7355024a0dad9?s=96&d=identicon&r=g\",\"contentUrl\":\"https:\/\/secure.gravatar.com\/avatar\/38b019c74762496076b7355024a0dad9?s=96&d=identicon&r=g\",\"caption\":\"tribunadapraia\"}}]}<\/script>\n<!-- \/ Yoast SEO plugin. -->","wps_subtitle":"","_links":{"self":[{"href":"https:\/\/tribunadapraia.com.br\/index.php?rest_route=\/wp\/v2\/posts\/2988"}],"collection":[{"href":"https:\/\/tribunadapraia.com.br\/index.php?rest_route=\/wp\/v2\/posts"}],"about":[{"href":"https:\/\/tribunadapraia.com.br\/index.php?rest_route=\/wp\/v2\/types\/post"}],"author":[{"embeddable":true,"href":"https:\/\/tribunadapraia.com.br\/index.php?rest_route=\/wp\/v2\/users\/1"}],"replies":[{"embeddable":true,"href":"https:\/\/tribunadapraia.com.br\/index.php?rest_route=%2Fwp%2Fv2%2Fcomments&post=2988"}],"version-history":[{"count":1,"href":"https:\/\/tribunadapraia.com.br\/index.php?rest_route=\/wp\/v2\/posts\/2988\/revisions"}],"predecessor-version":[{"id":2990,"href":"https:\/\/tribunadapraia.com.br\/index.php?rest_route=\/wp\/v2\/posts\/2988\/revisions\/2990"}],"wp:featuredmedia":[{"embeddable":true,"href":"https:\/\/tribunadapraia.com.br\/index.php?rest_route=\/wp\/v2\/media\/2989"}],"wp:attachment":[{"href":"https:\/\/tribunadapraia.com.br\/index.php?rest_route=%2Fwp%2Fv2%2Fmedia&parent=2988"}],"wp:term":[{"taxonomy":"category","embeddable":true,"href":"https:\/\/tribunadapraia.com.br\/index.php?rest_route=%2Fwp%2Fv2%2Fcategories&post=2988"},{"taxonomy":"post_tag","embeddable":true,"href":"https:\/\/tribunadapraia.com.br\/index.php?rest_route=%2Fwp%2Fv2%2Ftags&post=2988"}],"curies":[{"name":"wp","href":"https:\/\/api.w.org\/{rel}","templated":true}]}}