{"id":2981,"date":"2021-08-30T08:22:32","date_gmt":"2021-08-30T11:22:32","guid":{"rendered":"https:\/\/tribunadapraia.com.br\/?p=2981"},"modified":"2021-08-30T08:23:34","modified_gmt":"2021-08-30T11:23:34","slug":"30-de-agosto-dia-estadual-do-rio-japaratuba-patrimonio-natural-de-18-municipios-sergipanos","status":"publish","type":"post","link":"https:\/\/tribunadapraia.com.br\/?p=2981","title":{"rendered":"30 DE AGOSTO: Dia Estadual do Rio Japaratuba, patrim\u00f4nio natural de 18 munic\u00edpios Sergipanos"},"content":{"rendered":"<p>A luta dos povos ribeirinhos em defesa do &#8220;rio de muitas voltas&#8221; data-se do ano 1987, quando o jornal &#8220;O Atl\u00e2ntico&#8221; (segunda fase da Tribuna da Praia) denunciava pela primeira vez o barramento do Rio das Pedras, leito natural do Rio Japaratuba at\u00e9 a abertura do canal artificial na segunda metade do s\u00e9culo XIX. A luta ganhou amplitude na d\u00e9cada de 1990 quando um grupo de professores levou o debate para \u00e0s salas de aula da Escola Estadual Jos\u00e9 Amaral Lemos, inclusive com a realiza\u00e7\u00e3o de expedi\u00e7\u00f5es, excurs\u00f5es e a\u00e7\u00f5es ambientais.<\/p>\n<p>A partir de 1998 com a Funda\u00e7\u00e3o da Sociedade SocioAmbiental do Rio Japaratuba, a defesa se estende por toda a bacia com uma escala mais incisiva na por\u00e7\u00e3o Baixo Japaratuba, inclusive com o estudo e difus\u00e3o da produ\u00e7\u00e3o cient\u00edfica de gradua\u00e7\u00e3o e p\u00f3s-gradua\u00e7ao (palestras, exposi\u00e7\u00f5es e visitas t\u00e9cnicas).<\/p>\n<p>Este esp\u00f3lio, catapultado pelo surgimento da Pol\u00edtica Nacional e Estadual de Recursos H\u00eddricos, a qual legitimou as lutas nesse processo democr\u00e1tico, que em 2005, culminou com a cria\u00e7\u00e3o do Comit\u00ea da Bacia Hidrogr\u00e1fica do Rio Haparatuba.<\/p>\n<p>Aliada a outras for\u00e7as sociais, a SOS Rio Japaratuba foi uma das signat\u00e1rias do processo que resultou na constru\u00e7\u00e3o do F\u00f3rum do Poder Popular em 2003 que passou a integrar a Frente Parlamentar Ambientalista e Frente Ambientalista de Sergipe.<\/p>\n<p><img loading=\"lazy\" class=\"alignnone size-medium wp-image-2983\" src=\"https:\/\/tribunadapraia.com.br\/wp-content\/uploads\/2021\/08\/ponte-de-japaratuba-300x200.jpg\" alt=\"\" width=\"300\" height=\"200\" srcset=\"https:\/\/tribunadapraia.com.br\/wp-content\/uploads\/2021\/08\/ponte-de-japaratuba-300x200.jpg 300w, https:\/\/tribunadapraia.com.br\/wp-content\/uploads\/2021\/08\/ponte-de-japaratuba-768x512.jpg 768w, https:\/\/tribunadapraia.com.br\/wp-content\/uploads\/2021\/08\/ponte-de-japaratuba-600x400.jpg 600w, https:\/\/tribunadapraia.com.br\/wp-content\/uploads\/2021\/08\/ponte-de-japaratuba-272x182.jpg 272w, https:\/\/tribunadapraia.com.br\/wp-content\/uploads\/2021\/08\/ponte-de-japaratuba.jpg 1024w\" sizes=\"(max-width: 300px) 100vw, 300px\" \/><\/p>\n<p>Consultados pelo mandato da deputada estadual Ana L\u00facia, estes atores sociais indicaram a data de funda\u00e7\u00e3o do CBHJ como ponto pacificador para *celebra\u00e7\u00e3o anual em 30 de agosto do Dia Estadual do Rio Japaratuba* , institu\u00eddos atrav\u00e9s da lei n\u00b0 Lei 8.103\/2016.<\/p>\n<p>Ap\u00f3s uma ampla etapa de amadurecimento, a fus\u00e3o da Associa\u00e7\u00e3o Vale do Japaratuba e a SOS Rio Japaratuba, nasceu o Instituto Brasileiro de Desenvolvimento Socioambiental (IDESA-Brasil),, sediado no povoado S\u00e3o Jos\u00e9, em Japaratuba (SE) com atua\u00e7\u00e3o em todo territ\u00f3rio nacional, encampando como uma de suas bandeiras a defesa do Rio Japaratuba, mais importante patrim\u00f4nio natural de 18 munic\u00edpios sergipanos.<\/p>\n<p>Por IDESA-Brasil.<\/p>\n","protected":false},"excerpt":{"rendered":"<p>A luta dos povos ribeirinhos em defesa do &#8220;rio de muitas voltas&#8221; data-se do ano 1987, quando o jornal &#8220;O Atl\u00e2ntico&#8221; (segunda fase da Tribuna da Praia) denunciava pela primeira vez o barramento do Rio das Pedras, leito natural do Rio Japaratuba at\u00e9 a abertura do canal artificial na segunda metade do s\u00e9culo XIX. A luta ganhou amplitude na d\u00e9cada de 1990 quando um grupo de professores levou o debate<\/p>\n","protected":false},"author":1,"featured_media":2982,"comment_status":"open","ping_status":"open","sticky":false,"template":"","format":"standard","meta":[],"categories":[18],"tags":[],"yoast_head":"<!-- This site is optimized with the Yoast SEO plugin v16.3 - https:\/\/yoast.com\/wordpress\/plugins\/seo\/ -->\n<title>30 DE AGOSTO: Dia Estadual do Rio Japaratuba, patrim\u00f4nio natural de 18 munic\u00edpios Sergipanos - TRIBUNA DA PRAIA<\/title>\n<meta name=\"robots\" content=\"index, follow, max-snippet:-1, max-image-preview:large, max-video-preview:-1\" \/>\n<link rel=\"canonical\" href=\"https:\/\/tribunadapraia.com.br\/?p=2981\" \/>\n<meta property=\"og:locale\" content=\"pt_BR\" \/>\n<meta property=\"og:type\" content=\"article\" \/>\n<meta property=\"og:title\" content=\"30 DE AGOSTO: Dia Estadual do Rio Japaratuba, patrim\u00f4nio natural de 18 munic\u00edpios Sergipanos - TRIBUNA DA PRAIA\" \/>\n<meta property=\"og:description\" content=\"A luta dos povos ribeirinhos em defesa do &#8220;rio de muitas voltas&#8221; data-se do ano 1987, quando o jornal &#8220;O Atl\u00e2ntico&#8221; (segunda fase da Tribuna da Praia) denunciava pela primeira vez o barramento do Rio das Pedras, leito natural do Rio Japaratuba at\u00e9 a abertura do canal artificial na segunda metade do s\u00e9culo XIX. A luta ganhou amplitude na d\u00e9cada de 1990 quando um grupo de professores levou o debate\" \/>\n<meta property=\"og:url\" content=\"https:\/\/tribunadapraia.com.br\/?p=2981\" \/>\n<meta property=\"og:site_name\" content=\"TRIBUNA DA PRAIA\" \/>\n<meta property=\"article:publisher\" content=\"https:\/\/www.facebook.com\/tribunadapraiaonline\/\" \/>\n<meta property=\"article:published_time\" content=\"2021-08-30T11:22:32+00:00\" \/>\n<meta property=\"article:modified_time\" content=\"2021-08-30T11:23:34+00:00\" \/>\n<meta property=\"og:image\" content=\"https:\/\/tribunadapraia.com.br\/wp-content\/uploads\/2021\/08\/11021223_742763479176661_1241145728310158898_n.jpg\" \/>\n\t<meta property=\"og:image:width\" content=\"417\" \/>\n\t<meta property=\"og:image:height\" content=\"255\" \/>\n<meta name=\"twitter:card\" content=\"summary_large_image\" \/>\n<meta name=\"twitter:creator\" content=\"@Claudomir21\" \/>\n<meta name=\"twitter:site\" content=\"@Claudomir21\" \/>\n<meta name=\"twitter:label1\" content=\"Est. tempo de leitura\">\n\t<meta name=\"twitter:data1\" content=\"2 minutos\">\n<script type=\"application\/ld+json\" class=\"yoast-schema-graph\">{\"@context\":\"https:\/\/schema.org\",\"@graph\":[{\"@type\":\"Organization\",\"@id\":\"https:\/\/tribunadapraia.com.br\/#organization\",\"name\":\"Tribuna da Praia\",\"url\":\"https:\/\/tribunadapraia.com.br\/\",\"sameAs\":[\"https:\/\/www.facebook.com\/tribunadapraiaonline\/\",\"https:\/\/www.instagram.com\/claudomirtavares\/\",\"https:\/\/www.youtube.com\/channel\/UCwQf80nxiMzCefAyjbp53Rw\",\"https:\/\/twitter.com\/Claudomir21\"],\"logo\":{\"@type\":\"ImageObject\",\"@id\":\"https:\/\/tribunadapraia.com.br\/#logo\",\"inLanguage\":\"pt-BR\",\"url\":\"https:\/\/tribunadapraia.com.br\/wp-content\/uploads\/2020\/02\/logo.png\",\"contentUrl\":\"https:\/\/tribunadapraia.com.br\/wp-content\/uploads\/2020\/02\/logo.png\",\"width\":501,\"height\":121,\"caption\":\"Tribuna da Praia\"},\"image\":{\"@id\":\"https:\/\/tribunadapraia.com.br\/#logo\"}},{\"@type\":\"WebSite\",\"@id\":\"https:\/\/tribunadapraia.com.br\/#website\",\"url\":\"https:\/\/tribunadapraia.com.br\/\",\"name\":\"TRIBUNA DA PRAIA\",\"description\":\"O 1\\u00ba jornal do interior de Sergipe na internet\",\"publisher\":{\"@id\":\"https:\/\/tribunadapraia.com.br\/#organization\"},\"potentialAction\":[{\"@type\":\"SearchAction\",\"target\":\"https:\/\/tribunadapraia.com.br\/?s={search_term_string}\",\"query-input\":\"required name=search_term_string\"}],\"inLanguage\":\"pt-BR\"},{\"@type\":\"ImageObject\",\"@id\":\"https:\/\/tribunadapraia.com.br\/?p=2981#primaryimage\",\"inLanguage\":\"pt-BR\",\"url\":\"https:\/\/tribunadapraia.com.br\/wp-content\/uploads\/2021\/08\/11021223_742763479176661_1241145728310158898_n.jpg\",\"contentUrl\":\"https:\/\/tribunadapraia.com.br\/wp-content\/uploads\/2021\/08\/11021223_742763479176661_1241145728310158898_n.jpg\",\"width\":417,\"height\":255},{\"@type\":\"WebPage\",\"@id\":\"https:\/\/tribunadapraia.com.br\/?p=2981#webpage\",\"url\":\"https:\/\/tribunadapraia.com.br\/?p=2981\",\"name\":\"30 DE AGOSTO: Dia Estadual do Rio Japaratuba, patrim\\u00f4nio natural de 18 munic\\u00edpios Sergipanos - TRIBUNA DA PRAIA\",\"isPartOf\":{\"@id\":\"https:\/\/tribunadapraia.com.br\/#website\"},\"primaryImageOfPage\":{\"@id\":\"https:\/\/tribunadapraia.com.br\/?p=2981#primaryimage\"},\"datePublished\":\"2021-08-30T11:22:32+00:00\",\"dateModified\":\"2021-08-30T11:23:34+00:00\",\"breadcrumb\":{\"@id\":\"https:\/\/tribunadapraia.com.br\/?p=2981#breadcrumb\"},\"inLanguage\":\"pt-BR\",\"potentialAction\":[{\"@type\":\"ReadAction\",\"target\":[\"https:\/\/tribunadapraia.com.br\/?p=2981\"]}]},{\"@type\":\"BreadcrumbList\",\"@id\":\"https:\/\/tribunadapraia.com.br\/?p=2981#breadcrumb\",\"itemListElement\":[{\"@type\":\"ListItem\",\"position\":1,\"item\":{\"@type\":\"WebPage\",\"@id\":\"https:\/\/tribunadapraia.com.br\/\",\"url\":\"https:\/\/tribunadapraia.com.br\/\",\"name\":\"In\\u00edcio\"}},{\"@type\":\"ListItem\",\"position\":2,\"item\":{\"@id\":\"https:\/\/tribunadapraia.com.br\/?p=2981#webpage\"}}]},{\"@type\":\"Article\",\"@id\":\"https:\/\/tribunadapraia.com.br\/?p=2981#article\",\"isPartOf\":{\"@id\":\"https:\/\/tribunadapraia.com.br\/?p=2981#webpage\"},\"author\":{\"@id\":\"https:\/\/tribunadapraia.com.br\/#\/schema\/person\/326b0a9f3163b479142c64eba4928de0\"},\"headline\":\"30 DE AGOSTO: Dia Estadual do Rio Japaratuba, patrim\\u00f4nio natural de 18 munic\\u00edpios Sergipanos\",\"datePublished\":\"2021-08-30T11:22:32+00:00\",\"dateModified\":\"2021-08-30T11:23:34+00:00\",\"mainEntityOfPage\":{\"@id\":\"https:\/\/tribunadapraia.com.br\/?p=2981#webpage\"},\"wordCount\":362,\"commentCount\":0,\"publisher\":{\"@id\":\"https:\/\/tribunadapraia.com.br\/#organization\"},\"image\":{\"@id\":\"https:\/\/tribunadapraia.com.br\/?p=2981#primaryimage\"},\"thumbnailUrl\":\"https:\/\/tribunadapraia.com.br\/wp-content\/uploads\/2021\/08\/11021223_742763479176661_1241145728310158898_n.jpg\",\"articleSection\":[\"Not\\u00edcias\"],\"inLanguage\":\"pt-BR\",\"potentialAction\":[{\"@type\":\"CommentAction\",\"name\":\"Comment\",\"target\":[\"https:\/\/tribunadapraia.com.br\/?p=2981#respond\"]}]},{\"@type\":\"Person\",\"@id\":\"https:\/\/tribunadapraia.com.br\/#\/schema\/person\/326b0a9f3163b479142c64eba4928de0\",\"name\":\"tribunadapraia\",\"image\":{\"@type\":\"ImageObject\",\"@id\":\"https:\/\/tribunadapraia.com.br\/#personlogo\",\"inLanguage\":\"pt-BR\",\"url\":\"https:\/\/secure.gravatar.com\/avatar\/38b019c74762496076b7355024a0dad9?s=96&d=identicon&r=g\",\"contentUrl\":\"https:\/\/secure.gravatar.com\/avatar\/38b019c74762496076b7355024a0dad9?s=96&d=identicon&r=g\",\"caption\":\"tribunadapraia\"}}]}<\/script>\n<!-- \/ Yoast SEO plugin. -->","wps_subtitle":"","_links":{"self":[{"href":"https:\/\/tribunadapraia.com.br\/index.php?rest_route=\/wp\/v2\/posts\/2981"}],"collection":[{"href":"https:\/\/tribunadapraia.com.br\/index.php?rest_route=\/wp\/v2\/posts"}],"about":[{"href":"https:\/\/tribunadapraia.com.br\/index.php?rest_route=\/wp\/v2\/types\/post"}],"author":[{"embeddable":true,"href":"https:\/\/tribunadapraia.com.br\/index.php?rest_route=\/wp\/v2\/users\/1"}],"replies":[{"embeddable":true,"href":"https:\/\/tribunadapraia.com.br\/index.php?rest_route=%2Fwp%2Fv2%2Fcomments&post=2981"}],"version-history":[{"count":1,"href":"https:\/\/tribunadapraia.com.br\/index.php?rest_route=\/wp\/v2\/posts\/2981\/revisions"}],"predecessor-version":[{"id":2984,"href":"https:\/\/tribunadapraia.com.br\/index.php?rest_route=\/wp\/v2\/posts\/2981\/revisions\/2984"}],"wp:featuredmedia":[{"embeddable":true,"href":"https:\/\/tribunadapraia.com.br\/index.php?rest_route=\/wp\/v2\/media\/2982"}],"wp:attachment":[{"href":"https:\/\/tribunadapraia.com.br\/index.php?rest_route=%2Fwp%2Fv2%2Fmedia&parent=2981"}],"wp:term":[{"taxonomy":"category","embeddable":true,"href":"https:\/\/tribunadapraia.com.br\/index.php?rest_route=%2Fwp%2Fv2%2Fcategories&post=2981"},{"taxonomy":"post_tag","embeddable":true,"href":"https:\/\/tribunadapraia.com.br\/index.php?rest_route=%2Fwp%2Fv2%2Ftags&post=2981"}],"curies":[{"name":"wp","href":"https:\/\/api.w.org\/{rel}","templated":true}]}}