{"id":2975,"date":"2021-08-26T18:05:04","date_gmt":"2021-08-26T21:05:04","guid":{"rendered":"https:\/\/tribunadapraia.com.br\/?p=2975"},"modified":"2021-08-26T18:10:20","modified_gmt":"2021-08-26T21:10:20","slug":"ilario-de-pirambu-27-anos-de-folclore-patrimonio-cultural-popular-de-pirambu","status":"publish","type":"post","link":"https:\/\/tribunadapraia.com.br\/?p=2975","title":{"rendered":"ILARI\u00d4 DE PIRAMBU: 27 anos de folclore, patrim\u00f4nio cultural-popular de Pirambu"},"content":{"rendered":"<p>Fundado em 1994, o Ilari\u00f4, grupo folcl\u00f3rico de Pirambu est\u00e1 completando 27 anos de exist\u00eancia. Em 1994, um grupo de senhores e senhoras, jovens e crian\u00e7as decidem reconstruir uma das tradi\u00e7\u00f5es mais aut\u00eanticas do nosso povo: nascia o Grupo Folcl\u00f3rico\u00a0Ilari\u00f4 de Pirambu.<\/p>\n<p><img loading=\"lazy\" class=\"alignnone size-full wp-image-2977\" src=\"https:\/\/tribunadapraia.com.br\/wp-content\/uploads\/2021\/08\/culturarte.jpg\" alt=\"\" width=\"280\" height=\"164\" \/><\/p>\n<p>O Grupo Folcl\u00f3rico\u00a0Ilari\u00f4 de Pirambu\u00a0foi criado em 26 de agosto de 1994, h\u00e1 27 anos, sendo Jos\u00e9 Alexandre Santos (Z\u00e9 Alexandre), Jos\u00e9 Beato dos Santos (Seu Zezinho), Maria dos Santos Sales (Dona Nazilde), Francisco Dias da Cruz (Quinho), Am\u00e9lia da Cruz, os irm\u00e3os Z\u00e9lia e Moacir dos Santos entre outros contempor\u00e2neos (Baiano, Fernandinho, Ga\u00facho, Laranja, L\u00facio, Manezimho, Mero, Simi, Teixeira, Papadinha, Z\u00e9 Carlos, Z\u00e9 de Arnaldinho, &#8230;), seus precursores.<\/p>\n<p>\u00c9 composto por aproximadamente 40 integrantes, entre homens, mulheres &#8211; adultos, jovens, adolescentes e crian\u00e7as e se apresenta durante todo o ano em Pirambu, em Sergipe e no pa\u00eds. A apresenta\u00e7\u00e3o do\u00a0Ilari\u00f4\u00a0requer um tempo m\u00ednimo de 20 e m\u00e1ximo de 40 minutos em eventos abertos, mas pode \u201cvarar\u201d \u00e0 noite, quando o grupo realiza os famosos \u201censaios\u201d gerais.<\/p>\n<p>Segundo Luiz Ant\u00f4nio Barreto, \u201co\u00a0Ilari\u00f4 de Pirambu\u00a0\u00e9 um grupo de roda, t\u00edpica da regi\u00e3o do vale do Japaratuba, onde a dan\u00e7a de coco \u00e9 conhecida pela performance dos Bacamarteiros, do Samba de Aboio, ambos do povoado Aguada, em Carm\u00f3polis. O que chama aten\u00e7\u00e3o no\u00a0Ilari\u00f4\u00a0\u00e9 a cad\u00eancia e o entrosamento entre os cantores e o ritmo, a partir da puxadora de versos, num suceder cont\u00ednuo de quadras. O Ilari\u00f4 n\u00e3o faz como nos Bacamarteiros, o refor\u00e7o do refr\u00e3o. O grupo canta as quadras, repetindo-as tr\u00eas a quatro vezes.<br \/>\nA voz que guia o coro canta os primeiros versos, seguindo-se os demais versos, fechando a quadra. Terminada a exibi\u00e7\u00e3o t\u00eam-se uma boa amostragem da quadra popular sergipana, tradicional nas festas juninas, ritmadas nas batucadas, de Est\u00e2ncia, nos Batalh\u00f5es de Riachuelo, nos Samba de C\u00f4co, de Nossa Senhora do Socorro, e em diversas outras manifesta\u00e7\u00f5es\u201d, descreve o saudoso historiador.<\/p>\n<p>por ClaudOmir Herzog (53), ex-presidente do\u00a0Ilar\u00f4 de Pirambu\u00a0(2003\/2004).<\/p>\n<p>Leia mais &#8211; http:\/\/m.tribunadapraiaonline.webnode.com.br\/news\/ilario-de-pirambu-17-anos-de-folclore-e-cultura-popular1\/<\/p>\n","protected":false},"excerpt":{"rendered":"<p>Fundado em 1994, o Ilari\u00f4, grupo folcl\u00f3rico de Pirambu est\u00e1 completando 27 anos de exist\u00eancia. Em 1994, um grupo de senhores e senhoras, jovens e crian\u00e7as decidem reconstruir uma das tradi\u00e7\u00f5es mais aut\u00eanticas do nosso povo: nascia o Grupo Folcl\u00f3rico\u00a0Ilari\u00f4 de Pirambu. O Grupo Folcl\u00f3rico\u00a0Ilari\u00f4 de Pirambu\u00a0foi criado em 26 de agosto de 1994, h\u00e1 27 anos, sendo Jos\u00e9 Alexandre Santos (Z\u00e9 Alexandre), Jos\u00e9 Beato dos Santos (Seu Zezinho), Maria<\/p>\n","protected":false},"author":3,"featured_media":2976,"comment_status":"open","ping_status":"open","sticky":false,"template":"","format":"standard","meta":[],"categories":[18],"tags":[],"yoast_head":"<!-- This site is optimized with the Yoast SEO plugin v16.3 - https:\/\/yoast.com\/wordpress\/plugins\/seo\/ -->\n<title>ILARI\u00d4 DE PIRAMBU: 27 anos de folclore, patrim\u00f4nio cultural-popular de Pirambu - TRIBUNA DA PRAIA<\/title>\n<meta name=\"robots\" content=\"index, follow, max-snippet:-1, max-image-preview:large, max-video-preview:-1\" \/>\n<link rel=\"canonical\" href=\"https:\/\/tribunadapraia.com.br\/?p=2975\" \/>\n<meta property=\"og:locale\" content=\"pt_BR\" \/>\n<meta property=\"og:type\" content=\"article\" \/>\n<meta property=\"og:title\" content=\"ILARI\u00d4 DE PIRAMBU: 27 anos de folclore, patrim\u00f4nio cultural-popular de Pirambu - TRIBUNA DA PRAIA\" \/>\n<meta property=\"og:description\" content=\"Fundado em 1994, o Ilari\u00f4, grupo folcl\u00f3rico de Pirambu est\u00e1 completando 27 anos de exist\u00eancia. Em 1994, um grupo de senhores e senhoras, jovens e crian\u00e7as decidem reconstruir uma das tradi\u00e7\u00f5es mais aut\u00eanticas do nosso povo: nascia o Grupo Folcl\u00f3rico\u00a0Ilari\u00f4 de Pirambu. O Grupo Folcl\u00f3rico\u00a0Ilari\u00f4 de Pirambu\u00a0foi criado em 26 de agosto de 1994, h\u00e1 27 anos, sendo Jos\u00e9 Alexandre Santos (Z\u00e9 Alexandre), Jos\u00e9 Beato dos Santos (Seu Zezinho), Maria\" \/>\n<meta property=\"og:url\" content=\"https:\/\/tribunadapraia.com.br\/?p=2975\" \/>\n<meta property=\"og:site_name\" content=\"TRIBUNA DA PRAIA\" \/>\n<meta property=\"article:publisher\" content=\"https:\/\/www.facebook.com\/tribunadapraiaonline\/\" \/>\n<meta property=\"article:published_time\" content=\"2021-08-26T21:05:04+00:00\" \/>\n<meta property=\"article:modified_time\" content=\"2021-08-26T21:10:20+00:00\" \/>\n<meta property=\"og:image\" content=\"https:\/\/tribunadapraia.com.br\/wp-content\/uploads\/2021\/08\/image004.jpg\" \/>\n\t<meta property=\"og:image:width\" content=\"270\" \/>\n\t<meta property=\"og:image:height\" content=\"270\" \/>\n<meta name=\"twitter:card\" content=\"summary_large_image\" \/>\n<meta name=\"twitter:creator\" content=\"@Claudomir21\" \/>\n<meta name=\"twitter:site\" content=\"@Claudomir21\" \/>\n<meta name=\"twitter:label1\" content=\"Est. tempo de leitura\">\n\t<meta name=\"twitter:data1\" content=\"2 minutos\">\n<script type=\"application\/ld+json\" class=\"yoast-schema-graph\">{\"@context\":\"https:\/\/schema.org\",\"@graph\":[{\"@type\":\"Organization\",\"@id\":\"https:\/\/tribunadapraia.com.br\/#organization\",\"name\":\"Tribuna da Praia\",\"url\":\"https:\/\/tribunadapraia.com.br\/\",\"sameAs\":[\"https:\/\/www.facebook.com\/tribunadapraiaonline\/\",\"https:\/\/www.instagram.com\/claudomirtavares\/\",\"https:\/\/www.youtube.com\/channel\/UCwQf80nxiMzCefAyjbp53Rw\",\"https:\/\/twitter.com\/Claudomir21\"],\"logo\":{\"@type\":\"ImageObject\",\"@id\":\"https:\/\/tribunadapraia.com.br\/#logo\",\"inLanguage\":\"pt-BR\",\"url\":\"https:\/\/tribunadapraia.com.br\/wp-content\/uploads\/2020\/02\/logo.png\",\"contentUrl\":\"https:\/\/tribunadapraia.com.br\/wp-content\/uploads\/2020\/02\/logo.png\",\"width\":501,\"height\":121,\"caption\":\"Tribuna da Praia\"},\"image\":{\"@id\":\"https:\/\/tribunadapraia.com.br\/#logo\"}},{\"@type\":\"WebSite\",\"@id\":\"https:\/\/tribunadapraia.com.br\/#website\",\"url\":\"https:\/\/tribunadapraia.com.br\/\",\"name\":\"TRIBUNA DA PRAIA\",\"description\":\"O 1\\u00ba jornal do interior de Sergipe na internet\",\"publisher\":{\"@id\":\"https:\/\/tribunadapraia.com.br\/#organization\"},\"potentialAction\":[{\"@type\":\"SearchAction\",\"target\":\"https:\/\/tribunadapraia.com.br\/?s={search_term_string}\",\"query-input\":\"required name=search_term_string\"}],\"inLanguage\":\"pt-BR\"},{\"@type\":\"ImageObject\",\"@id\":\"https:\/\/tribunadapraia.com.br\/?p=2975#primaryimage\",\"inLanguage\":\"pt-BR\",\"url\":\"https:\/\/tribunadapraia.com.br\/wp-content\/uploads\/2021\/08\/image004.jpg\",\"contentUrl\":\"https:\/\/tribunadapraia.com.br\/wp-content\/uploads\/2021\/08\/image004.jpg\",\"width\":270,\"height\":270},{\"@type\":\"WebPage\",\"@id\":\"https:\/\/tribunadapraia.com.br\/?p=2975#webpage\",\"url\":\"https:\/\/tribunadapraia.com.br\/?p=2975\",\"name\":\"ILARI\\u00d4 DE PIRAMBU: 27 anos de folclore, patrim\\u00f4nio cultural-popular de Pirambu - TRIBUNA DA PRAIA\",\"isPartOf\":{\"@id\":\"https:\/\/tribunadapraia.com.br\/#website\"},\"primaryImageOfPage\":{\"@id\":\"https:\/\/tribunadapraia.com.br\/?p=2975#primaryimage\"},\"datePublished\":\"2021-08-26T21:05:04+00:00\",\"dateModified\":\"2021-08-26T21:10:20+00:00\",\"breadcrumb\":{\"@id\":\"https:\/\/tribunadapraia.com.br\/?p=2975#breadcrumb\"},\"inLanguage\":\"pt-BR\",\"potentialAction\":[{\"@type\":\"ReadAction\",\"target\":[\"https:\/\/tribunadapraia.com.br\/?p=2975\"]}]},{\"@type\":\"BreadcrumbList\",\"@id\":\"https:\/\/tribunadapraia.com.br\/?p=2975#breadcrumb\",\"itemListElement\":[{\"@type\":\"ListItem\",\"position\":1,\"item\":{\"@type\":\"WebPage\",\"@id\":\"https:\/\/tribunadapraia.com.br\/\",\"url\":\"https:\/\/tribunadapraia.com.br\/\",\"name\":\"In\\u00edcio\"}},{\"@type\":\"ListItem\",\"position\":2,\"item\":{\"@id\":\"https:\/\/tribunadapraia.com.br\/?p=2975#webpage\"}}]},{\"@type\":\"Article\",\"@id\":\"https:\/\/tribunadapraia.com.br\/?p=2975#article\",\"isPartOf\":{\"@id\":\"https:\/\/tribunadapraia.com.br\/?p=2975#webpage\"},\"author\":{\"@id\":\"https:\/\/tribunadapraia.com.br\/#\/schema\/person\/099fbbf59acc5895c0d7d52b4fc46c97\"},\"headline\":\"ILARI\\u00d4 DE PIRAMBU: 27 anos de folclore, patrim\\u00f4nio cultural-popular de Pirambu\",\"datePublished\":\"2021-08-26T21:05:04+00:00\",\"dateModified\":\"2021-08-26T21:10:20+00:00\",\"mainEntityOfPage\":{\"@id\":\"https:\/\/tribunadapraia.com.br\/?p=2975#webpage\"},\"wordCount\":376,\"commentCount\":0,\"publisher\":{\"@id\":\"https:\/\/tribunadapraia.com.br\/#organization\"},\"image\":{\"@id\":\"https:\/\/tribunadapraia.com.br\/?p=2975#primaryimage\"},\"thumbnailUrl\":\"https:\/\/tribunadapraia.com.br\/wp-content\/uploads\/2021\/08\/image004.jpg\",\"articleSection\":[\"Not\\u00edcias\"],\"inLanguage\":\"pt-BR\",\"potentialAction\":[{\"@type\":\"CommentAction\",\"name\":\"Comment\",\"target\":[\"https:\/\/tribunadapraia.com.br\/?p=2975#respond\"]}]},{\"@type\":\"Person\",\"@id\":\"https:\/\/tribunadapraia.com.br\/#\/schema\/person\/099fbbf59acc5895c0d7d52b4fc46c97\",\"name\":\"Reda\\u00e7\\u00e3o\",\"image\":{\"@type\":\"ImageObject\",\"@id\":\"https:\/\/tribunadapraia.com.br\/#personlogo\",\"inLanguage\":\"pt-BR\",\"url\":\"https:\/\/secure.gravatar.com\/avatar\/91c8b91d2bfd7784eac5c3e055361f64?s=96&d=identicon&r=g\",\"contentUrl\":\"https:\/\/secure.gravatar.com\/avatar\/91c8b91d2bfd7784eac5c3e055361f64?s=96&d=identicon&r=g\",\"caption\":\"Reda\\u00e7\\u00e3o\"}}]}<\/script>\n<!-- \/ Yoast SEO plugin. -->","wps_subtitle":"","_links":{"self":[{"href":"https:\/\/tribunadapraia.com.br\/index.php?rest_route=\/wp\/v2\/posts\/2975"}],"collection":[{"href":"https:\/\/tribunadapraia.com.br\/index.php?rest_route=\/wp\/v2\/posts"}],"about":[{"href":"https:\/\/tribunadapraia.com.br\/index.php?rest_route=\/wp\/v2\/types\/post"}],"author":[{"embeddable":true,"href":"https:\/\/tribunadapraia.com.br\/index.php?rest_route=\/wp\/v2\/users\/3"}],"replies":[{"embeddable":true,"href":"https:\/\/tribunadapraia.com.br\/index.php?rest_route=%2Fwp%2Fv2%2Fcomments&post=2975"}],"version-history":[{"count":3,"href":"https:\/\/tribunadapraia.com.br\/index.php?rest_route=\/wp\/v2\/posts\/2975\/revisions"}],"predecessor-version":[{"id":2980,"href":"https:\/\/tribunadapraia.com.br\/index.php?rest_route=\/wp\/v2\/posts\/2975\/revisions\/2980"}],"wp:featuredmedia":[{"embeddable":true,"href":"https:\/\/tribunadapraia.com.br\/index.php?rest_route=\/wp\/v2\/media\/2976"}],"wp:attachment":[{"href":"https:\/\/tribunadapraia.com.br\/index.php?rest_route=%2Fwp%2Fv2%2Fmedia&parent=2975"}],"wp:term":[{"taxonomy":"category","embeddable":true,"href":"https:\/\/tribunadapraia.com.br\/index.php?rest_route=%2Fwp%2Fv2%2Fcategories&post=2975"},{"taxonomy":"post_tag","embeddable":true,"href":"https:\/\/tribunadapraia.com.br\/index.php?rest_route=%2Fwp%2Fv2%2Ftags&post=2975"}],"curies":[{"name":"wp","href":"https:\/\/api.w.org\/{rel}","templated":true}]}}