{"id":2943,"date":"2021-08-22T07:44:06","date_gmt":"2021-08-22T10:44:06","guid":{"rendered":"https:\/\/tribunadapraia.com.br\/?p=2943"},"modified":"2021-08-22T07:46:00","modified_gmt":"2021-08-22T10:46:00","slug":"o-clamor-golpista-saiu-do-whatsapp","status":"publish","type":"post","link":"https:\/\/tribunadapraia.com.br\/?p=2943","title":{"rendered":"O clamor golpista saiu do WhatsApp"},"content":{"rendered":"<p style=\"text-align: left;\">A jornalista Vera Magalh\u00e3es, em\u00a0O Globo, lembra que faz um ano e meio, exatamente, do momento em que ela revelou que Jair Bolsonaro usou sua conta no WhatsApp, no carnaval de 2020, para convocar o primeiro de uma s\u00e9rie de atos antidemocr\u00e1ticos, em 15 de mar\u00e7o daquele ano.<\/p>\n<p>O mundo caiu, com raz\u00e3o, e o presidente mentiu, como sempre, dizendo que eu inventara a informa\u00e7\u00e3o e que n\u00e3o era da sua laia (das poucas verdades que j\u00e1 proferiu, diga-se).<br \/>\nUma pandemia, 572 mil mortos e uma crise institucional depois, o presidente saiu do escurinho do WhatsApp e conclama ato contra o Supremo Tribunal Federal ao microfone numa solenidade oficial, como fez nesta quinta-feira em Cuiab\u00e1. Se isso n\u00e3o \u00e9 sinal cristalino de que limites foram atropelados num curto espa\u00e7o de tempo, nada mais ser\u00e1.<\/p>\n<p>O Sete de Setembro de conforma\u00e7\u00e3o golpista que vem sendo meticulosamente organizado por Bolsonaro e seus bols\u00f5es de apoiadores, ou \u201cc\u00e9lulas\u201d, como o pr\u00f3prio Movimento Brasil Verde e Amarelo as chama, oferece tr\u00eas refei\u00e7\u00f5es a quem for, tem cadastramento aberto em site, bols\u00f5es de estacionamento para trailers e caminh\u00f5es e presen\u00e7a confirmada de Bolsonaro em carne e osso.<br \/>\nUau! Para quem reclamava do p\u00e3o com mortadela, transformado pelo discurso bolsonarista em s\u00edmbolo das manifesta\u00e7\u00f5es petistas, o neg\u00f3cio foi bastante incrementado. Nem mais essa narrativa, entre todas as outras desculpas esfarrapadas para apoiar um deputado med\u00edocre para presidente, restou mais.<\/p>\n<p>O repasto oferecido a quem se dispuser a marchar sobre Bras\u00edlia pedindo fechamento do Supremo e do Congresso e interven\u00e7\u00e3o militar para um autogolpe ser\u00e1 pago com um lauto banquete.<\/p>\n<p>Em v\u00eddeo que circula com a convoca\u00e7\u00e3o para as caravanas que v\u00e3o a Bras\u00edlia, um pseudojornalista apresenta os apoiadores da patacoada. Est\u00e3o l\u00e1 os indefect\u00edveis S\u00e9rgio Reis e pastor Silas Malafaia. E tamb\u00e9m Antonio Galvan, presidente nacional da Aprosoja.<\/p>\n<p>A associa\u00e7\u00e3o de uma entidade do agroneg\u00f3cio com movimentos de vi\u00e9s golpista preocupa a pr\u00f3pria entidade, que faz quest\u00e3o de dizer que n\u00e3o financia nem apoia os atos. Eis uma tarefa dif\u00edcil: dissociar a entidade, criada em 1990 para defender produtores de soja endividados, de seu principal nome, um bolsonarista empedernido e figurinha carimbada de outras manifesta\u00e7\u00f5es anti-Supremo.<\/p>\n<p>E \u00e9 neste ponto de delicada tens\u00e3o que se encontra o Brasil. Ao mesmo tempo que o agroneg\u00f3cio \u00e9 o principal esteio da economia, os produtores s\u00e9rios se preocupam com a coopta\u00e7\u00e3o de grupos do setor para discursos que turvam o ambiente institucional e, consequentemente, de neg\u00f3cios. Um grupo das principais associa\u00e7\u00f5es do agro dever\u00e1 soltar uma nota na semana que vem condenando os atos golpistas de Sete de Setembro.<\/p>\n<p>Ao esticar a corda at\u00e9 limites insond\u00e1veis, Bolsonaro vai perdendo apoio nesses setores que at\u00e9 ontem eram monol\u00edticos em sua defesa. Como em s\u00e3 consci\u00eancia um empres\u00e1rio que exporte sua produ\u00e7\u00e3o pode querer ser ligado a um governo que investe contra o meio ambiente e trama uma ruptura institucional que jogaria de vez, se bem-sucedida, o Brasil no rol dos p\u00e1rias globais?<\/p>\n<p>A decis\u00e3o de n\u00e3o realizar o desfile c\u00edvico-militar no Dia da Independ\u00eancia, que teve a pandemia como justificativa, \u00e9 um raro momento recente de bom senso nas For\u00e7as Armadas. Misturar fardados e equipamentos militares com caminh\u00f5es e motor homes levados a Bras\u00edlia \u00e0 custa de movimentos de ruptura \u00e9 s\u00f3 o que falta para que o pa\u00eds mergulhe na incerteza quanto \u00e0 confian\u00e7a em que as For\u00e7as Armadas n\u00e3o acabar\u00e3o por ser cooptadas para uma aventura de tentar solapar a democracia.<\/p>\n<p>Neste ambiente em que o calend\u00e1rio funciona como uma bomba-rel\u00f3gio, falar em di\u00e1logo entre os Poderes soa a conversa mole para boi dormir. Nenhum ministro do STF cair\u00e1 nessa ladainha. N\u00e3o at\u00e9 ver o que vem por a\u00ed no Sete de Setembro.(de O Globo)<\/p>\n","protected":false},"excerpt":{"rendered":"<p>A jornalista Vera Magalh\u00e3es, em\u00a0O Globo, lembra que faz um ano e meio, exatamente, do momento em que ela revelou que Jair Bolsonaro usou sua conta no WhatsApp, no carnaval de 2020, para convocar o primeiro de uma s\u00e9rie de atos antidemocr\u00e1ticos, em 15 de mar\u00e7o daquele ano. O mundo caiu, com raz\u00e3o, e o presidente mentiu, como sempre, dizendo que eu inventara a informa\u00e7\u00e3o e que n\u00e3o era da<\/p>\n","protected":false},"author":1,"featured_media":2944,"comment_status":"open","ping_status":"open","sticky":false,"template":"","format":"standard","meta":[],"categories":[18],"tags":[],"yoast_head":"<!-- This site is optimized with the Yoast SEO plugin v16.3 - https:\/\/yoast.com\/wordpress\/plugins\/seo\/ -->\n<title>O clamor golpista saiu do WhatsApp - TRIBUNA DA PRAIA<\/title>\n<meta name=\"robots\" content=\"index, follow, max-snippet:-1, max-image-preview:large, max-video-preview:-1\" \/>\n<link rel=\"canonical\" href=\"https:\/\/tribunadapraia.com.br\/?p=2943\" \/>\n<meta property=\"og:locale\" content=\"pt_BR\" \/>\n<meta property=\"og:type\" content=\"article\" \/>\n<meta property=\"og:title\" content=\"O clamor golpista saiu do WhatsApp - TRIBUNA DA PRAIA\" \/>\n<meta property=\"og:description\" content=\"A jornalista Vera Magalh\u00e3es, em\u00a0O Globo, lembra que faz um ano e meio, exatamente, do momento em que ela revelou que Jair Bolsonaro usou sua conta no WhatsApp, no carnaval de 2020, para convocar o primeiro de uma s\u00e9rie de atos antidemocr\u00e1ticos, em 15 de mar\u00e7o daquele ano. O mundo caiu, com raz\u00e3o, e o presidente mentiu, como sempre, dizendo que eu inventara a informa\u00e7\u00e3o e que n\u00e3o era da\" \/>\n<meta property=\"og:url\" content=\"https:\/\/tribunadapraia.com.br\/?p=2943\" \/>\n<meta property=\"og:site_name\" content=\"TRIBUNA DA PRAIA\" \/>\n<meta property=\"article:publisher\" content=\"https:\/\/www.facebook.com\/tribunadapraiaonline\/\" \/>\n<meta property=\"article:published_time\" content=\"2021-08-22T10:44:06+00:00\" \/>\n<meta property=\"article:modified_time\" content=\"2021-08-22T10:46:00+00:00\" \/>\n<meta property=\"og:image\" content=\"https:\/\/tribunadapraia.com.br\/wp-content\/uploads\/2021\/08\/IMG-20210822-WA0000.jpg\" \/>\n\t<meta property=\"og:image:width\" content=\"620\" \/>\n\t<meta property=\"og:image:height\" content=\"375\" \/>\n<meta name=\"twitter:card\" content=\"summary_large_image\" \/>\n<meta name=\"twitter:creator\" content=\"@Claudomir21\" \/>\n<meta name=\"twitter:site\" content=\"@Claudomir21\" \/>\n<meta name=\"twitter:label1\" content=\"Est. tempo de leitura\">\n\t<meta name=\"twitter:data1\" content=\"3 minutos\">\n<script type=\"application\/ld+json\" class=\"yoast-schema-graph\">{\"@context\":\"https:\/\/schema.org\",\"@graph\":[{\"@type\":\"Organization\",\"@id\":\"https:\/\/tribunadapraia.com.br\/#organization\",\"name\":\"Tribuna da Praia\",\"url\":\"https:\/\/tribunadapraia.com.br\/\",\"sameAs\":[\"https:\/\/www.facebook.com\/tribunadapraiaonline\/\",\"https:\/\/www.instagram.com\/claudomirtavares\/\",\"https:\/\/www.youtube.com\/channel\/UCwQf80nxiMzCefAyjbp53Rw\",\"https:\/\/twitter.com\/Claudomir21\"],\"logo\":{\"@type\":\"ImageObject\",\"@id\":\"https:\/\/tribunadapraia.com.br\/#logo\",\"inLanguage\":\"pt-BR\",\"url\":\"https:\/\/tribunadapraia.com.br\/wp-content\/uploads\/2020\/02\/logo.png\",\"contentUrl\":\"https:\/\/tribunadapraia.com.br\/wp-content\/uploads\/2020\/02\/logo.png\",\"width\":501,\"height\":121,\"caption\":\"Tribuna da Praia\"},\"image\":{\"@id\":\"https:\/\/tribunadapraia.com.br\/#logo\"}},{\"@type\":\"WebSite\",\"@id\":\"https:\/\/tribunadapraia.com.br\/#website\",\"url\":\"https:\/\/tribunadapraia.com.br\/\",\"name\":\"TRIBUNA DA PRAIA\",\"description\":\"O 1\\u00ba jornal do interior de Sergipe na internet\",\"publisher\":{\"@id\":\"https:\/\/tribunadapraia.com.br\/#organization\"},\"potentialAction\":[{\"@type\":\"SearchAction\",\"target\":\"https:\/\/tribunadapraia.com.br\/?s={search_term_string}\",\"query-input\":\"required name=search_term_string\"}],\"inLanguage\":\"pt-BR\"},{\"@type\":\"ImageObject\",\"@id\":\"https:\/\/tribunadapraia.com.br\/?p=2943#primaryimage\",\"inLanguage\":\"pt-BR\",\"url\":\"https:\/\/tribunadapraia.com.br\/wp-content\/uploads\/2021\/08\/IMG-20210822-WA0000.jpg\",\"contentUrl\":\"https:\/\/tribunadapraia.com.br\/wp-content\/uploads\/2021\/08\/IMG-20210822-WA0000.jpg\",\"width\":620,\"height\":375},{\"@type\":\"WebPage\",\"@id\":\"https:\/\/tribunadapraia.com.br\/?p=2943#webpage\",\"url\":\"https:\/\/tribunadapraia.com.br\/?p=2943\",\"name\":\"O clamor golpista saiu do WhatsApp - TRIBUNA DA PRAIA\",\"isPartOf\":{\"@id\":\"https:\/\/tribunadapraia.com.br\/#website\"},\"primaryImageOfPage\":{\"@id\":\"https:\/\/tribunadapraia.com.br\/?p=2943#primaryimage\"},\"datePublished\":\"2021-08-22T10:44:06+00:00\",\"dateModified\":\"2021-08-22T10:46:00+00:00\",\"breadcrumb\":{\"@id\":\"https:\/\/tribunadapraia.com.br\/?p=2943#breadcrumb\"},\"inLanguage\":\"pt-BR\",\"potentialAction\":[{\"@type\":\"ReadAction\",\"target\":[\"https:\/\/tribunadapraia.com.br\/?p=2943\"]}]},{\"@type\":\"BreadcrumbList\",\"@id\":\"https:\/\/tribunadapraia.com.br\/?p=2943#breadcrumb\",\"itemListElement\":[{\"@type\":\"ListItem\",\"position\":1,\"item\":{\"@type\":\"WebPage\",\"@id\":\"https:\/\/tribunadapraia.com.br\/\",\"url\":\"https:\/\/tribunadapraia.com.br\/\",\"name\":\"In\\u00edcio\"}},{\"@type\":\"ListItem\",\"position\":2,\"item\":{\"@id\":\"https:\/\/tribunadapraia.com.br\/?p=2943#webpage\"}}]},{\"@type\":\"Article\",\"@id\":\"https:\/\/tribunadapraia.com.br\/?p=2943#article\",\"isPartOf\":{\"@id\":\"https:\/\/tribunadapraia.com.br\/?p=2943#webpage\"},\"author\":{\"@id\":\"https:\/\/tribunadapraia.com.br\/#\/schema\/person\/326b0a9f3163b479142c64eba4928de0\"},\"headline\":\"O clamor golpista saiu do WhatsApp\",\"datePublished\":\"2021-08-22T10:44:06+00:00\",\"dateModified\":\"2021-08-22T10:46:00+00:00\",\"mainEntityOfPage\":{\"@id\":\"https:\/\/tribunadapraia.com.br\/?p=2943#webpage\"},\"wordCount\":683,\"commentCount\":0,\"publisher\":{\"@id\":\"https:\/\/tribunadapraia.com.br\/#organization\"},\"image\":{\"@id\":\"https:\/\/tribunadapraia.com.br\/?p=2943#primaryimage\"},\"thumbnailUrl\":\"https:\/\/tribunadapraia.com.br\/wp-content\/uploads\/2021\/08\/IMG-20210822-WA0000.jpg\",\"articleSection\":[\"Not\\u00edcias\"],\"inLanguage\":\"pt-BR\",\"potentialAction\":[{\"@type\":\"CommentAction\",\"name\":\"Comment\",\"target\":[\"https:\/\/tribunadapraia.com.br\/?p=2943#respond\"]}]},{\"@type\":\"Person\",\"@id\":\"https:\/\/tribunadapraia.com.br\/#\/schema\/person\/326b0a9f3163b479142c64eba4928de0\",\"name\":\"tribunadapraia\",\"image\":{\"@type\":\"ImageObject\",\"@id\":\"https:\/\/tribunadapraia.com.br\/#personlogo\",\"inLanguage\":\"pt-BR\",\"url\":\"https:\/\/secure.gravatar.com\/avatar\/38b019c74762496076b7355024a0dad9?s=96&d=identicon&r=g\",\"contentUrl\":\"https:\/\/secure.gravatar.com\/avatar\/38b019c74762496076b7355024a0dad9?s=96&d=identicon&r=g\",\"caption\":\"tribunadapraia\"}}]}<\/script>\n<!-- \/ Yoast SEO plugin. -->","wps_subtitle":"","_links":{"self":[{"href":"https:\/\/tribunadapraia.com.br\/index.php?rest_route=\/wp\/v2\/posts\/2943"}],"collection":[{"href":"https:\/\/tribunadapraia.com.br\/index.php?rest_route=\/wp\/v2\/posts"}],"about":[{"href":"https:\/\/tribunadapraia.com.br\/index.php?rest_route=\/wp\/v2\/types\/post"}],"author":[{"embeddable":true,"href":"https:\/\/tribunadapraia.com.br\/index.php?rest_route=\/wp\/v2\/users\/1"}],"replies":[{"embeddable":true,"href":"https:\/\/tribunadapraia.com.br\/index.php?rest_route=%2Fwp%2Fv2%2Fcomments&post=2943"}],"version-history":[{"count":2,"href":"https:\/\/tribunadapraia.com.br\/index.php?rest_route=\/wp\/v2\/posts\/2943\/revisions"}],"predecessor-version":[{"id":2946,"href":"https:\/\/tribunadapraia.com.br\/index.php?rest_route=\/wp\/v2\/posts\/2943\/revisions\/2946"}],"wp:featuredmedia":[{"embeddable":true,"href":"https:\/\/tribunadapraia.com.br\/index.php?rest_route=\/wp\/v2\/media\/2944"}],"wp:attachment":[{"href":"https:\/\/tribunadapraia.com.br\/index.php?rest_route=%2Fwp%2Fv2%2Fmedia&parent=2943"}],"wp:term":[{"taxonomy":"category","embeddable":true,"href":"https:\/\/tribunadapraia.com.br\/index.php?rest_route=%2Fwp%2Fv2%2Fcategories&post=2943"},{"taxonomy":"post_tag","embeddable":true,"href":"https:\/\/tribunadapraia.com.br\/index.php?rest_route=%2Fwp%2Fv2%2Ftags&post=2943"}],"curies":[{"name":"wp","href":"https:\/\/api.w.org\/{rel}","templated":true}]}}