{"id":2873,"date":"2021-07-31T09:34:06","date_gmt":"2021-07-31T12:34:06","guid":{"rendered":"https:\/\/tribunadapraia.com.br\/?p=2873"},"modified":"2021-07-31T09:35:34","modified_gmt":"2021-07-31T12:35:34","slug":"artigo-inconstitucionalidade-e-ilegalidade-das-rinhas-de-galo-conclusao","status":"publish","type":"post","link":"https:\/\/tribunadapraia.com.br\/?p=2873","title":{"rendered":"Artigo: Inconstitucionalidade e ilegalidade das rinhas de galo &#8211; Conclus\u00e3o"},"content":{"rendered":"<p>por Edna Cardozo Dias (1) | foto: Arquivo<\/p>\n<p>As brigas de galo s\u00e3o cru\u00e9is. Uma conceitua\u00e7\u00e3o gen\u00e9rica e abrangente de crueldade e maus tratos nos ensina Dra. Helita Barreira Cust\u00f3dio em seu parecer de 07 \/02\/97, elaborado para servir de subs\u00eddio \u00e0 reda\u00e7\u00e3o do Novo C\u00f3digo Penal Brasileiro. Diz ela : &#8221;\u00a0crueldade contra os animais \u00e9 toda a\u00e7\u00e3o ou omiss\u00e3o, dolosa ou culposa ( ato il\u00edcito), em locais p\u00fablicos ou privados, mediante matan\u00e7a cruel pela ca\u00e7a abusiva, por desmatamentos ou inc\u00eandios criminosos, por polui\u00e7\u00e3o ambiental, mediante dolorosas experi\u00eancias diversas (did\u00e1ticas, cient\u00edficas, laboratoriais, gen\u00e9ticas, mec\u00e2nicas, tecnol\u00f3gicas, dentre outras), amargurantes pr\u00e1ticas diversas (econ\u00f4micas, sociais, populares, esportivas como tiro ao v\u00f4o, tiro ao alvo, de trabalhos excessivos ou for\u00e7ados al\u00e9m dos limites normais, de pris\u00f5es, cativeiros ou transportes em condi\u00e7\u00f5es desumanas, de abandono em condi\u00e7\u00f5es enfermas, mutiladas, sedentas, famintas, cegas ou extenuantes, de espet\u00e1culos violentos como lutas entre animais at\u00e9 a exaust\u00e3o ou morte, touradas, farra do boi ou similares), abates atrozes, castigos violentos e tiranos, adestramentos por meios e instrumentos torturantes para fins dom\u00e9sticos, agr\u00edcolas ou para exposi\u00e7\u00f5es, ou quaisquer outras condutas impiedosas resultantes em maus-tratos contra animais vivos, submetidos a injustific\u00e1veis e inadmiss\u00edveis ang\u00fastias, dores, torturas, dentre outros atrozes sofrimentos causadores de danosas les\u00f5es corporais, de invalidez, de excessiva fadiga ou de exaust\u00e3o at\u00e9 a morte desumana da indefesa v\u00edtima animal.&#8221;<\/p>\n<p>As brigas de galo s\u00e3o ilegais e inconstitucionais e merecem o rep\u00fadio de todos. Alterar a Lei de crimes ambientais seria um retrocesso na hist\u00f3ria do direito ambiental.<\/p>\n<p>A inconstitucionalidade do projeto de lei do Deputado Fernando de Fabinho \u00e9 clara e manifesta, ao se confrontar os conceitos de meio ambiente e fauna \u00e0 luz da Constitui\u00e7\u00e3o Federal. A lei de Pol\u00edtica Ambiental, Lei 6.938\/81 define, em seu art. 3\u00ba, o meio ambiente como &#8221;\u00a0o conjunto de condi\u00e7\u00f5es, leis, influ\u00eancias e intera\u00e7\u00f5es da ordem f\u00edsica, qu\u00edmica e biol\u00f3gica, que permite, abriga e rege a vida em todas suas formas. Inclui entre seus recursos ambientais a fauna e a flora.<\/p>\n<p>A Constitui\u00e7\u00e3o Federal dedica um cap\u00edtulo inteiro ao meio ambiente, consagrando e consolidando o amplo conceito legal do meio ambiente, com todos os seus recursos naturais, e imp\u00f4s ao Poder P\u00fablico e todas as pessoas o dever de proteg\u00ea-los e preserv\u00e1-los.<br \/>\nAl\u00e9m disso dedicou o inciso VII, \u00a7 1\u00ba, do art. 225 \u00e0 prote\u00e7\u00e3o espec\u00edfica e expressa da fauna, sem fazer distin\u00e7\u00e3o entre fauna silvestre, ex\u00f3tica ou dom\u00e9stica, animais dom\u00e9sticos ou domesticados.<\/p>\n<p>Assim que, a altera\u00e7\u00e3o proposta \u00e9 de manifesta inconstitucionalidade ao pretender afastar da prote\u00e7\u00e3o da Lei 9.605\/98 as inenarr\u00e1veis crueldades e atrocidades cometidas contra animais dom\u00e9sticos e domesticados.<\/p>\n<p>A jurisprud\u00eancia j\u00e1 est\u00e1 firmada no sentido da inconstitucionalidade das brigas de galo, o que encerra qualquer tentativa de debate sobre o tema.<\/p>\n<p>(1) Edna Cardozo Dias \u00e9 doutora em Direito pela UFMG e professora de direito ambiental<br \/>\n(2) Publicado em 12\/2004. Elaborado em 10\/2004<\/p>\n","protected":false},"excerpt":{"rendered":"<p>por Edna Cardozo Dias (1) | foto: Arquivo As brigas de galo s\u00e3o cru\u00e9is. Uma conceitua\u00e7\u00e3o gen\u00e9rica e abrangente de crueldade e maus tratos nos ensina Dra. Helita Barreira Cust\u00f3dio em seu parecer de 07 \/02\/97, elaborado para servir de subs\u00eddio \u00e0 reda\u00e7\u00e3o do Novo C\u00f3digo Penal Brasileiro. Diz ela : &#8221;\u00a0crueldade contra os animais \u00e9 toda a\u00e7\u00e3o ou omiss\u00e3o, dolosa ou culposa ( ato il\u00edcito), em locais p\u00fablicos ou<\/p>\n","protected":false},"author":1,"featured_media":2789,"comment_status":"open","ping_status":"open","sticky":false,"template":"","format":"standard","meta":[],"categories":[18],"tags":[],"yoast_head":"<!-- This site is optimized with the Yoast SEO plugin v16.3 - https:\/\/yoast.com\/wordpress\/plugins\/seo\/ -->\n<title>Artigo: Inconstitucionalidade e ilegalidade das rinhas de galo - Conclus\u00e3o - TRIBUNA DA PRAIA<\/title>\n<meta name=\"robots\" content=\"index, follow, max-snippet:-1, max-image-preview:large, max-video-preview:-1\" \/>\n<link rel=\"canonical\" href=\"https:\/\/tribunadapraia.com.br\/?p=2873\" \/>\n<meta property=\"og:locale\" content=\"pt_BR\" \/>\n<meta property=\"og:type\" content=\"article\" \/>\n<meta property=\"og:title\" content=\"Artigo: Inconstitucionalidade e ilegalidade das rinhas de galo - Conclus\u00e3o - TRIBUNA DA PRAIA\" \/>\n<meta property=\"og:description\" content=\"por Edna Cardozo Dias (1) | foto: Arquivo As brigas de galo s\u00e3o cru\u00e9is. Uma conceitua\u00e7\u00e3o gen\u00e9rica e abrangente de crueldade e maus tratos nos ensina Dra. Helita Barreira Cust\u00f3dio em seu parecer de 07 \/02\/97, elaborado para servir de subs\u00eddio \u00e0 reda\u00e7\u00e3o do Novo C\u00f3digo Penal Brasileiro. Diz ela : &#8221;\u00a0crueldade contra os animais \u00e9 toda a\u00e7\u00e3o ou omiss\u00e3o, dolosa ou culposa ( ato il\u00edcito), em locais p\u00fablicos ou\" \/>\n<meta property=\"og:url\" content=\"https:\/\/tribunadapraia.com.br\/?p=2873\" \/>\n<meta property=\"og:site_name\" content=\"TRIBUNA DA PRAIA\" \/>\n<meta property=\"article:publisher\" content=\"https:\/\/www.facebook.com\/tribunadapraiaonline\/\" \/>\n<meta property=\"article:published_time\" content=\"2021-07-31T12:34:06+00:00\" \/>\n<meta property=\"article:modified_time\" content=\"2021-07-31T12:35:34+00:00\" \/>\n<meta property=\"og:image\" content=\"https:\/\/tribunadapraia.com.br\/wp-content\/uploads\/2021\/07\/bg1.png\" \/>\n\t<meta property=\"og:image:width\" content=\"559\" \/>\n\t<meta property=\"og:image:height\" content=\"651\" \/>\n<meta name=\"twitter:card\" content=\"summary_large_image\" \/>\n<meta name=\"twitter:creator\" content=\"@Claudomir21\" \/>\n<meta name=\"twitter:site\" content=\"@Claudomir21\" \/>\n<meta name=\"twitter:label1\" content=\"Est. tempo de leitura\">\n\t<meta name=\"twitter:data1\" content=\"3 minutos\">\n<script type=\"application\/ld+json\" class=\"yoast-schema-graph\">{\"@context\":\"https:\/\/schema.org\",\"@graph\":[{\"@type\":\"Organization\",\"@id\":\"https:\/\/tribunadapraia.com.br\/#organization\",\"name\":\"Tribuna da Praia\",\"url\":\"https:\/\/tribunadapraia.com.br\/\",\"sameAs\":[\"https:\/\/www.facebook.com\/tribunadapraiaonline\/\",\"https:\/\/www.instagram.com\/claudomirtavares\/\",\"https:\/\/www.youtube.com\/channel\/UCwQf80nxiMzCefAyjbp53Rw\",\"https:\/\/twitter.com\/Claudomir21\"],\"logo\":{\"@type\":\"ImageObject\",\"@id\":\"https:\/\/tribunadapraia.com.br\/#logo\",\"inLanguage\":\"pt-BR\",\"url\":\"https:\/\/tribunadapraia.com.br\/wp-content\/uploads\/2020\/02\/logo.png\",\"contentUrl\":\"https:\/\/tribunadapraia.com.br\/wp-content\/uploads\/2020\/02\/logo.png\",\"width\":501,\"height\":121,\"caption\":\"Tribuna da Praia\"},\"image\":{\"@id\":\"https:\/\/tribunadapraia.com.br\/#logo\"}},{\"@type\":\"WebSite\",\"@id\":\"https:\/\/tribunadapraia.com.br\/#website\",\"url\":\"https:\/\/tribunadapraia.com.br\/\",\"name\":\"TRIBUNA DA PRAIA\",\"description\":\"O 1\\u00ba jornal do interior de Sergipe na internet\",\"publisher\":{\"@id\":\"https:\/\/tribunadapraia.com.br\/#organization\"},\"potentialAction\":[{\"@type\":\"SearchAction\",\"target\":\"https:\/\/tribunadapraia.com.br\/?s={search_term_string}\",\"query-input\":\"required name=search_term_string\"}],\"inLanguage\":\"pt-BR\"},{\"@type\":\"ImageObject\",\"@id\":\"https:\/\/tribunadapraia.com.br\/?p=2873#primaryimage\",\"inLanguage\":\"pt-BR\",\"url\":\"https:\/\/tribunadapraia.com.br\/wp-content\/uploads\/2021\/07\/bg1.png\",\"contentUrl\":\"https:\/\/tribunadapraia.com.br\/wp-content\/uploads\/2021\/07\/bg1.png\",\"width\":559,\"height\":651},{\"@type\":\"WebPage\",\"@id\":\"https:\/\/tribunadapraia.com.br\/?p=2873#webpage\",\"url\":\"https:\/\/tribunadapraia.com.br\/?p=2873\",\"name\":\"Artigo: Inconstitucionalidade e ilegalidade das rinhas de galo - Conclus\\u00e3o - TRIBUNA DA PRAIA\",\"isPartOf\":{\"@id\":\"https:\/\/tribunadapraia.com.br\/#website\"},\"primaryImageOfPage\":{\"@id\":\"https:\/\/tribunadapraia.com.br\/?p=2873#primaryimage\"},\"datePublished\":\"2021-07-31T12:34:06+00:00\",\"dateModified\":\"2021-07-31T12:35:34+00:00\",\"breadcrumb\":{\"@id\":\"https:\/\/tribunadapraia.com.br\/?p=2873#breadcrumb\"},\"inLanguage\":\"pt-BR\",\"potentialAction\":[{\"@type\":\"ReadAction\",\"target\":[\"https:\/\/tribunadapraia.com.br\/?p=2873\"]}]},{\"@type\":\"BreadcrumbList\",\"@id\":\"https:\/\/tribunadapraia.com.br\/?p=2873#breadcrumb\",\"itemListElement\":[{\"@type\":\"ListItem\",\"position\":1,\"item\":{\"@type\":\"WebPage\",\"@id\":\"https:\/\/tribunadapraia.com.br\/\",\"url\":\"https:\/\/tribunadapraia.com.br\/\",\"name\":\"In\\u00edcio\"}},{\"@type\":\"ListItem\",\"position\":2,\"item\":{\"@id\":\"https:\/\/tribunadapraia.com.br\/?p=2873#webpage\"}}]},{\"@type\":\"Article\",\"@id\":\"https:\/\/tribunadapraia.com.br\/?p=2873#article\",\"isPartOf\":{\"@id\":\"https:\/\/tribunadapraia.com.br\/?p=2873#webpage\"},\"author\":{\"@id\":\"https:\/\/tribunadapraia.com.br\/#\/schema\/person\/326b0a9f3163b479142c64eba4928de0\"},\"headline\":\"Artigo: Inconstitucionalidade e ilegalidade das rinhas de galo &#8211; Conclus\\u00e3o\",\"datePublished\":\"2021-07-31T12:34:06+00:00\",\"dateModified\":\"2021-07-31T12:35:34+00:00\",\"mainEntityOfPage\":{\"@id\":\"https:\/\/tribunadapraia.com.br\/?p=2873#webpage\"},\"wordCount\":532,\"commentCount\":0,\"publisher\":{\"@id\":\"https:\/\/tribunadapraia.com.br\/#organization\"},\"image\":{\"@id\":\"https:\/\/tribunadapraia.com.br\/?p=2873#primaryimage\"},\"thumbnailUrl\":\"https:\/\/tribunadapraia.com.br\/wp-content\/uploads\/2021\/07\/bg1.png\",\"articleSection\":[\"Not\\u00edcias\"],\"inLanguage\":\"pt-BR\",\"potentialAction\":[{\"@type\":\"CommentAction\",\"name\":\"Comment\",\"target\":[\"https:\/\/tribunadapraia.com.br\/?p=2873#respond\"]}]},{\"@type\":\"Person\",\"@id\":\"https:\/\/tribunadapraia.com.br\/#\/schema\/person\/326b0a9f3163b479142c64eba4928de0\",\"name\":\"tribunadapraia\",\"image\":{\"@type\":\"ImageObject\",\"@id\":\"https:\/\/tribunadapraia.com.br\/#personlogo\",\"inLanguage\":\"pt-BR\",\"url\":\"https:\/\/secure.gravatar.com\/avatar\/38b019c74762496076b7355024a0dad9?s=96&d=identicon&r=g\",\"contentUrl\":\"https:\/\/secure.gravatar.com\/avatar\/38b019c74762496076b7355024a0dad9?s=96&d=identicon&r=g\",\"caption\":\"tribunadapraia\"}}]}<\/script>\n<!-- \/ Yoast SEO plugin. -->","wps_subtitle":"","_links":{"self":[{"href":"https:\/\/tribunadapraia.com.br\/index.php?rest_route=\/wp\/v2\/posts\/2873"}],"collection":[{"href":"https:\/\/tribunadapraia.com.br\/index.php?rest_route=\/wp\/v2\/posts"}],"about":[{"href":"https:\/\/tribunadapraia.com.br\/index.php?rest_route=\/wp\/v2\/types\/post"}],"author":[{"embeddable":true,"href":"https:\/\/tribunadapraia.com.br\/index.php?rest_route=\/wp\/v2\/users\/1"}],"replies":[{"embeddable":true,"href":"https:\/\/tribunadapraia.com.br\/index.php?rest_route=%2Fwp%2Fv2%2Fcomments&post=2873"}],"version-history":[{"count":1,"href":"https:\/\/tribunadapraia.com.br\/index.php?rest_route=\/wp\/v2\/posts\/2873\/revisions"}],"predecessor-version":[{"id":2874,"href":"https:\/\/tribunadapraia.com.br\/index.php?rest_route=\/wp\/v2\/posts\/2873\/revisions\/2874"}],"wp:featuredmedia":[{"embeddable":true,"href":"https:\/\/tribunadapraia.com.br\/index.php?rest_route=\/wp\/v2\/media\/2789"}],"wp:attachment":[{"href":"https:\/\/tribunadapraia.com.br\/index.php?rest_route=%2Fwp%2Fv2%2Fmedia&parent=2873"}],"wp:term":[{"taxonomy":"category","embeddable":true,"href":"https:\/\/tribunadapraia.com.br\/index.php?rest_route=%2Fwp%2Fv2%2Fcategories&post=2873"},{"taxonomy":"post_tag","embeddable":true,"href":"https:\/\/tribunadapraia.com.br\/index.php?rest_route=%2Fwp%2Fv2%2Ftags&post=2873"}],"curies":[{"name":"wp","href":"https:\/\/api.w.org\/{rel}","templated":true}]}}