{"id":2870,"date":"2021-07-30T09:15:15","date_gmt":"2021-07-30T12:15:15","guid":{"rendered":"https:\/\/tribunadapraia.com.br\/?p=2870"},"modified":"2021-07-30T09:16:24","modified_gmt":"2021-07-30T12:16:24","slug":"tragedia-anunciada-cinemateca-brasileira-trabalhadores-alertam-para-risco-de-incendio-ha-mais-de-um-ano","status":"publish","type":"post","link":"https:\/\/tribunadapraia.com.br\/?p=2870","title":{"rendered":"TRAG\u00c9DIA ANUNCIADA: Cinemateca Brasileira: trabalhadores alertam para risco de inc\u00eandio h\u00e1 mais de um ano"},"content":{"rendered":"<p>Em abril deste ano, os funcion\u00e1rios voltaram a se mobilizar pela preserva\u00e7\u00e3o do maior acervo da Am\u00e9rica do Sul<\/p>\n<p>Integrantes do movimento S.O.S Cinemateca tamb\u00e9m foram \u00e0 manifesta\u00e7\u00e3o da Avenida Paulista no \u00faltimo s\u00e1bado (24) &#8211; SOS Cinemateca<\/p>\n<p>Um inc\u00eandio no in\u00edcio da noite desta quinta-feira (29)\u00a0atingiu o galp\u00e3o da Cinemateca Brasileira\u00a0e parte do\u00a0maior acervo de imagens em movimento da Am\u00e9rica do Sul foi consumida pelas chamas. O Corpo de Bombeiros recebeu chamado por volta das 18h e enviou 11 viaturas at\u00e9 o local.<\/p>\n<p>&#8220;A possibilidade de autocombust\u00e3o das pel\u00edculas em nitrato de celulose, e o consequente risco de inc\u00eandio frequentemente recebem mais aten\u00e7\u00e3o da m\u00eddia e do p\u00fablico. A institui\u00e7\u00e3o enfrentou quatro inc\u00eandios em seus 74 anos, sendo o \u00faltimo em 2016, com a destrui\u00e7\u00e3o de cerca de 500 obras. O risco de um novo inc\u00eandio \u00e9 real&#8221;,\u00a0alertaram os trabalhadores da institui\u00e7\u00e3o em abril deste ano.<br \/>\nO acervo \u00e9 constitu\u00eddo por 250 mil rolos de filmes, alguns compostos por nitrato de celulose, que podem entrar em autocombust\u00e3o caso n\u00e3o sejam mantidas as condi\u00e7\u00f5es de refrigera\u00e7\u00e3o. Esse alerta\u00a0vem sendo feito pelos trabalhadores da institui\u00e7\u00e3o desde 2020, mas nenhuma medida foi tomada pela Secretaria de Cultura do governo de Jair Bolsonaro (sem partido).<br \/>\n\u201cN\u00e3o h\u00e1 corpo t\u00e9cnico contratado, o acervo segue desacompanhado e n\u00e3o h\u00e1 qualquer informa\u00e7\u00e3o sobre suas condi\u00e7\u00f5es. Por esse motivo, lan\u00e7amos um alerta acerca dos riscos que correm o acervo, os equipamentos, as bases de dados e a edifica\u00e7\u00e3o da institui\u00e7\u00e3o\u201d, diz a carta endere\u00e7ada ao atual secret\u00e1rio especial de Cultura, Mario Frias. N\u00e3o houve resposta.<br \/>\nIntegrantes do movimento S.O.S Cinemateca tamb\u00e9m foram \u00e0 manifesta\u00e7\u00e3o da Avenida Paulista no \u00faltimo s\u00e1bado (24) para alertar sobre os riscos, cada vez mais iminentes, de inc\u00eandio.<br \/>\nEnquanto as chamas consomem o acervo, que cont\u00e9m entre outros itens a biblioteca de Glauber Rocha, grande parte do acervo da Embrafilme e o Acervo Paulo Em\u00edlio Salles Gomes, o secret\u00e1rio especial de Cultura, Mario\u00a0Frias e Andr\u00e9 Porciuncula, n\u00famero dois da secretaria, est\u00e3o na It\u00e1lia para a Confer\u00eancia dos Ministros da Cultura do G20, assim como o Ministro do Turismo, Gilson Machado, a quem a secretaria \u00e9 ligada hierarquicamente, segundo informou a coluna\u00a0Painel\u00a0do jornal\u00a0\u00a0Folha de S. Paulo.<\/p>\n<p>Em nota enviada \u00e0 imprensa na noite desta quinta-feira (29), a Secretaria Especial de Cultura diz que &#8220;lamenta profundamente e acompanha de perto o inc\u00eandio que atinge um galp\u00e3o da Cinemateca Brasileira, em S\u00e3o Paulo (SP)&#8221;. A secretaria afirma ainda que &#8220;todo o sistema de climatiza\u00e7\u00e3o do espa\u00e7o passou por manuten\u00e7\u00e3o h\u00e1 cerca de um m\u00eas&#8221;.<\/p>\n<p>&#8220;A Secretaria j\u00e1 solicitou apoio \u00e0 Pol\u00edcia Federal para investiga\u00e7\u00e3o das causas do inc\u00eandio e s\u00f3 ap\u00f3s o seu controle total pelo Corpo de Bombeiros que atua no local poder\u00e1 determinar o impacto e as a\u00e7\u00f5es necess\u00e1rias para uma eventual recupera\u00e7\u00e3o do acervo e, tamb\u00e9m, do espa\u00e7o f\u00edsico. Por fim, o governo federal, por meio da secretaria, reafirma o seu compromisso com o espa\u00e7o e com a manuten\u00e7\u00e3o de sua hist\u00f3ria&#8221;, diz o texto.<\/p>\n<p>Por Reda\u00e7\u00e3o | Brasil de Fato<\/p>\n","protected":false},"excerpt":{"rendered":"<p>Em abril deste ano, os funcion\u00e1rios voltaram a se mobilizar pela preserva\u00e7\u00e3o do maior acervo da Am\u00e9rica do Sul Integrantes do movimento S.O.S Cinemateca tamb\u00e9m foram \u00e0 manifesta\u00e7\u00e3o da Avenida Paulista no \u00faltimo s\u00e1bado (24) &#8211; SOS Cinemateca Um inc\u00eandio no in\u00edcio da noite desta quinta-feira (29)\u00a0atingiu o galp\u00e3o da Cinemateca Brasileira\u00a0e parte do\u00a0maior acervo de imagens em movimento da Am\u00e9rica do Sul foi consumida pelas chamas. O Corpo de<\/p>\n","protected":false},"author":1,"featured_media":2871,"comment_status":"open","ping_status":"open","sticky":false,"template":"","format":"standard","meta":[],"categories":[18],"tags":[],"yoast_head":"<!-- This site is optimized with the Yoast SEO plugin v16.3 - https:\/\/yoast.com\/wordpress\/plugins\/seo\/ -->\n<title>TRAG\u00c9DIA ANUNCIADA: Cinemateca Brasileira: trabalhadores alertam para risco de inc\u00eandio h\u00e1 mais de um ano - TRIBUNA DA PRAIA<\/title>\n<meta name=\"robots\" content=\"index, follow, max-snippet:-1, max-image-preview:large, max-video-preview:-1\" \/>\n<link rel=\"canonical\" href=\"https:\/\/tribunadapraia.com.br\/?p=2870\" \/>\n<meta property=\"og:locale\" content=\"pt_BR\" \/>\n<meta property=\"og:type\" content=\"article\" \/>\n<meta property=\"og:title\" content=\"TRAG\u00c9DIA ANUNCIADA: Cinemateca Brasileira: trabalhadores alertam para risco de inc\u00eandio h\u00e1 mais de um ano - TRIBUNA DA PRAIA\" \/>\n<meta property=\"og:description\" content=\"Em abril deste ano, os funcion\u00e1rios voltaram a se mobilizar pela preserva\u00e7\u00e3o do maior acervo da Am\u00e9rica do Sul Integrantes do movimento S.O.S Cinemateca tamb\u00e9m foram \u00e0 manifesta\u00e7\u00e3o da Avenida Paulista no \u00faltimo s\u00e1bado (24) &#8211; SOS Cinemateca Um inc\u00eandio no in\u00edcio da noite desta quinta-feira (29)\u00a0atingiu o galp\u00e3o da Cinemateca Brasileira\u00a0e parte do\u00a0maior acervo de imagens em movimento da Am\u00e9rica do Sul foi consumida pelas chamas. O Corpo de\" \/>\n<meta property=\"og:url\" content=\"https:\/\/tribunadapraia.com.br\/?p=2870\" \/>\n<meta property=\"og:site_name\" content=\"TRIBUNA DA PRAIA\" \/>\n<meta property=\"article:publisher\" content=\"https:\/\/www.facebook.com\/tribunadapraiaonline\/\" \/>\n<meta property=\"article:published_time\" content=\"2021-07-30T12:15:15+00:00\" \/>\n<meta property=\"article:modified_time\" content=\"2021-07-30T12:16:24+00:00\" \/>\n<meta property=\"og:image\" content=\"https:\/\/tribunadapraia.com.br\/wp-content\/uploads\/2021\/07\/image_processing20210729-16398-14mqk49.jpeg\" \/>\n\t<meta property=\"og:image:width\" content=\"800\" \/>\n\t<meta property=\"og:image:height\" content=\"600\" \/>\n<meta name=\"twitter:card\" content=\"summary_large_image\" \/>\n<meta name=\"twitter:creator\" content=\"@Claudomir21\" \/>\n<meta name=\"twitter:site\" content=\"@Claudomir21\" \/>\n<meta name=\"twitter:label1\" content=\"Est. tempo de leitura\">\n\t<meta name=\"twitter:data1\" content=\"3 minutos\">\n<script type=\"application\/ld+json\" class=\"yoast-schema-graph\">{\"@context\":\"https:\/\/schema.org\",\"@graph\":[{\"@type\":\"Organization\",\"@id\":\"https:\/\/tribunadapraia.com.br\/#organization\",\"name\":\"Tribuna da Praia\",\"url\":\"https:\/\/tribunadapraia.com.br\/\",\"sameAs\":[\"https:\/\/www.facebook.com\/tribunadapraiaonline\/\",\"https:\/\/www.instagram.com\/claudomirtavares\/\",\"https:\/\/www.youtube.com\/channel\/UCwQf80nxiMzCefAyjbp53Rw\",\"https:\/\/twitter.com\/Claudomir21\"],\"logo\":{\"@type\":\"ImageObject\",\"@id\":\"https:\/\/tribunadapraia.com.br\/#logo\",\"inLanguage\":\"pt-BR\",\"url\":\"https:\/\/tribunadapraia.com.br\/wp-content\/uploads\/2020\/02\/logo.png\",\"contentUrl\":\"https:\/\/tribunadapraia.com.br\/wp-content\/uploads\/2020\/02\/logo.png\",\"width\":501,\"height\":121,\"caption\":\"Tribuna da Praia\"},\"image\":{\"@id\":\"https:\/\/tribunadapraia.com.br\/#logo\"}},{\"@type\":\"WebSite\",\"@id\":\"https:\/\/tribunadapraia.com.br\/#website\",\"url\":\"https:\/\/tribunadapraia.com.br\/\",\"name\":\"TRIBUNA DA PRAIA\",\"description\":\"O 1\\u00ba jornal do interior de Sergipe na internet\",\"publisher\":{\"@id\":\"https:\/\/tribunadapraia.com.br\/#organization\"},\"potentialAction\":[{\"@type\":\"SearchAction\",\"target\":\"https:\/\/tribunadapraia.com.br\/?s={search_term_string}\",\"query-input\":\"required name=search_term_string\"}],\"inLanguage\":\"pt-BR\"},{\"@type\":\"ImageObject\",\"@id\":\"https:\/\/tribunadapraia.com.br\/?p=2870#primaryimage\",\"inLanguage\":\"pt-BR\",\"url\":\"https:\/\/tribunadapraia.com.br\/wp-content\/uploads\/2021\/07\/image_processing20210729-16398-14mqk49.jpeg\",\"contentUrl\":\"https:\/\/tribunadapraia.com.br\/wp-content\/uploads\/2021\/07\/image_processing20210729-16398-14mqk49.jpeg\",\"width\":800,\"height\":600},{\"@type\":\"WebPage\",\"@id\":\"https:\/\/tribunadapraia.com.br\/?p=2870#webpage\",\"url\":\"https:\/\/tribunadapraia.com.br\/?p=2870\",\"name\":\"TRAG\\u00c9DIA ANUNCIADA: Cinemateca Brasileira: trabalhadores alertam para risco de inc\\u00eandio h\\u00e1 mais de um ano - TRIBUNA DA PRAIA\",\"isPartOf\":{\"@id\":\"https:\/\/tribunadapraia.com.br\/#website\"},\"primaryImageOfPage\":{\"@id\":\"https:\/\/tribunadapraia.com.br\/?p=2870#primaryimage\"},\"datePublished\":\"2021-07-30T12:15:15+00:00\",\"dateModified\":\"2021-07-30T12:16:24+00:00\",\"breadcrumb\":{\"@id\":\"https:\/\/tribunadapraia.com.br\/?p=2870#breadcrumb\"},\"inLanguage\":\"pt-BR\",\"potentialAction\":[{\"@type\":\"ReadAction\",\"target\":[\"https:\/\/tribunadapraia.com.br\/?p=2870\"]}]},{\"@type\":\"BreadcrumbList\",\"@id\":\"https:\/\/tribunadapraia.com.br\/?p=2870#breadcrumb\",\"itemListElement\":[{\"@type\":\"ListItem\",\"position\":1,\"item\":{\"@type\":\"WebPage\",\"@id\":\"https:\/\/tribunadapraia.com.br\/\",\"url\":\"https:\/\/tribunadapraia.com.br\/\",\"name\":\"In\\u00edcio\"}},{\"@type\":\"ListItem\",\"position\":2,\"item\":{\"@id\":\"https:\/\/tribunadapraia.com.br\/?p=2870#webpage\"}}]},{\"@type\":\"Article\",\"@id\":\"https:\/\/tribunadapraia.com.br\/?p=2870#article\",\"isPartOf\":{\"@id\":\"https:\/\/tribunadapraia.com.br\/?p=2870#webpage\"},\"author\":{\"@id\":\"https:\/\/tribunadapraia.com.br\/#\/schema\/person\/326b0a9f3163b479142c64eba4928de0\"},\"headline\":\"TRAG\\u00c9DIA ANUNCIADA: Cinemateca Brasileira: trabalhadores alertam para risco de inc\\u00eandio h\\u00e1 mais de um ano\",\"datePublished\":\"2021-07-30T12:15:15+00:00\",\"dateModified\":\"2021-07-30T12:16:24+00:00\",\"mainEntityOfPage\":{\"@id\":\"https:\/\/tribunadapraia.com.br\/?p=2870#webpage\"},\"wordCount\":580,\"commentCount\":0,\"publisher\":{\"@id\":\"https:\/\/tribunadapraia.com.br\/#organization\"},\"image\":{\"@id\":\"https:\/\/tribunadapraia.com.br\/?p=2870#primaryimage\"},\"thumbnailUrl\":\"https:\/\/tribunadapraia.com.br\/wp-content\/uploads\/2021\/07\/image_processing20210729-16398-14mqk49.jpeg\",\"articleSection\":[\"Not\\u00edcias\"],\"inLanguage\":\"pt-BR\",\"potentialAction\":[{\"@type\":\"CommentAction\",\"name\":\"Comment\",\"target\":[\"https:\/\/tribunadapraia.com.br\/?p=2870#respond\"]}]},{\"@type\":\"Person\",\"@id\":\"https:\/\/tribunadapraia.com.br\/#\/schema\/person\/326b0a9f3163b479142c64eba4928de0\",\"name\":\"tribunadapraia\",\"image\":{\"@type\":\"ImageObject\",\"@id\":\"https:\/\/tribunadapraia.com.br\/#personlogo\",\"inLanguage\":\"pt-BR\",\"url\":\"https:\/\/secure.gravatar.com\/avatar\/38b019c74762496076b7355024a0dad9?s=96&d=identicon&r=g\",\"contentUrl\":\"https:\/\/secure.gravatar.com\/avatar\/38b019c74762496076b7355024a0dad9?s=96&d=identicon&r=g\",\"caption\":\"tribunadapraia\"}}]}<\/script>\n<!-- \/ Yoast SEO plugin. -->","wps_subtitle":"","_links":{"self":[{"href":"https:\/\/tribunadapraia.com.br\/index.php?rest_route=\/wp\/v2\/posts\/2870"}],"collection":[{"href":"https:\/\/tribunadapraia.com.br\/index.php?rest_route=\/wp\/v2\/posts"}],"about":[{"href":"https:\/\/tribunadapraia.com.br\/index.php?rest_route=\/wp\/v2\/types\/post"}],"author":[{"embeddable":true,"href":"https:\/\/tribunadapraia.com.br\/index.php?rest_route=\/wp\/v2\/users\/1"}],"replies":[{"embeddable":true,"href":"https:\/\/tribunadapraia.com.br\/index.php?rest_route=%2Fwp%2Fv2%2Fcomments&post=2870"}],"version-history":[{"count":1,"href":"https:\/\/tribunadapraia.com.br\/index.php?rest_route=\/wp\/v2\/posts\/2870\/revisions"}],"predecessor-version":[{"id":2872,"href":"https:\/\/tribunadapraia.com.br\/index.php?rest_route=\/wp\/v2\/posts\/2870\/revisions\/2872"}],"wp:featuredmedia":[{"embeddable":true,"href":"https:\/\/tribunadapraia.com.br\/index.php?rest_route=\/wp\/v2\/media\/2871"}],"wp:attachment":[{"href":"https:\/\/tribunadapraia.com.br\/index.php?rest_route=%2Fwp%2Fv2%2Fmedia&parent=2870"}],"wp:term":[{"taxonomy":"category","embeddable":true,"href":"https:\/\/tribunadapraia.com.br\/index.php?rest_route=%2Fwp%2Fv2%2Fcategories&post=2870"},{"taxonomy":"post_tag","embeddable":true,"href":"https:\/\/tribunadapraia.com.br\/index.php?rest_route=%2Fwp%2Fv2%2Ftags&post=2870"}],"curies":[{"name":"wp","href":"https:\/\/api.w.org\/{rel}","templated":true}]}}