{"id":2862,"date":"2021-07-26T08:20:40","date_gmt":"2021-07-26T11:20:40","guid":{"rendered":"https:\/\/tribunadapraia.com.br\/?p=2862"},"modified":"2021-07-26T08:21:36","modified_gmt":"2021-07-26T11:21:36","slug":"mst-sergipe-celebra-o-dia-do-trabalhador-e-da-trabalhadora-rural-em-ato-contra-a-fome","status":"publish","type":"post","link":"https:\/\/tribunadapraia.com.br\/?p=2862","title":{"rendered":"MST Sergipe celebra o DIA DO TRABALHADOR E DA TRABALHADORA RURAL em ato contra a fome"},"content":{"rendered":"<p>Cerca de 50 toneladas de alimentos do campo foram distribu\u00eddas para movimentos sociais e entidades no munic\u00edpio de Aracaju<\/p>\n<p>No dia 24 de julho, em celebra\u00e7\u00e3o ao Dia do Trabalhador e da Trabalhadora Rural, as organiza\u00e7\u00f5es que atuam no campo sergipano promoveram um grande ato de solidariedade com a doa\u00e7\u00e3o de cerca de 50 toneladas de alimentos oriundas de assentamentos de reforma agr\u00e1ria e comunidades camponesas. O ato tem o objetivo de ajudar as diversas fam\u00edlias em situa\u00e7\u00e3o de vulnerabilidade na grande Aracaju. A a\u00e7\u00e3o aconteceu na pra\u00e7a do Mercado Central, em Aracaju, e foi tamb\u00e9m um protesto a favor do acesso aos alimentos para todos, do aux\u00edlio emergencial e da vacina, e contra a fome, o desemprego, as reformas e o genoc\u00eddio promovidos pelo governo Bolsonaro diante da pandemia da COVID-19.<\/p>\n<p><img loading=\"lazy\" class=\"alignnone size-medium wp-image-2864\" src=\"https:\/\/tribunadapraia.com.br\/wp-content\/uploads\/2021\/07\/IMG-20210726-WA0002-300x196.jpg\" alt=\"\" width=\"300\" height=\"196\" srcset=\"https:\/\/tribunadapraia.com.br\/wp-content\/uploads\/2021\/07\/IMG-20210726-WA0002-300x196.jpg 300w, https:\/\/tribunadapraia.com.br\/wp-content\/uploads\/2021\/07\/IMG-20210726-WA0002-1024x668.jpg 1024w, https:\/\/tribunadapraia.com.br\/wp-content\/uploads\/2021\/07\/IMG-20210726-WA0002-768x501.jpg 768w, https:\/\/tribunadapraia.com.br\/wp-content\/uploads\/2021\/07\/IMG-20210726-WA0002.jpg 1280w\" sizes=\"(max-width: 300px) 100vw, 300px\" \/><\/p>\n<p>De acordo com Jos\u00e9 Roberto, da Dire\u00e7\u00e3o Nacional do Movimento dos Trabalhadores Rurais Sem Terra &#8211; MST, o dia 24 de julho \u00e9 um grande ato de solidariedade pela vida. \u201cN\u00f3s fizemos esse ato porque acreditamos que a solidariedade \u00e9 muito importante para aqueles que precisam, para aqueles que lutam, e que s\u00e3o aniquilados pela pol\u00edtica desse governo. \u00c9 por isso que estamos aqui. O governo n\u00e3o garantiu o aux\u00edlio emergencial para a popula\u00e7\u00e3o, n\u00e3o tem pol\u00edtica t\u00e9cnica para os agricultores, n\u00f3s, do campo, sofremos tamb\u00e9m com a pol\u00edtica desse governo, portanto, \u00e9 muito importante prestar solidariedade \u00e0s pessoas que mais precisam e que s\u00e3o nossas parceiras nessa batalha por vacina, por comida, por emprego, por educa\u00e7\u00e3o, e n\u00f3s acreditamos que \u00e9 poss\u00edvel garantir essas pol\u00edticas para o nosso povo\u201d, afirmou.<\/p>\n<p><img loading=\"lazy\" class=\"alignnone size-medium wp-image-2865\" src=\"https:\/\/tribunadapraia.com.br\/wp-content\/uploads\/2021\/07\/IMG-20210726-WA0003-300x200.jpg\" alt=\"\" width=\"300\" height=\"200\" srcset=\"https:\/\/tribunadapraia.com.br\/wp-content\/uploads\/2021\/07\/IMG-20210726-WA0003-300x200.jpg 300w, https:\/\/tribunadapraia.com.br\/wp-content\/uploads\/2021\/07\/IMG-20210726-WA0003-1024x683.jpg 1024w, https:\/\/tribunadapraia.com.br\/wp-content\/uploads\/2021\/07\/IMG-20210726-WA0003-768x512.jpg 768w, https:\/\/tribunadapraia.com.br\/wp-content\/uploads\/2021\/07\/IMG-20210726-WA0003-600x400.jpg 600w, https:\/\/tribunadapraia.com.br\/wp-content\/uploads\/2021\/07\/IMG-20210726-WA0003-272x182.jpg 272w, https:\/\/tribunadapraia.com.br\/wp-content\/uploads\/2021\/07\/IMG-20210726-WA0003.jpg 1124w\" sizes=\"(max-width: 300px) 100vw, 300px\" \/><\/p>\n<p>A vereadora de Aracaju, professora \u00c2ngela Melo, esteve no ato prestando apoio e destacou que esse \u00e9 um dos momentos mais dif\u00edceis vivenciados pelo povo brasileiro. \u201cQuando n\u00f3s falamos em genocida, n\u00f3s falamos de quem mata, de quem assassina porque n\u00e3o h\u00e1 pol\u00edtica, porque em vez de vacina, priorizou a burguesia desse pa\u00eds. \u00c9 por isso que precisamos estar sempre dialogando com os movimentos sociais e mostrar que o produtor e produtora rural \u00e9 quem faz a partilha, n\u00e3o vem da burguesia o partilhar, pois a burguesia n\u00e3o entende quem \u00e9 solid\u00e1rio. Esse ato de partilha, de produzir no campo e trazer para a cidade o alimento que d\u00e1 a vida \u00e9 motivo de muita celebra\u00e7\u00e3o e esperan\u00e7a de dias melhores\u201d, disse.<\/p>\n<p>Al\u00e9m de autoridades municipais, estiveram presentes representantes de 12 entidades, entre movimentos de ocupa\u00e7\u00f5es urbanas, comunidades religiosas e povos de terreiro. Felipe Caetano, do Movimento Campon\u00eas Popular \u2013 MCP, ressaltou a resist\u00eancia dos povos do campo diante da situa\u00e7\u00e3o alarmante em que se encontra o Brasil. \u201cAs organiza\u00e7\u00f5es do campo historicamente t\u00eam o papel de produzir o alimento, digno e saud\u00e1vel, e esse papel a cada dia tem sido aniquilado por esse desgoverno, que tenta nos subjugar para ceder aos interesses do agroneg\u00f3cio e grandes corpora\u00e7\u00f5es, mas seguimos resistindo, garantindo o alimento na mesa do povo. S\u00e3o mais de 20 milh\u00f5es de pessoas passando fome, e 50 % da popula\u00e7\u00e3o brasileira que se alimenta, se alimenta mal, ent\u00e3o as organiza\u00e7\u00f5es do campo est\u00e3o fazendo esse ato de solidariedade trazendo o alimento para ser distribu\u00eddo para aqueles que mais precisam em uma a\u00e7\u00e3o solid\u00e1ria, a partir da doa\u00e7\u00e3o dos povos do campo\u201d.<\/p>\n<p>Segundo dados de dezembro de 2020 do Indicador de Preval\u00eancia de Subalimenta\u00e7\u00e3o, da FAO-ONU, a inseguran\u00e7a alimentar atingiu 59,4% dos domic\u00edlios brasileiros, sendo 15% em situa\u00e7\u00e3o de inseguran\u00e7a alimentar grave. \u201cNos \u00faltimos tempos, as pol\u00edticas p\u00fablicas para a produ\u00e7\u00e3o de alimentos acabaram, assim como na cidade, que tamb\u00e9m foram retirados os direitos das classes trabalhadoras, mas no campo \u00e9 muito pior, porque o trabalhador do campo depende n\u00e3o s\u00f3 das pol\u00edticas p\u00fablicas, como tamb\u00e9m do clima para produzir o alimento. A fome est\u00e1 presente em todas as partes do Brasil e \u00e9 nosso papel, dos camponeses e camponesas, de produzir o alimento, mesmo em meio a tanta dificuldade, e mesmo com toda a dificuldade, esses camponeses e camponesas trouxeram o melhor presente para doar diante desse cen\u00e1rio de fome que assola a popula\u00e7\u00e3o, que \u00e9 o alimento\u201d, concluiu Mauro Cibulsku, do Movimento dos Pequenos Agricultores \u2013 MPA.<\/p>\n<p>Durante a ocasi\u00e3o, 5 mil mudas foram distribu\u00eddas para as comunidades e entidades presentes. As mudas foram doadas pela Companhia Hidrel\u00e9trica do S\u00e3o Francisco- Chesf, uma a\u00e7\u00e3o que faz parte da campanha nacional: Plantar \u00c1rvores, Produzir Alimentos Saud\u00e1veis. Al\u00e9m disso, houve tamb\u00e9m a b\u00ean\u00e7\u00e3o dos alimentos feita pelo Padre Soares, Padre Givanildo e Pastor Andr\u00e9 Bender. \u201cEsse \u00e9 um projeto que carrega a palavra de Deus, feito com muito suor por trabalhadores e trabalhadoras que com muito esfor\u00e7o est\u00e3o trazendo o alimento para alimentar o povo, e n\u00f3s temos a obriga\u00e7\u00e3o de nos somar a essa proposta de preserva\u00e7\u00e3o da vida, atrav\u00e9s do ato de matar a fome daqueles que mais necessitam\u201d, declarou o Padre Soares.<\/p>\n<p>Por D\u00edjna Torres | Fotos Marcio Garcez<\/p>\n","protected":false},"excerpt":{"rendered":"<p>Cerca de 50 toneladas de alimentos do campo foram distribu\u00eddas para movimentos sociais e entidades no munic\u00edpio de Aracaju No dia 24 de julho, em celebra\u00e7\u00e3o ao Dia do Trabalhador e da Trabalhadora Rural, as organiza\u00e7\u00f5es que atuam no campo sergipano promoveram um grande ato de solidariedade com a doa\u00e7\u00e3o de cerca de 50 toneladas de alimentos oriundas de assentamentos de reforma agr\u00e1ria e comunidades camponesas. O ato tem o<\/p>\n","protected":false},"author":1,"featured_media":2863,"comment_status":"open","ping_status":"open","sticky":false,"template":"","format":"standard","meta":[],"categories":[18],"tags":[],"yoast_head":"<!-- This site is optimized with the Yoast SEO plugin v16.3 - https:\/\/yoast.com\/wordpress\/plugins\/seo\/ -->\n<title>MST Sergipe celebra o DIA DO TRABALHADOR E DA TRABALHADORA RURAL em ato contra a fome - TRIBUNA DA PRAIA<\/title>\n<meta name=\"robots\" content=\"index, follow, max-snippet:-1, max-image-preview:large, max-video-preview:-1\" \/>\n<link rel=\"canonical\" href=\"https:\/\/tribunadapraia.com.br\/?p=2862\" \/>\n<meta property=\"og:locale\" content=\"pt_BR\" \/>\n<meta property=\"og:type\" content=\"article\" \/>\n<meta property=\"og:title\" content=\"MST Sergipe celebra o DIA DO TRABALHADOR E DA TRABALHADORA RURAL em ato contra a fome - TRIBUNA DA PRAIA\" \/>\n<meta property=\"og:description\" content=\"Cerca de 50 toneladas de alimentos do campo foram distribu\u00eddas para movimentos sociais e entidades no munic\u00edpio de Aracaju No dia 24 de julho, em celebra\u00e7\u00e3o ao Dia do Trabalhador e da Trabalhadora Rural, as organiza\u00e7\u00f5es que atuam no campo sergipano promoveram um grande ato de solidariedade com a doa\u00e7\u00e3o de cerca de 50 toneladas de alimentos oriundas de assentamentos de reforma agr\u00e1ria e comunidades camponesas. O ato tem o\" \/>\n<meta property=\"og:url\" content=\"https:\/\/tribunadapraia.com.br\/?p=2862\" \/>\n<meta property=\"og:site_name\" content=\"TRIBUNA DA PRAIA\" \/>\n<meta property=\"article:publisher\" content=\"https:\/\/www.facebook.com\/tribunadapraiaonline\/\" \/>\n<meta property=\"article:published_time\" content=\"2021-07-26T11:20:40+00:00\" \/>\n<meta property=\"article:modified_time\" content=\"2021-07-26T11:21:36+00:00\" \/>\n<meta property=\"og:image\" content=\"https:\/\/tribunadapraia.com.br\/wp-content\/uploads\/2021\/07\/IMG-20210726-WA0001.jpg\" \/>\n\t<meta property=\"og:image:width\" content=\"1124\" \/>\n\t<meta property=\"og:image:height\" content=\"750\" \/>\n<meta name=\"twitter:card\" content=\"summary_large_image\" \/>\n<meta name=\"twitter:creator\" content=\"@Claudomir21\" \/>\n<meta name=\"twitter:site\" content=\"@Claudomir21\" \/>\n<meta name=\"twitter:label1\" content=\"Est. tempo de leitura\">\n\t<meta name=\"twitter:data1\" content=\"4 minutos\">\n<script type=\"application\/ld+json\" class=\"yoast-schema-graph\">{\"@context\":\"https:\/\/schema.org\",\"@graph\":[{\"@type\":\"Organization\",\"@id\":\"https:\/\/tribunadapraia.com.br\/#organization\",\"name\":\"Tribuna da Praia\",\"url\":\"https:\/\/tribunadapraia.com.br\/\",\"sameAs\":[\"https:\/\/www.facebook.com\/tribunadapraiaonline\/\",\"https:\/\/www.instagram.com\/claudomirtavares\/\",\"https:\/\/www.youtube.com\/channel\/UCwQf80nxiMzCefAyjbp53Rw\",\"https:\/\/twitter.com\/Claudomir21\"],\"logo\":{\"@type\":\"ImageObject\",\"@id\":\"https:\/\/tribunadapraia.com.br\/#logo\",\"inLanguage\":\"pt-BR\",\"url\":\"https:\/\/tribunadapraia.com.br\/wp-content\/uploads\/2020\/02\/logo.png\",\"contentUrl\":\"https:\/\/tribunadapraia.com.br\/wp-content\/uploads\/2020\/02\/logo.png\",\"width\":501,\"height\":121,\"caption\":\"Tribuna da Praia\"},\"image\":{\"@id\":\"https:\/\/tribunadapraia.com.br\/#logo\"}},{\"@type\":\"WebSite\",\"@id\":\"https:\/\/tribunadapraia.com.br\/#website\",\"url\":\"https:\/\/tribunadapraia.com.br\/\",\"name\":\"TRIBUNA DA PRAIA\",\"description\":\"O 1\\u00ba jornal do interior de Sergipe na internet\",\"publisher\":{\"@id\":\"https:\/\/tribunadapraia.com.br\/#organization\"},\"potentialAction\":[{\"@type\":\"SearchAction\",\"target\":\"https:\/\/tribunadapraia.com.br\/?s={search_term_string}\",\"query-input\":\"required name=search_term_string\"}],\"inLanguage\":\"pt-BR\"},{\"@type\":\"ImageObject\",\"@id\":\"https:\/\/tribunadapraia.com.br\/?p=2862#primaryimage\",\"inLanguage\":\"pt-BR\",\"url\":\"https:\/\/tribunadapraia.com.br\/wp-content\/uploads\/2021\/07\/IMG-20210726-WA0001.jpg\",\"contentUrl\":\"https:\/\/tribunadapraia.com.br\/wp-content\/uploads\/2021\/07\/IMG-20210726-WA0001.jpg\",\"width\":1124,\"height\":750},{\"@type\":\"WebPage\",\"@id\":\"https:\/\/tribunadapraia.com.br\/?p=2862#webpage\",\"url\":\"https:\/\/tribunadapraia.com.br\/?p=2862\",\"name\":\"MST Sergipe celebra o DIA DO TRABALHADOR E DA TRABALHADORA RURAL em ato contra a fome - TRIBUNA DA PRAIA\",\"isPartOf\":{\"@id\":\"https:\/\/tribunadapraia.com.br\/#website\"},\"primaryImageOfPage\":{\"@id\":\"https:\/\/tribunadapraia.com.br\/?p=2862#primaryimage\"},\"datePublished\":\"2021-07-26T11:20:40+00:00\",\"dateModified\":\"2021-07-26T11:21:36+00:00\",\"breadcrumb\":{\"@id\":\"https:\/\/tribunadapraia.com.br\/?p=2862#breadcrumb\"},\"inLanguage\":\"pt-BR\",\"potentialAction\":[{\"@type\":\"ReadAction\",\"target\":[\"https:\/\/tribunadapraia.com.br\/?p=2862\"]}]},{\"@type\":\"BreadcrumbList\",\"@id\":\"https:\/\/tribunadapraia.com.br\/?p=2862#breadcrumb\",\"itemListElement\":[{\"@type\":\"ListItem\",\"position\":1,\"item\":{\"@type\":\"WebPage\",\"@id\":\"https:\/\/tribunadapraia.com.br\/\",\"url\":\"https:\/\/tribunadapraia.com.br\/\",\"name\":\"In\\u00edcio\"}},{\"@type\":\"ListItem\",\"position\":2,\"item\":{\"@id\":\"https:\/\/tribunadapraia.com.br\/?p=2862#webpage\"}}]},{\"@type\":\"Article\",\"@id\":\"https:\/\/tribunadapraia.com.br\/?p=2862#article\",\"isPartOf\":{\"@id\":\"https:\/\/tribunadapraia.com.br\/?p=2862#webpage\"},\"author\":{\"@id\":\"https:\/\/tribunadapraia.com.br\/#\/schema\/person\/326b0a9f3163b479142c64eba4928de0\"},\"headline\":\"MST Sergipe celebra o DIA DO TRABALHADOR E DA TRABALHADORA RURAL em ato contra a fome\",\"datePublished\":\"2021-07-26T11:20:40+00:00\",\"dateModified\":\"2021-07-26T11:21:36+00:00\",\"mainEntityOfPage\":{\"@id\":\"https:\/\/tribunadapraia.com.br\/?p=2862#webpage\"},\"wordCount\":888,\"commentCount\":0,\"publisher\":{\"@id\":\"https:\/\/tribunadapraia.com.br\/#organization\"},\"image\":{\"@id\":\"https:\/\/tribunadapraia.com.br\/?p=2862#primaryimage\"},\"thumbnailUrl\":\"https:\/\/tribunadapraia.com.br\/wp-content\/uploads\/2021\/07\/IMG-20210726-WA0001.jpg\",\"articleSection\":[\"Not\\u00edcias\"],\"inLanguage\":\"pt-BR\",\"potentialAction\":[{\"@type\":\"CommentAction\",\"name\":\"Comment\",\"target\":[\"https:\/\/tribunadapraia.com.br\/?p=2862#respond\"]}]},{\"@type\":\"Person\",\"@id\":\"https:\/\/tribunadapraia.com.br\/#\/schema\/person\/326b0a9f3163b479142c64eba4928de0\",\"name\":\"tribunadapraia\",\"image\":{\"@type\":\"ImageObject\",\"@id\":\"https:\/\/tribunadapraia.com.br\/#personlogo\",\"inLanguage\":\"pt-BR\",\"url\":\"https:\/\/secure.gravatar.com\/avatar\/38b019c74762496076b7355024a0dad9?s=96&d=identicon&r=g\",\"contentUrl\":\"https:\/\/secure.gravatar.com\/avatar\/38b019c74762496076b7355024a0dad9?s=96&d=identicon&r=g\",\"caption\":\"tribunadapraia\"}}]}<\/script>\n<!-- \/ Yoast SEO plugin. -->","wps_subtitle":"","_links":{"self":[{"href":"https:\/\/tribunadapraia.com.br\/index.php?rest_route=\/wp\/v2\/posts\/2862"}],"collection":[{"href":"https:\/\/tribunadapraia.com.br\/index.php?rest_route=\/wp\/v2\/posts"}],"about":[{"href":"https:\/\/tribunadapraia.com.br\/index.php?rest_route=\/wp\/v2\/types\/post"}],"author":[{"embeddable":true,"href":"https:\/\/tribunadapraia.com.br\/index.php?rest_route=\/wp\/v2\/users\/1"}],"replies":[{"embeddable":true,"href":"https:\/\/tribunadapraia.com.br\/index.php?rest_route=%2Fwp%2Fv2%2Fcomments&post=2862"}],"version-history":[{"count":1,"href":"https:\/\/tribunadapraia.com.br\/index.php?rest_route=\/wp\/v2\/posts\/2862\/revisions"}],"predecessor-version":[{"id":2866,"href":"https:\/\/tribunadapraia.com.br\/index.php?rest_route=\/wp\/v2\/posts\/2862\/revisions\/2866"}],"wp:featuredmedia":[{"embeddable":true,"href":"https:\/\/tribunadapraia.com.br\/index.php?rest_route=\/wp\/v2\/media\/2863"}],"wp:attachment":[{"href":"https:\/\/tribunadapraia.com.br\/index.php?rest_route=%2Fwp%2Fv2%2Fmedia&parent=2862"}],"wp:term":[{"taxonomy":"category","embeddable":true,"href":"https:\/\/tribunadapraia.com.br\/index.php?rest_route=%2Fwp%2Fv2%2Fcategories&post=2862"},{"taxonomy":"post_tag","embeddable":true,"href":"https:\/\/tribunadapraia.com.br\/index.php?rest_route=%2Fwp%2Fv2%2Ftags&post=2862"}],"curies":[{"name":"wp","href":"https:\/\/api.w.org\/{rel}","templated":true}]}}