{"id":2857,"date":"2021-07-23T15:39:54","date_gmt":"2021-07-23T18:39:54","guid":{"rendered":"https:\/\/tribunadapraia.com.br\/?p=2857"},"modified":"2021-07-23T15:41:36","modified_gmt":"2021-07-23T18:41:36","slug":"edital-de-leilao-imovel-situado-a-rua-nilo-pecanha-90-em-propria-se","status":"publish","type":"post","link":"https:\/\/tribunadapraia.com.br\/?p=2857","title":{"rendered":"Edital de Leil\u00e3o: Im\u00f3vel situado a Rua Nilo Pe\u00e7anha, 90, em Propri\u00e1\/SE"},"content":{"rendered":"<p>EDITAL DE LEIL\u00c3O 75\/2021. O Ju\u00edzo da 2\u00aa Vara C\u00edvel da Comarca de Propri\u00e1\/SE, por interm\u00e9dio do \u00a0\u00a0\u00a0\u00a0\u00a0Leiloeiro Oficial ALEX WILLIAN HOPPE, torna p\u00fablico, que far\u00e1 realizar leil\u00e3o de 01 (um) im\u00f3vel, situado na Rua Nilo Pe\u00e7anha n\u00ba 90, Propri\u00e1\/SE, medindo 20,00m de largura na Frente e nos fundos, por 65,00m de comprimento, melhor descrito na matr\u00edcula n\u00b0 5.159. Avalia\u00e7\u00e3o: R$ 1.066.829,92 (um milh\u00e3o e sessenta e seis mil oitocentos e vinte e nove reais e noventa e dois centavos). Lance m\u00ednimo R$ 640.097,96 (seiscentos e quarenta mil e noventa e sete reais e noventa e seis centavos). O leil\u00e3o ocorrer\u00e1 entre os dias 03\/08\/2021 e 17\/08\/2021. Os interessados poder\u00e3o participar virtualmente atrav\u00e9s do endere\u00e7o eletr\u00f4nico: www.hoppeleiloes.com.br.<\/p>\n","protected":false},"excerpt":{"rendered":"<p>EDITAL DE LEIL\u00c3O 75\/2021. O Ju\u00edzo da 2\u00aa Vara C\u00edvel da Comarca de Propri\u00e1\/SE, por interm\u00e9dio do \u00a0\u00a0\u00a0\u00a0\u00a0Leiloeiro Oficial ALEX WILLIAN HOPPE, torna p\u00fablico, que far\u00e1 realizar leil\u00e3o de 01 (um) im\u00f3vel, situado na Rua Nilo Pe\u00e7anha n\u00ba 90, Propri\u00e1\/SE, medindo 20,00m de largura na Frente e nos fundos, por 65,00m de comprimento, melhor descrito na matr\u00edcula n\u00b0 5.159. Avalia\u00e7\u00e3o: R$ 1.066.829,92 (um milh\u00e3o e sessenta e seis mil oitocentos<\/p>\n","protected":false},"author":1,"featured_media":2858,"comment_status":"open","ping_status":"open","sticky":false,"template":"","format":"standard","meta":[],"categories":[18],"tags":[],"yoast_head":"<!-- This site is optimized with the Yoast SEO plugin v16.3 - https:\/\/yoast.com\/wordpress\/plugins\/seo\/ -->\n<title>Edital de Leil\u00e3o: Im\u00f3vel situado a Rua Nilo Pe\u00e7anha, 90, em Propri\u00e1\/SE - TRIBUNA DA PRAIA<\/title>\n<meta name=\"robots\" content=\"index, follow, max-snippet:-1, max-image-preview:large, max-video-preview:-1\" \/>\n<link rel=\"canonical\" href=\"https:\/\/tribunadapraia.com.br\/?p=2857\" \/>\n<meta property=\"og:locale\" content=\"pt_BR\" \/>\n<meta property=\"og:type\" content=\"article\" \/>\n<meta property=\"og:title\" content=\"Edital de Leil\u00e3o: Im\u00f3vel situado a Rua Nilo Pe\u00e7anha, 90, em Propri\u00e1\/SE - TRIBUNA DA PRAIA\" \/>\n<meta property=\"og:description\" content=\"EDITAL DE LEIL\u00c3O 75\/2021. O Ju\u00edzo da 2\u00aa Vara C\u00edvel da Comarca de Propri\u00e1\/SE, por interm\u00e9dio do \u00a0\u00a0\u00a0\u00a0\u00a0Leiloeiro Oficial ALEX WILLIAN HOPPE, torna p\u00fablico, que far\u00e1 realizar leil\u00e3o de 01 (um) im\u00f3vel, situado na Rua Nilo Pe\u00e7anha n\u00ba 90, Propri\u00e1\/SE, medindo 20,00m de largura na Frente e nos fundos, por 65,00m de comprimento, melhor descrito na matr\u00edcula n\u00b0 5.159. Avalia\u00e7\u00e3o: R$ 1.066.829,92 (um milh\u00e3o e sessenta e seis mil oitocentos\" \/>\n<meta property=\"og:url\" content=\"https:\/\/tribunadapraia.com.br\/?p=2857\" \/>\n<meta property=\"og:site_name\" content=\"TRIBUNA DA PRAIA\" \/>\n<meta property=\"article:publisher\" content=\"https:\/\/www.facebook.com\/tribunadapraiaonline\/\" \/>\n<meta property=\"article:published_time\" content=\"2021-07-23T18:39:54+00:00\" \/>\n<meta property=\"article:modified_time\" content=\"2021-07-23T18:41:36+00:00\" \/>\n<meta property=\"og:image\" content=\"https:\/\/tribunadapraia.com.br\/wp-content\/uploads\/2021\/07\/IMG-20210723-WA0015.jpg\" \/>\n\t<meta property=\"og:image:width\" content=\"1280\" \/>\n\t<meta property=\"og:image:height\" content=\"1221\" \/>\n<meta name=\"twitter:card\" content=\"summary_large_image\" \/>\n<meta name=\"twitter:creator\" content=\"@Claudomir21\" \/>\n<meta name=\"twitter:site\" content=\"@Claudomir21\" \/>\n<meta name=\"twitter:label1\" content=\"Est. tempo de leitura\">\n\t<meta name=\"twitter:data1\" content=\"1 minuto\">\n<script type=\"application\/ld+json\" class=\"yoast-schema-graph\">{\"@context\":\"https:\/\/schema.org\",\"@graph\":[{\"@type\":\"Organization\",\"@id\":\"https:\/\/tribunadapraia.com.br\/#organization\",\"name\":\"Tribuna da Praia\",\"url\":\"https:\/\/tribunadapraia.com.br\/\",\"sameAs\":[\"https:\/\/www.facebook.com\/tribunadapraiaonline\/\",\"https:\/\/www.instagram.com\/claudomirtavares\/\",\"https:\/\/www.youtube.com\/channel\/UCwQf80nxiMzCefAyjbp53Rw\",\"https:\/\/twitter.com\/Claudomir21\"],\"logo\":{\"@type\":\"ImageObject\",\"@id\":\"https:\/\/tribunadapraia.com.br\/#logo\",\"inLanguage\":\"pt-BR\",\"url\":\"https:\/\/tribunadapraia.com.br\/wp-content\/uploads\/2020\/02\/logo.png\",\"contentUrl\":\"https:\/\/tribunadapraia.com.br\/wp-content\/uploads\/2020\/02\/logo.png\",\"width\":501,\"height\":121,\"caption\":\"Tribuna da Praia\"},\"image\":{\"@id\":\"https:\/\/tribunadapraia.com.br\/#logo\"}},{\"@type\":\"WebSite\",\"@id\":\"https:\/\/tribunadapraia.com.br\/#website\",\"url\":\"https:\/\/tribunadapraia.com.br\/\",\"name\":\"TRIBUNA DA PRAIA\",\"description\":\"O 1\\u00ba jornal do interior de Sergipe na internet\",\"publisher\":{\"@id\":\"https:\/\/tribunadapraia.com.br\/#organization\"},\"potentialAction\":[{\"@type\":\"SearchAction\",\"target\":\"https:\/\/tribunadapraia.com.br\/?s={search_term_string}\",\"query-input\":\"required name=search_term_string\"}],\"inLanguage\":\"pt-BR\"},{\"@type\":\"ImageObject\",\"@id\":\"https:\/\/tribunadapraia.com.br\/?p=2857#primaryimage\",\"inLanguage\":\"pt-BR\",\"url\":\"https:\/\/tribunadapraia.com.br\/wp-content\/uploads\/2021\/07\/IMG-20210723-WA0015.jpg\",\"contentUrl\":\"https:\/\/tribunadapraia.com.br\/wp-content\/uploads\/2021\/07\/IMG-20210723-WA0015.jpg\",\"width\":1280,\"height\":1221},{\"@type\":\"WebPage\",\"@id\":\"https:\/\/tribunadapraia.com.br\/?p=2857#webpage\",\"url\":\"https:\/\/tribunadapraia.com.br\/?p=2857\",\"name\":\"Edital de Leil\\u00e3o: Im\\u00f3vel situado a Rua Nilo Pe\\u00e7anha, 90, em Propri\\u00e1\/SE - TRIBUNA DA PRAIA\",\"isPartOf\":{\"@id\":\"https:\/\/tribunadapraia.com.br\/#website\"},\"primaryImageOfPage\":{\"@id\":\"https:\/\/tribunadapraia.com.br\/?p=2857#primaryimage\"},\"datePublished\":\"2021-07-23T18:39:54+00:00\",\"dateModified\":\"2021-07-23T18:41:36+00:00\",\"breadcrumb\":{\"@id\":\"https:\/\/tribunadapraia.com.br\/?p=2857#breadcrumb\"},\"inLanguage\":\"pt-BR\",\"potentialAction\":[{\"@type\":\"ReadAction\",\"target\":[\"https:\/\/tribunadapraia.com.br\/?p=2857\"]}]},{\"@type\":\"BreadcrumbList\",\"@id\":\"https:\/\/tribunadapraia.com.br\/?p=2857#breadcrumb\",\"itemListElement\":[{\"@type\":\"ListItem\",\"position\":1,\"item\":{\"@type\":\"WebPage\",\"@id\":\"https:\/\/tribunadapraia.com.br\/\",\"url\":\"https:\/\/tribunadapraia.com.br\/\",\"name\":\"In\\u00edcio\"}},{\"@type\":\"ListItem\",\"position\":2,\"item\":{\"@id\":\"https:\/\/tribunadapraia.com.br\/?p=2857#webpage\"}}]},{\"@type\":\"Article\",\"@id\":\"https:\/\/tribunadapraia.com.br\/?p=2857#article\",\"isPartOf\":{\"@id\":\"https:\/\/tribunadapraia.com.br\/?p=2857#webpage\"},\"author\":{\"@id\":\"https:\/\/tribunadapraia.com.br\/#\/schema\/person\/326b0a9f3163b479142c64eba4928de0\"},\"headline\":\"Edital de Leil\\u00e3o: Im\\u00f3vel situado a Rua Nilo Pe\\u00e7anha, 90, em Propri\\u00e1\/SE\",\"datePublished\":\"2021-07-23T18:39:54+00:00\",\"dateModified\":\"2021-07-23T18:41:36+00:00\",\"mainEntityOfPage\":{\"@id\":\"https:\/\/tribunadapraia.com.br\/?p=2857#webpage\"},\"wordCount\":145,\"commentCount\":0,\"publisher\":{\"@id\":\"https:\/\/tribunadapraia.com.br\/#organization\"},\"image\":{\"@id\":\"https:\/\/tribunadapraia.com.br\/?p=2857#primaryimage\"},\"thumbnailUrl\":\"https:\/\/tribunadapraia.com.br\/wp-content\/uploads\/2021\/07\/IMG-20210723-WA0015.jpg\",\"articleSection\":[\"Not\\u00edcias\"],\"inLanguage\":\"pt-BR\",\"potentialAction\":[{\"@type\":\"CommentAction\",\"name\":\"Comment\",\"target\":[\"https:\/\/tribunadapraia.com.br\/?p=2857#respond\"]}]},{\"@type\":\"Person\",\"@id\":\"https:\/\/tribunadapraia.com.br\/#\/schema\/person\/326b0a9f3163b479142c64eba4928de0\",\"name\":\"tribunadapraia\",\"image\":{\"@type\":\"ImageObject\",\"@id\":\"https:\/\/tribunadapraia.com.br\/#personlogo\",\"inLanguage\":\"pt-BR\",\"url\":\"https:\/\/secure.gravatar.com\/avatar\/38b019c74762496076b7355024a0dad9?s=96&d=identicon&r=g\",\"contentUrl\":\"https:\/\/secure.gravatar.com\/avatar\/38b019c74762496076b7355024a0dad9?s=96&d=identicon&r=g\",\"caption\":\"tribunadapraia\"}}]}<\/script>\n<!-- \/ Yoast SEO plugin. -->","wps_subtitle":"","_links":{"self":[{"href":"https:\/\/tribunadapraia.com.br\/index.php?rest_route=\/wp\/v2\/posts\/2857"}],"collection":[{"href":"https:\/\/tribunadapraia.com.br\/index.php?rest_route=\/wp\/v2\/posts"}],"about":[{"href":"https:\/\/tribunadapraia.com.br\/index.php?rest_route=\/wp\/v2\/types\/post"}],"author":[{"embeddable":true,"href":"https:\/\/tribunadapraia.com.br\/index.php?rest_route=\/wp\/v2\/users\/1"}],"replies":[{"embeddable":true,"href":"https:\/\/tribunadapraia.com.br\/index.php?rest_route=%2Fwp%2Fv2%2Fcomments&post=2857"}],"version-history":[{"count":1,"href":"https:\/\/tribunadapraia.com.br\/index.php?rest_route=\/wp\/v2\/posts\/2857\/revisions"}],"predecessor-version":[{"id":2859,"href":"https:\/\/tribunadapraia.com.br\/index.php?rest_route=\/wp\/v2\/posts\/2857\/revisions\/2859"}],"wp:featuredmedia":[{"embeddable":true,"href":"https:\/\/tribunadapraia.com.br\/index.php?rest_route=\/wp\/v2\/media\/2858"}],"wp:attachment":[{"href":"https:\/\/tribunadapraia.com.br\/index.php?rest_route=%2Fwp%2Fv2%2Fmedia&parent=2857"}],"wp:term":[{"taxonomy":"category","embeddable":true,"href":"https:\/\/tribunadapraia.com.br\/index.php?rest_route=%2Fwp%2Fv2%2Fcategories&post=2857"},{"taxonomy":"post_tag","embeddable":true,"href":"https:\/\/tribunadapraia.com.br\/index.php?rest_route=%2Fwp%2Fv2%2Ftags&post=2857"}],"curies":[{"name":"wp","href":"https:\/\/api.w.org\/{rel}","templated":true}]}}